{"id":57919,"date":"2020-03-31T10:15:10","date_gmt":"2020-03-31T13:15:10","guid":{"rendered":"https:\/\/catolicanet.net\/wp-cnet\/?p=57919"},"modified":"2020-03-31T10:15:10","modified_gmt":"2020-03-31T13:15:10","slug":"a-santa-se-em-luto-pela-italia-e-pelo-mundo","status":"publish","type":"post","link":"https:\/\/catolicanet.net\/wp-cnet\/a-santa-se-em-luto-pela-italia-e-pelo-mundo\/","title":{"rendered":"A Santa S\u00e9 em luto pela It\u00e1lia e pelo mundo"},"content":{"rendered":"<div class=\"article__subTitle\" style=\"text-align: justify;\">Ades\u00e3o do Vaticano \u00e0 iniciativa dos prefeitos italianos de exibir as bandeiras a meio mastro em mem\u00f3ria das v\u00edtimas do Covid-19. Uma solidariedade que a Santa S\u00e9 estende ao resto do planeta, onde h\u00e1 um total de 700.000 casos e 38.000 v\u00edtimas.<\/div>\n<div class=\"title__separator\" style=\"text-align: justify;\"><\/div>\n<div class=\"article__text\">\n<p style=\"text-align: justify;\"><b>Alessandro De Carolis &#8211; Cidade do Vaticano<\/b><\/p>\n<p style=\"text-align: justify;\">Um meio-dia de luto e a bandeira italiana \u201ctricolor\u201d que se abaixa. Os munic\u00edpios italianos decidiram recordar as v\u00edtimas do coronav\u00edrus neste dia 31 de mar\u00e7o e &#8220;honrar o sacrif\u00edcio e o compromisso dos trabalhadores da sa\u00fade&#8221;, baixando a bandeira a meio mastro. Um gesto que encontra a proximidade da Santa S\u00e9, pronta a fazer o mesmo com a sua bandeira para expressar &#8220;proximidade \u00e0s v\u00edtimas da pandemia na It\u00e1lia e no mundo, \u00e0s suas fam\u00edlias e \u00e0queles que generosamente lutam para p\u00f4r fim a ela&#8221;, como anunciou esta manh\u00e3 a Sala de Imprensa do Vaticano.<\/p>\n<p style=\"text-align: justify;\">A iniciativa foi lan\u00e7ada pela Anci, a Associa\u00e7\u00e3o que re\u00fane os Munic\u00edpios italianos, &#8220;para idealmente abra\u00e7ar a todos&#8221;, um sinal &#8220;de apoio uns aos outros, como n\u00f3s prefeitos sabemos fazer&#8221;, disse Antonio Decaro, prefeito de Bari e presidente da Anci. A &#8220;centelha&#8221; foi desencadeada pelo presidente da Prov\u00edncia de B\u00e9rgamo, Gianfranco Gafforelli, para os prefeitos de seu territ\u00f3rio, com Decaro, que ent\u00e3o decidiu estend\u00ea-la a todo o pa\u00eds.<\/p>\n<\/div>\n","protected":false},"excerpt":{"rendered":"<p>Ades\u00e3o do Vaticano \u00e0 iniciativa dos prefeitos italianos de exibir as bandeiras a meio mastro em mem\u00f3ria das v\u00edtimas do Covid-19. Uma solidariedade que a Santa S\u00e9 estende ao resto do planeta, onde h\u00e1 um total de 700.000 casos e 38.000 v\u00edtimas. Alessandro De Carolis &#8211; Cidade do Vaticano Um meio-dia de luto e a [&hellip;]<\/p>\n","protected":false},"author":1,"featured_media":57920,"comment_status":"open","ping_status":"closed","sticky":false,"template":"","format":"standard","meta":{"footnotes":""},"categories":[3],"tags":[],"class_list":["post-57919","post","type-post","status-publish","format-standard","has-post-thumbnail","hentry","category-vaticano"],"_links":{"self":[{"href":"https:\/\/catolicanet.net\/wp-cnet\/wp-json\/wp\/v2\/posts\/57919","targetHints":{"allow":["GET"]}}],"collection":[{"href":"https:\/\/catolicanet.net\/wp-cnet\/wp-json\/wp\/v2\/posts"}],"about":[{"href":"https:\/\/catolicanet.net\/wp-cnet\/wp-json\/wp\/v2\/types\/post"}],"author":[{"embeddable":true,"href":"https:\/\/catolicanet.net\/wp-cnet\/wp-json\/wp\/v2\/users\/1"}],"replies":[{"embeddable":true,"href":"https:\/\/catolicanet.net\/wp-cnet\/wp-json\/wp\/v2\/comments?post=57919"}],"version-history":[{"count":1,"href":"https:\/\/catolicanet.net\/wp-cnet\/wp-json\/wp\/v2\/posts\/57919\/revisions"}],"predecessor-version":[{"id":57921,"href":"https:\/\/catolicanet.net\/wp-cnet\/wp-json\/wp\/v2\/posts\/57919\/revisions\/57921"}],"wp:featuredmedia":[{"embeddable":true,"href":"https:\/\/catolicanet.net\/wp-cnet\/wp-json\/wp\/v2\/media\/57920"}],"wp:attachment":[{"href":"https:\/\/catolicanet.net\/wp-cnet\/wp-json\/wp\/v2\/media?parent=57919"}],"wp:term":[{"taxonomy":"category","embeddable":true,"href":"https:\/\/catolicanet.net\/wp-cnet\/wp-json\/wp\/v2\/categories?post=57919"},{"taxonomy":"post_tag","embeddable":true,"href":"https:\/\/catolicanet.net\/wp-cnet\/wp-json\/wp\/v2\/tags?post=57919"}],"curies":[{"name":"wp","href":"https:\/\/api.w.org\/{rel}","templated":true}]}}