{"id":5791,"date":"2015-05-06T15:51:10","date_gmt":"2015-05-06T18:51:10","guid":{"rendered":"http:\/\/catolicanet.net\/wp-cnet\/bencao-para-as-maes\/"},"modified":"2017-04-07T11:08:22","modified_gmt":"2017-04-07T14:08:22","slug":"bencao-para-as-maes","status":"publish","type":"post","link":"https:\/\/catolicanet.net\/wp-cnet\/bencao-para-as-maes\/","title":{"rendered":"B\u00ean\u00e7\u00e3o para as m\u00e3es"},"content":{"rendered":"<p style=\"text-align: center;\"><img decoding=\"async\" src=\"http:\/\/catolicanet.com.br\/images\/stories\/geral\/maebb.jpg\" border=\"0\" \/><\/p>\n<p style=\"text-align: center;\"><strong>Para rezar pela sua m\u00e3e e por todas as m\u00e3es do mundo<\/strong><\/p>\n<p style=\"text-align: center;\">Pai celestial,<br \/>n\u00f3s vos damos gra\u00e7as pelas nossas m\u00e3es,<br \/>a quem confiastes o cuidado precioso<br \/>da vida humana desde seu in\u00edcio no ventre.<\/p>\n<p>V\u00f3s destes \u00e0 mulher a capacidade de participar<br \/>convosco da cria\u00e7\u00e3o de novas vidas.<\/p>\n<p>Fazei que cada mulher compreenda<br \/>o pleno significado desse dom,<br \/>que lhe d\u00e1 uma capacidade ilimitada de amar<br \/>desinteressadamente todas as crian\u00e7as.<\/p>\n<p>Velai por cada m\u00e3e que espera um filho,<br \/>fortalecei sua f\u00e9 em vosso cuidado paternal<br \/>e em vosso amor pelo seu beb\u00ea.<br \/>Dai-lhe coragem nos momentos de medo ou dor;<br \/>compreens\u00e3o nos momentos de incerteza e d\u00favida;<br \/>esperan\u00e7a diante das dificuldades.<\/p>\n<p>Concedei-lhe alegria diante<br \/>do nascimento do seu filho!<\/p>\n<p>Aben\u00e7oai as m\u00e3es, a quem destes<br \/>o grande privil\u00e9gio e a responsabilidade<br \/>de ser a primeira guia espiritual de uma crian\u00e7a.<\/p>\n<p>Fazei que todas elas possam dignamente<br \/>incentivar a f\u00e9 dos seus filhos,<br \/>seguindo o exemplo da Maria, de Isabel<br \/>e de outras santas mulheres que seguem Jesus.<\/p>\n<p>Ajudai as m\u00e3es a crescer diariamente<br \/>no conhecimento e na compreens\u00e3o do vosso Filho,<br \/>nosso Senhor Jesus Cristo,<br \/>e concedei-lhes a sabedoria para<br \/>espalhar este conhecimento fielmente<br \/>aos seus filhos e a todos que dependem delas.<\/p>\n<p>Ajudai todas as m\u00e3es espirituais, que,<br \/>apesar de n\u00e3o terem filhos pr\u00f3prios,<br \/>cuidam dos filhos dos outros,<br \/>de qualquer idade e estado de vida.<\/p>\n<p>Enviai vosso Esp\u00edrito Santo, o Consolador,<br \/>\u00e0s m\u00e3es das crian\u00e7as que morreram,<br \/>das que est\u00e3o doentes, separadas das suas fam\u00edlias<br \/>ou que se encontram em perigo.<\/p>\n<p>Dai-lhes vossa gra\u00e7a,<br \/>para que confiem em vossa miseric\u00f3rdia.<br \/>Pedimos vossa b\u00ean\u00e7\u00e3o a todas as mulheres<br \/>a quem confiastes do dom da maternidade.<\/p>\n<p>Que vosso Esp\u00edrito Santo sempre as inspire e fortale\u00e7a.<br \/>Que nunca deixem de seguir o exemplo de Maria<br \/>e de imitar sua fidelidade, sua humildade e seu amor de doa\u00e7\u00e3o.<\/p>\n<p>Que as m\u00e3es possam receber vossa gra\u00e7a<br \/>abundantemente nesta vida<br \/>e que esperem participar da alegria eterna<br \/>em vossa presen\u00e7a.<\/p>\n<p>N\u00f3s vos pedimos por nosso Senhor<br \/>Jesus Cristo, vosso Filho,<br \/>na unidade do Esp\u00edrito Santo.<br \/>Am\u00e9m.<\/p>\n","protected":false},"excerpt":{"rendered":"<p>Para rezar pela sua m\u00e3e e por todas as m\u00e3es do mundo Pai celestial,n\u00f3s vos damos gra\u00e7as pelas nossas m\u00e3es,a quem confiastes o cuidado preciosoda vida humana desde seu in\u00edcio no ventre. V\u00f3s destes \u00e0 mulher a capacidade de participarconvosco da cria\u00e7\u00e3o de novas vidas. Fazei que cada mulher compreendao pleno significado desse dom,que lhe [&hellip;]<\/p>\n","protected":false},"author":1,"featured_media":0,"comment_status":"closed","ping_status":"closed","sticky":false,"template":"","format":"standard","meta":{"footnotes":""},"categories":[4],"tags":[],"class_list":["post-5791","post","type-post","status-publish","format-standard","hentry","category-cotidiano"],"_links":{"self":[{"href":"https:\/\/catolicanet.net\/wp-cnet\/wp-json\/wp\/v2\/posts\/5791","targetHints":{"allow":["GET"]}}],"collection":[{"href":"https:\/\/catolicanet.net\/wp-cnet\/wp-json\/wp\/v2\/posts"}],"about":[{"href":"https:\/\/catolicanet.net\/wp-cnet\/wp-json\/wp\/v2\/types\/post"}],"author":[{"embeddable":true,"href":"https:\/\/catolicanet.net\/wp-cnet\/wp-json\/wp\/v2\/users\/1"}],"replies":[{"embeddable":true,"href":"https:\/\/catolicanet.net\/wp-cnet\/wp-json\/wp\/v2\/comments?post=5791"}],"version-history":[{"count":1,"href":"https:\/\/catolicanet.net\/wp-cnet\/wp-json\/wp\/v2\/posts\/5791\/revisions"}],"predecessor-version":[{"id":10364,"href":"https:\/\/catolicanet.net\/wp-cnet\/wp-json\/wp\/v2\/posts\/5791\/revisions\/10364"}],"wp:attachment":[{"href":"https:\/\/catolicanet.net\/wp-cnet\/wp-json\/wp\/v2\/media?parent=5791"}],"wp:term":[{"taxonomy":"category","embeddable":true,"href":"https:\/\/catolicanet.net\/wp-cnet\/wp-json\/wp\/v2\/categories?post=5791"},{"taxonomy":"post_tag","embeddable":true,"href":"https:\/\/catolicanet.net\/wp-cnet\/wp-json\/wp\/v2\/tags?post=5791"}],"curies":[{"name":"wp","href":"https:\/\/api.w.org\/{rel}","templated":true}]}}