{"id":57894,"date":"2020-03-28T10:06:40","date_gmt":"2020-03-28T13:06:40","guid":{"rendered":"https:\/\/catolicanet.net\/wp-cnet\/?p=57894"},"modified":"2020-03-30T13:12:38","modified_gmt":"2020-03-30T16:12:38","slug":"lagrimas-de-marta-e-maria","status":"publish","type":"post","link":"https:\/\/catolicanet.net\/wp-cnet\/lagrimas-de-marta-e-maria\/","title":{"rendered":"L\u00e1grimas de Marta e Maria"},"content":{"rendered":"<p style=\"text-align: justify;\">O contexto b\u00edblico do ocaso de L\u00e1zaro passa pelo forte e expressivo s\u00edmbolo do pecado e da morte. A fotografia de sua alma, sem Deus, fica como que aniquilada e acabada, a partir do seu rosto l\u00fagubre e melanc\u00f3lico, privado da vida em Deus. Atentemos, pois, ao recado de suas irm\u00e3s: \u201cSenhor, aquele que amas est\u00e1 doente\u201d. E Jesus lhes responde: \u201cEsta doen\u00e7a n\u00e3o leva \u00e0 morte; ela serve para a gl\u00f3ria de Deus, para que o Filho de Deus seja glorificado por ela\u201d (cf. Jo 11, 3-4). Jesus, ao promover a vida daquele que se encontra morto, se torna causa de f\u00faria e ira de seus inimigos, em detrimento do bem e da vida.<\/p>\n<p style=\"text-align: justify;\">Jesus quer salvar todos, que reconhecem, na sua pessoa, o Messias, o Filho de Deus e enviado do Pai, que entrou no mundo carregando consigo a grande novidade da feliz vida futura, evidentemente para os que t\u00eam f\u00e9 e se alimentam da esperan\u00e7a. Por isso mesmo, ele declarou: \u201cEu sou a ressurrei\u00e7\u00e3o e a vida: quem cr\u00ea em mim, ainda que esteja morto, viver\u00e1; e quem vive e cr\u00ea em mim n\u00e3o morrer\u00e1 para sempre&#8221; (cf. Jo 11, 26-26).<\/p>\n<p style=\"text-align: justify;\">N\u00e3o imitemos os s\u00e1bios insensatos, aqueles que se atiram ao precip\u00edcio ou pulam l\u00e1 das alturas. Deus n\u00e3o quer que, diante de nossos preju\u00edzos \u2013 e neles os nossos pr\u00f3prios interesses \u2013, deploremos e lastimemos, entristecidos, as perdas e os bens. Ele nos aponta para valores, inigualavelmente maiores, que nos levam \u00e0 felicidade sobrenatural, na sua imorredoura contempla\u00e7\u00e3o. Sensatez, sim, mas num grau e numa esfera, de tal modo elevada e divina, a ponto de se afastar de tudo o que \u00e9 obst\u00e1culo, a partir do sentimento de como\u00e7\u00e3o e sensibilidade do Filho de Deus, como nas l\u00e1grimas de Marta e Maria.<\/p>\n<p style=\"text-align: justify;\">Ele realiza, de uma vez por todas, a miss\u00e3o, sobretudo, diante dos implac\u00e1veis e sanguin\u00e1rios poderes do \u00f3dio, sem se afastar das desesperadas c\u00f3leras, as quais mantiveram em seus algozes uma firme postura, no sentido de apressarem sua condena\u00e7\u00e3o, paix\u00e3o e morte. O milagre de Jesus, ao ressuscitar seu amigo L\u00e1zaro, vai na dire\u00e7\u00e3o de animar a f\u00e9 dos ap\u00f3stolos, ainda que debilitada e enfraquecida, didaticamente, querendo fortalec\u00ea-los e encoraj\u00e1-los, num jeito de crer e perceber sua vida e miss\u00e3o salv\u00edfica. Que sejamos animados na f\u00e9 pelo poder de Deus!<\/p>\n","protected":false},"excerpt":{"rendered":"<p>O contexto b\u00edblico do ocaso de L\u00e1zaro passa pelo forte e expressivo s\u00edmbolo do pecado e da morte. A fotografia de sua alma, sem Deus, fica como que aniquilada e acabada, a partir do seu rosto l\u00fagubre e melanc\u00f3lico, privado da vida em Deus. Atentemos, pois, ao recado de suas irm\u00e3s: \u201cSenhor, aquele que amas [&hellip;]<\/p>\n","protected":false},"author":6,"featured_media":55824,"comment_status":"open","ping_status":"closed","sticky":false,"template":"","format":"standard","meta":{"footnotes":""},"categories":[9],"tags":[],"class_list":["post-57894","post","type-post","status-publish","format-standard","has-post-thumbnail","hentry","category-artigos"],"_links":{"self":[{"href":"https:\/\/catolicanet.net\/wp-cnet\/wp-json\/wp\/v2\/posts\/57894","targetHints":{"allow":["GET"]}}],"collection":[{"href":"https:\/\/catolicanet.net\/wp-cnet\/wp-json\/wp\/v2\/posts"}],"about":[{"href":"https:\/\/catolicanet.net\/wp-cnet\/wp-json\/wp\/v2\/types\/post"}],"author":[{"embeddable":true,"href":"https:\/\/catolicanet.net\/wp-cnet\/wp-json\/wp\/v2\/users\/6"}],"replies":[{"embeddable":true,"href":"https:\/\/catolicanet.net\/wp-cnet\/wp-json\/wp\/v2\/comments?post=57894"}],"version-history":[{"count":1,"href":"https:\/\/catolicanet.net\/wp-cnet\/wp-json\/wp\/v2\/posts\/57894\/revisions"}],"predecessor-version":[{"id":57895,"href":"https:\/\/catolicanet.net\/wp-cnet\/wp-json\/wp\/v2\/posts\/57894\/revisions\/57895"}],"wp:featuredmedia":[{"embeddable":true,"href":"https:\/\/catolicanet.net\/wp-cnet\/wp-json\/wp\/v2\/media\/55824"}],"wp:attachment":[{"href":"https:\/\/catolicanet.net\/wp-cnet\/wp-json\/wp\/v2\/media?parent=57894"}],"wp:term":[{"taxonomy":"category","embeddable":true,"href":"https:\/\/catolicanet.net\/wp-cnet\/wp-json\/wp\/v2\/categories?post=57894"},{"taxonomy":"post_tag","embeddable":true,"href":"https:\/\/catolicanet.net\/wp-cnet\/wp-json\/wp\/v2\/tags?post=57894"}],"curies":[{"name":"wp","href":"https:\/\/api.w.org\/{rel}","templated":true}]}}