{"id":57865,"date":"2020-03-27T09:07:54","date_gmt":"2020-03-27T12:07:54","guid":{"rendered":"https:\/\/catolicanet.net\/wp-cnet\/?p=57865"},"modified":"2020-03-27T09:07:54","modified_gmt":"2020-03-27T12:07:54","slug":"pastoral-da-crianca-lanca-capacitacao-sobre-o-coronavirus-em-aplicativo-de-visita-domiciliar","status":"publish","type":"post","link":"https:\/\/catolicanet.net\/wp-cnet\/pastoral-da-crianca-lanca-capacitacao-sobre-o-coronavirus-em-aplicativo-de-visita-domiciliar\/","title":{"rendered":"Pastoral da Crian\u00e7a lan\u00e7a capacita\u00e7\u00e3o sobre o coronav\u00edrus em aplicativo de visita domiciliar"},"content":{"rendered":"<p style=\"text-align: justify;\">Num contexto de pandemia por conta do avan\u00e7o do coronav\u00edrus, a\u00e7\u00f5es como a da Pastoral da Crian\u00e7a s\u00e3o ainda mais importantes para que informa\u00e7\u00f5es cient\u00edficas corretas cheguem, principalmente, aos mais pobres e em linguagem compreens\u00edvel. Soma-se a isso, o fato de que circulam pelos grupos de whatsapp fakenews e informa\u00e7\u00f5es populares incorretas que podem agravar a situa\u00e7\u00e3o pela falta de cuidados simples que podem salvar muitas vidas.<\/p>\n<p style=\"text-align: justify;\">Neste contexto, entendendo que as a\u00e7\u00f5es preventivas devem ser redobradas, a Pastoral da Crian\u00e7a, sob a supervis\u00e3o do m\u00e9dico epidemiologista, doutor em sa\u00fade p\u00fablica e seu coordenador internacional, Nelson Arns Neumann, informa que continuar\u00e1 seu trabalho com o apoio de funcion\u00e1rios e volunt\u00e1rios que se sentem chamados a colaborar tamb\u00e9m em \u00e9poca de crise e que passar\u00e3o a integrar o Departamento da Crise contra o Coronav\u00edrus.<\/p>\n<p style=\"text-align: justify;\">\u201cNo momento de crise, por conta da pandemia que estamos vivendo, entendemos que por nossa natureza de atua\u00e7\u00e3o devemos estar ainda mais a servi\u00e7o e continuar nossa miss\u00e3o, ainda que com adapta\u00e7\u00f5es\u201d, afirmou o coordenador internacional.<\/p>\n<p style=\"text-align: justify;\">O m\u00e9dico informa que o papel da comunidade no combate a esta epidemia \u00e9 mundialmente reconhecido. \u201cH\u00e1 alguns dias, a Associa\u00e7\u00e3o Internacional de Epidemiologia, entidade que re\u00fane os maiores especialistas mundiais em epidemia, com sede nos Estados Unidos, escreveu que \u2018nesta fase da pandemia global, \u00e9 vital evitar o medo. Devemos refutar os rumores enquanto educamos nossas comunidades sobre o valor do distanciamento social, da higiene das m\u00e3os e da etiqueta da tosse para limitar a propaga\u00e7\u00e3o desta infec\u00e7\u00e3o\u201d, enfatizou.<\/p>\n<p style=\"text-align: justify;\"><a href=\"https:\/\/www.cnbb.org.br\/wp-content\/uploads\/sites\/32\/2020\/03\/L%C3%ADderes-estudando-o-manual.jpg\"><img loading=\"lazy\" decoding=\"async\" class=\"size-medium wp-image-235945 alignright\" src=\"https:\/\/www.cnbb.org.br\/wp-content\/uploads\/sites\/32\/2020\/03\/L%C3%ADderes-estudando-o-manual-225x300.jpg\" srcset=\"https:\/\/www.cnbb.org.br\/wp-content\/uploads\/sites\/32\/2020\/03\/L\u00edderes-estudando-o-manual-225x300.jpg 225w, https:\/\/www.cnbb.org.br\/wp-content\/uploads\/sites\/32\/2020\/03\/L\u00edderes-estudando-o-manual-768x1024.jpg 768w, https:\/\/www.cnbb.org.br\/wp-content\/uploads\/sites\/32\/2020\/03\/L\u00edderes-estudando-o-manual.jpg 960w\" alt=\"\" width=\"225\" height=\"300\" \/><\/a>A Pastoral da Crian\u00e7a lan\u00e7ou, dia 25 de mar\u00e7o, o\u00a0<strong>AppVisita Domiciliar<\/strong>, um material de \u201cE-capacita\u00e7\u00e3o\u201d sobre coronav\u00edrus, com informa\u00e7\u00f5es espec\u00edficas e atualizadas para ajudar os l\u00edderes e fam\u00edlias que atendem a enfrentar a pandemia. S\u00e3o conte\u00fados cient\u00edficos escritos em uma linguagem acess\u00edvel e com diagrama\u00e7\u00e3o amig\u00e1vel e que podem ser acessados inclusive offline; servem para toda a fam\u00edlia e possuem revis\u00e3o de especialistas.<\/p>\n<p style=\"text-align: justify;\">Coordenador internacional da Pastoral, doutor Nelson informa que est\u00e3o trabalhando para desenvolver uma rede organizada de solidariedade, pela ferramenta correio do AppVisita, que ir\u00e1 ajudar as comunidades a organizar as a\u00e7\u00f5es e minimizar as falhas.<\/p>\n<p style=\"text-align: justify;\">Sabe-se, por exemplo, que se n\u00e3o for feita de forma organizada, algumas a\u00e7\u00f5es podem n\u00e3o ser efetivas. Por exemplo, se algu\u00e9m pede em um grupo de whatsapp para levar rem\u00e9dio para um idoso e quatro pessoas se prontificam, a chance do idoso receber duas vezes ou nenhuma \u00e9 grande.<\/p>\n<p style=\"text-align: justify;\">A Pastoral sugere, inclusive, que as pessoas que podem fazer parte dessa rede de solidariedade via correio do AppVisita devem antes passar por essa capacita\u00e7\u00e3o online sobre o coronav\u00edrus, para reduzir o risco de que sejam contaminadas ou contaminem os demais pela falta de informa\u00e7\u00e3o.<\/p>\n<p style=\"text-align: justify;\">O trabalho que desenvolver\u00e1 a Pastoral da Crian\u00e7a, neste per\u00edodo da pandemia, est\u00e1 orientado por t\u00e9cnicos, tais como Mari\u00e2ngela Batista Galv\u00e3o Sim\u00e3o, diretora-geral da Organiza\u00e7\u00e3o Mundial da Sa\u00fade \u2013 Genebra (OMS), Cesar Gomes Victora, pesquisador e avaliador da Organiza\u00e7\u00e3o das Na\u00e7\u00f5es Unidas (ONU) e professor da Universidade Federal de Pelotas e uma das maiores autoridades mundiais em epidemiologia e Cl\u00f3vis Arns da Cunha, presidente da Sociedade Brasileira de Infectologia.<\/p>\n<p style=\"text-align: justify;\">O guia do material de preven\u00e7\u00e3o elaborado pela Pastoral da Crian\u00e7a encontra-se na capacita\u00e7\u00e3o no aplicativo. No AppVisita o material est\u00e1 muito mais completo, com imagens, \u00edcones e tudo mais. O aplicativo pode ser baixado na vers\u00e3o android.<\/p>\n<div id=\"attachment_235946\" class=\"wp-caption aligncenter\"><a href=\"https:\/\/www.cnbb.org.br\/wp-content\/uploads\/sites\/32\/2020\/03\/M%C3%A3es-na-preven%C3%A7%C3%A3o-contra-o-coronav%C3%ADrus.jpg\"><img loading=\"lazy\" decoding=\"async\" class=\"wp-image-235946 size-large\" src=\"https:\/\/www.cnbb.org.br\/wp-content\/uploads\/sites\/32\/2020\/03\/M%C3%A3es-na-preven%C3%A7%C3%A3o-contra-o-coronav%C3%ADrus-1024x708.jpg\" srcset=\"https:\/\/www.cnbb.org.br\/wp-content\/uploads\/sites\/32\/2020\/03\/M\u00e3es-na-preven\u00e7\u00e3o-contra-o-coronav\u00edrus-1024x708.jpg 1024w, https:\/\/www.cnbb.org.br\/wp-content\/uploads\/sites\/32\/2020\/03\/M\u00e3es-na-preven\u00e7\u00e3o-contra-o-coronav\u00edrus-300x208.jpg 300w, https:\/\/www.cnbb.org.br\/wp-content\/uploads\/sites\/32\/2020\/03\/M\u00e3es-na-preven\u00e7\u00e3o-contra-o-coronav\u00edrus-768x531.jpg 768w, https:\/\/www.cnbb.org.br\/wp-content\/uploads\/sites\/32\/2020\/03\/M\u00e3es-na-preven\u00e7\u00e3o-contra-o-coronav\u00edrus.jpg 1265w\" alt=\"\" width=\"900\" height=\"622\" aria-describedby=\"caption-attachment-235946\" \/><\/a><\/p>\n<p id=\"caption-attachment-235946\" class=\"wp-caption-text\" style=\"text-align: justify;\">Pastoral da Crian\u00e7a est\u00e1 subsidiando m\u00e3es para atuarem na preven\u00e7\u00e3o \u00e0 convid-19. Fotos: Comunica\u00e7\u00e3o Pastoral da Crian\u00e7a<\/p>\n<\/div>\n","protected":false},"excerpt":{"rendered":"<p>Num contexto de pandemia por conta do avan\u00e7o do coronav\u00edrus, a\u00e7\u00f5es como a da Pastoral da Crian\u00e7a s\u00e3o ainda mais importantes para que informa\u00e7\u00f5es cient\u00edficas corretas cheguem, principalmente, aos mais pobres e em linguagem compreens\u00edvel. Soma-se a isso, o fato de que circulam pelos grupos de whatsapp fakenews e informa\u00e7\u00f5es populares incorretas que podem agravar [&hellip;]<\/p>\n","protected":false},"author":1,"featured_media":57866,"comment_status":"open","ping_status":"closed","sticky":false,"template":"","format":"standard","meta":{"footnotes":""},"categories":[7],"tags":[],"class_list":["post-57865","post","type-post","status-publish","format-standard","has-post-thumbnail","hentry","category-cnbb"],"_links":{"self":[{"href":"https:\/\/catolicanet.net\/wp-cnet\/wp-json\/wp\/v2\/posts\/57865","targetHints":{"allow":["GET"]}}],"collection":[{"href":"https:\/\/catolicanet.net\/wp-cnet\/wp-json\/wp\/v2\/posts"}],"about":[{"href":"https:\/\/catolicanet.net\/wp-cnet\/wp-json\/wp\/v2\/types\/post"}],"author":[{"embeddable":true,"href":"https:\/\/catolicanet.net\/wp-cnet\/wp-json\/wp\/v2\/users\/1"}],"replies":[{"embeddable":true,"href":"https:\/\/catolicanet.net\/wp-cnet\/wp-json\/wp\/v2\/comments?post=57865"}],"version-history":[{"count":1,"href":"https:\/\/catolicanet.net\/wp-cnet\/wp-json\/wp\/v2\/posts\/57865\/revisions"}],"predecessor-version":[{"id":57867,"href":"https:\/\/catolicanet.net\/wp-cnet\/wp-json\/wp\/v2\/posts\/57865\/revisions\/57867"}],"wp:featuredmedia":[{"embeddable":true,"href":"https:\/\/catolicanet.net\/wp-cnet\/wp-json\/wp\/v2\/media\/57866"}],"wp:attachment":[{"href":"https:\/\/catolicanet.net\/wp-cnet\/wp-json\/wp\/v2\/media?parent=57865"}],"wp:term":[{"taxonomy":"category","embeddable":true,"href":"https:\/\/catolicanet.net\/wp-cnet\/wp-json\/wp\/v2\/categories?post=57865"},{"taxonomy":"post_tag","embeddable":true,"href":"https:\/\/catolicanet.net\/wp-cnet\/wp-json\/wp\/v2\/tags?post=57865"}],"curies":[{"name":"wp","href":"https:\/\/api.w.org\/{rel}","templated":true}]}}