{"id":57854,"date":"2020-03-27T09:01:23","date_gmt":"2020-03-27T12:01:23","guid":{"rendered":"https:\/\/catolicanet.net\/wp-cnet\/?p=57854"},"modified":"2020-03-27T09:01:23","modified_gmt":"2020-03-27T12:01:23","slug":"semana-santa-normas-da-igreja-sao-para-conter-o-covid-19-nao-a-oracao","status":"publish","type":"post","link":"https:\/\/catolicanet.net\/wp-cnet\/semana-santa-normas-da-igreja-sao-para-conter-o-covid-19-nao-a-oracao\/","title":{"rendered":"Semana Santa: normas da Igreja s\u00e3o para conter o Covid-19, n\u00e3o a ora\u00e7\u00e3o"},"content":{"rendered":"<div class=\"article__subTitle\" style=\"text-align: justify;\">O secret\u00e1rio da Congrega\u00e7\u00e3o para o Culto Divino, o arcebispo Arthur Roche, explica o novo decreto divulgado na quarta-feira (25) com as disposi\u00e7\u00f5es para as celebra\u00e7\u00f5es que v\u00e3o desde o Domingo de Ramos ao Domingo de P\u00e1scoa. As indica\u00e7\u00f5es s\u00e3o essenciais para serem seguidas, considerando a r\u00e1pida evolu\u00e7\u00e3o da pandemia do coronav\u00edrus.<\/div>\n<div class=\"title__separator\" style=\"text-align: justify;\"><\/div>\n<div class=\"article__text\">\n<p style=\"text-align: justify;\"><b>Andressa Collet \u2013 Cidade do Vaticano<\/b><\/p>\n<p style=\"text-align: justify;\">O arcebispo Arthur Roche, secret\u00e1rio da Congrega\u00e7\u00e3o para o Culto Divino, explica o novo decreto do Dicast\u00e9rio para as celebra\u00e7\u00f5es da P\u00e1scoa em tempos de pandemia afirmando que, neste momento de prova\u00e7\u00e3o, \u201cdevemos tentar parar o cont\u00e1gio, sem interromper a nossa ora\u00e7\u00e3o, ao contr\u00e1rio, multiplicando-a\u201d. Confira a entrevista concedida ao Vatican News em que descreve as normas do decreto que levam em considera\u00e7\u00e3o, inclusive, as observa\u00e7\u00f5es recebidas pelas Confer\u00eancias Episcopais.<\/p>\n<p style=\"text-align: justify;\"><b>Quais s\u00e3o as raz\u00f5es para atualizar o decreto da Congrega\u00e7\u00e3o do Culto Divino sobre as indica\u00e7\u00f5es para a celebra\u00e7\u00e3o do Tr\u00edduo Pascal, uma semana depois da divulga\u00e7\u00e3o do primeiro texto?<\/b><\/p>\n<p style=\"text-align: justify;\">Dom Roche \u2013 \u201cPara todos \u00e9 evidente que vivemos em tempos de emerg\u00eancia, com situa\u00e7\u00f5es em r\u00e1pida evolu\u00e7\u00e3o. Crises dessa dimens\u00e3o \u00e0s vezes requerem novas considera\u00e7\u00f5es e atualiza\u00e7\u00f5es. O primeiro texto era de v\u00e1rios dias atr\u00e1s. As atualiza\u00e7\u00f5es foram indispens\u00e1veis, inclusive significativas, e sobretudo nos confrontamos com os episcopados dos pa\u00edses mais afetados pela pandemia. Procuramos considerar as observa\u00e7\u00f5es que recebemos.\u201d<\/p>\n<div style=\"text-align: justify;\">\n<aside class=\"article__readmore\">\n<div class=\"teaser--labelEvidence teaser teaser--type-article\">\n<article>\n<div class=\"teaser__labelWrapper\">\n<div class=\"teaser__label\">LEIA TAMB\u00c9M<\/div>\n<\/div>\n<div class=\"teaser__contentWrapper\">\n<figure class=\"teaser__image\"><picture><source srcset=\"\/content\/dam\/vaticannews\/agenzie\/images\/ansa\/2020\/03\/15\/13\/1584275874921.jpg\/_jcr_content\/renditions\/cq5dam.thumbnail.cropped.250.141.jpeg\" media=\"(min-width: 768px)\" data-original-set=\"\/content\/dam\/vaticannews\/agenzie\/images\/ansa\/2020\/03\/15\/13\/1584275874921.jpg\/_jcr_content\/renditions\/cq5dam.thumbnail.cropped.250.141.jpeg\" \/><source srcset=\"\/content\/dam\/vaticannews\/agenzie\/images\/ansa\/2020\/03\/15\/13\/1584275874921.jpg\/_jcr_content\/renditions\/cq5dam.thumbnail.cropped.250.141.jpeg\" media=\"(min-width: 340px)\" data-original-set=\"\/content\/dam\/vaticannews\/agenzie\/images\/ansa\/2020\/03\/15\/13\/1584275874921.jpg\/_jcr_content\/renditions\/cq5dam.thumbnail.cropped.250.141.jpeg\" \/><source srcset=\"\/content\/dam\/vaticannews\/agenzie\/images\/ansa\/2020\/03\/15\/13\/1584275874921.jpg\/_jcr_content\/renditions\/cq5dam.thumbnail.cropped.250.141.jpeg\" data-original-set=\"\/content\/dam\/vaticannews\/agenzie\/images\/ansa\/2020\/03\/15\/13\/1584275874921.jpg\/_jcr_content\/renditions\/cq5dam.thumbnail.cropped.250.141.jpeg\" \/><img decoding=\"async\" class=\"loaded\" src=\"https:\/\/www.vaticannews.va\/content\/dam\/vaticannews\/agenzie\/images\/ansa\/2020\/03\/15\/13\/1584275874921.jpg\/_jcr_content\/renditions\/cq5dam.thumbnail.cropped.250.141.jpeg\" alt=\"Coronav\u00edrus: as normas para celebrar a Semana Santa\" data-original=\"\/content\/dam\/vaticannews\/agenzie\/images\/ansa\/2020\/03\/15\/13\/1584275874921.jpg\/_jcr_content\/renditions\/cq5dam.thumbnail.cropped.250.141.jpeg\" data-was-processed=\"true\" \/><\/picture><\/figure>\n<div class=\"teaser__info\">25\/03\/2020<\/p>\n<div class=\"vn_social_inline_share_toolbox\" data-description=\"\" data-title=\"Coronav\u00edrus: as normas para celebrar a Semana Santa\" data-url=\"https:\/\/www.vaticannews.va\/pt\/vaticano\/news\/2020-03\/coronavirus-normas-celebrar-semana-santa.html\" data-media=\"https:\/\/www.vaticannews.va\/content\/dam\/vaticannews\/agenzie\/images\/ansa\/2020\/03\/15\/13\/1584275874921.jpg\/_jcr_content\/renditions\/cq5dam.thumbnail.cropped.250.141.jpeg\"><\/div>\n<\/div>\n<h2 class=\"teaser__title\"><a title=\"Coronav\u00edrus: as normas para celebrar a Semana Santa\" href=\"https:\/\/www.vaticannews.va\/pt\/vaticano\/news\/2020-03\/coronavirus-normas-celebrar-semana-santa.html\">Coronav\u00edrus: as normas para celebrar a Semana Santa<\/a><\/h2>\n<div><\/div>\n<\/div>\n<\/article>\n<\/div>\n<\/aside>\n<\/div>\n<p style=\"text-align: justify;\">\n<p style=\"text-align: justify;\"><b>Antes de mais nada, a data da P\u00e1scoa n\u00e3o foi adiada, como alguns imaginavam, em considera\u00e7\u00e3o \u00e0 situa\u00e7\u00e3o nos pa\u00edses atingidos pelo Covid-19. Por qu\u00ea?<\/b><\/p>\n<p style=\"text-align: justify;\">Dom Roche \u2013 \u201cA data da P\u00e1scoa n\u00e3o pode ser diferida. Vamos celebr\u00e1-la depois da prepara\u00e7\u00e3o deste per\u00edodo especial de Quaresma, t\u00e3o marcado pela dor, pelo medo, pela incerteza. Recebemos, algumas semanas atr\u00e1s, as cinzas colocadas sobre a cabe\u00e7a, e nos foi recordado que somos p\u00f3 e no p\u00f3 voltaremos. Mas somos um p\u00f3 amado por Deus, resgatado por Deus. Jesus sofreu na Cruz, mas venceu a morte, e n\u00f3s acreditamos na ressurei\u00e7\u00e3o dos corpos, na vida eterna. A P\u00e1scoa \u00e9 a festa dessa vit\u00f3ria sobre a morte. Nos pa\u00edses mais atingidos pela doen\u00e7a, onde s\u00e3o previstas restri\u00e7\u00f5es estabelecidas pelas autoridades civis para evitar aglomera\u00e7\u00f5es e movimentos das pessoas, os bispos e os sacerdotes ir\u00e3o celebrar os ritos da Semana Santa sem o povo e num lugar adequado, evitando a concelebra\u00e7\u00e3o e omitindo a sauda\u00e7\u00e3o da paz.\u201d<\/p>\n<p style=\"text-align: justify;\"><b>\u00c9 impressionante esta P\u00e1scoa celebrada sem a presen\u00e7a dos fi\u00e9is, sem o povo de Deus&#8230;<\/b><\/p>\n<p style=\"text-align: justify;\">Dom Roche \u2013 \u201c\u00c9 muito doloroso. Mas, neste per\u00edodo de isolamento, a gente viu, por\u00e9m, como se multiplicou a criatividade dos sacerdotes, que diariamente encontram um modo para ficar pr\u00f3ximos \u00e0s pessoas, com todos os meios \u00e0 disposi\u00e7\u00e3o hoje. Muitas pessoas seguem diariamente a missa do Santo Padre direto da Santa Marta e seguem outras celebra\u00e7\u00f5es atrav\u00e9s das redes sociais. Muitos fi\u00e9is rezam o ter\u00e7o, conectados ao r\u00e1dio, \u00e0 TV e \u00e0 internet. Vivemos um momento excepcional. N\u00e3o esque\u00e7amos que Jesus fala da ora\u00e7\u00e3o pessoal, convidando-nos a faz\u00ea-la nos nossos quartos e, assim, nas nossas casas. Sabemos que, por natureza, a f\u00e9 crist\u00e3 \u00e9 rela\u00e7\u00e3o e \u00e9 comunidade: a ora\u00e7\u00e3o comum e a participa\u00e7\u00e3o comum \u00e0 mesa eucar\u00edstica s\u00e3o fundamentais. Mas, neste momento de prova\u00e7\u00e3o, devemos tentar parar o cont\u00e1gio, sem interromper a nossa ora\u00e7\u00e3o, ao contr\u00e1rio, multiplicando-a. \u00c9 importante que os fi\u00e9is sejam avisados a hora do in\u00edcio das celebra\u00e7\u00f5es, de modo que possam se unir em ora\u00e7\u00e3o nas pr\u00f3prias casas e que possam segui-las ao vivo, participando desse modo.\u201d<\/p>\n<p style=\"text-align: justify;\"><b>Pode explicar, em s\u00edntese, o conte\u00fado do decreto atualizado?<\/b><\/p>\n<p style=\"text-align: justify;\">Dom Roche \u2013 \u201cO Domingo de Ramos ser\u00e1 celebrado dentro das igrejas, sem a prociss\u00e3o externa. A Missa Crismal, que prev\u00ea a participa\u00e7\u00e3o de todos os sacerdotes do presbit\u00e9rio, poder\u00e1 ser transferida para uma outra data. Foi deixada essa possibilidade aos episcopados, chamados a avaliar as diferentes situa\u00e7\u00f5es nos pr\u00f3prios pa\u00edses. Na Missa na Ceia do Senhor, na Quinta-feira Santa, n\u00e3o haver\u00e1 o lava-p\u00e9s que, na realidade, j\u00e1 \u00e9 facultativa, mesmo que se trate de um rito muito significativo. N\u00e3o haver\u00e1 a prociss\u00e3o com o Sant\u00edssimo ao final da Missa. A Liturgia da Paix\u00e3o do Senhor, na Sexta-feira Santa, ter\u00e1 inten\u00e7\u00f5es especiais para os doentes, os defuntos, para quem sofre e se encontra em dificuldade. E o tradicional beijo \u00e0 Cruz ser\u00e1 dado somente pelo celebrante. A Vig\u00edlia Pascal s\u00f3 ser\u00e1 celebrada nas catedrais e nas igrejas paroquiais. Tamb\u00e9m indicamos que as express\u00f5es de piedade popular e as prociss\u00f5es que enriquecem os dias da Semana Santa e do Tr\u00edduo Pascal, segundo entendimento do bispo diocesano, possam ser transferidas para outros dias convenientes, por exemplo, para os dias 14 e 15 de setembro.\u201d<\/p>\n<\/div>\n","protected":false},"excerpt":{"rendered":"<p>O secret\u00e1rio da Congrega\u00e7\u00e3o para o Culto Divino, o arcebispo Arthur Roche, explica o novo decreto divulgado na quarta-feira (25) com as disposi\u00e7\u00f5es para as celebra\u00e7\u00f5es que v\u00e3o desde o Domingo de Ramos ao Domingo de P\u00e1scoa. As indica\u00e7\u00f5es s\u00e3o essenciais para serem seguidas, considerando a r\u00e1pida evolu\u00e7\u00e3o da pandemia do coronav\u00edrus. Andressa Collet \u2013 [&hellip;]<\/p>\n","protected":false},"author":1,"featured_media":57855,"comment_status":"open","ping_status":"closed","sticky":false,"template":"","format":"standard","meta":{"footnotes":""},"categories":[3],"tags":[],"class_list":["post-57854","post","type-post","status-publish","format-standard","has-post-thumbnail","hentry","category-vaticano"],"_links":{"self":[{"href":"https:\/\/catolicanet.net\/wp-cnet\/wp-json\/wp\/v2\/posts\/57854","targetHints":{"allow":["GET"]}}],"collection":[{"href":"https:\/\/catolicanet.net\/wp-cnet\/wp-json\/wp\/v2\/posts"}],"about":[{"href":"https:\/\/catolicanet.net\/wp-cnet\/wp-json\/wp\/v2\/types\/post"}],"author":[{"embeddable":true,"href":"https:\/\/catolicanet.net\/wp-cnet\/wp-json\/wp\/v2\/users\/1"}],"replies":[{"embeddable":true,"href":"https:\/\/catolicanet.net\/wp-cnet\/wp-json\/wp\/v2\/comments?post=57854"}],"version-history":[{"count":1,"href":"https:\/\/catolicanet.net\/wp-cnet\/wp-json\/wp\/v2\/posts\/57854\/revisions"}],"predecessor-version":[{"id":57856,"href":"https:\/\/catolicanet.net\/wp-cnet\/wp-json\/wp\/v2\/posts\/57854\/revisions\/57856"}],"wp:featuredmedia":[{"embeddable":true,"href":"https:\/\/catolicanet.net\/wp-cnet\/wp-json\/wp\/v2\/media\/57855"}],"wp:attachment":[{"href":"https:\/\/catolicanet.net\/wp-cnet\/wp-json\/wp\/v2\/media?parent=57854"}],"wp:term":[{"taxonomy":"category","embeddable":true,"href":"https:\/\/catolicanet.net\/wp-cnet\/wp-json\/wp\/v2\/categories?post=57854"},{"taxonomy":"post_tag","embeddable":true,"href":"https:\/\/catolicanet.net\/wp-cnet\/wp-json\/wp\/v2\/tags?post=57854"}],"curies":[{"name":"wp","href":"https:\/\/api.w.org\/{rel}","templated":true}]}}