{"id":57832,"date":"2020-03-26T10:22:08","date_gmt":"2020-03-26T13:22:08","guid":{"rendered":"https:\/\/catolicanet.net\/wp-cnet\/?p=57832"},"modified":"2020-03-26T10:22:08","modified_gmt":"2020-03-26T13:22:08","slug":"comissao-para-a-vida-e-familia-oferece-lives-para-fieis-e-continua-preparacao-de-subsidios","status":"publish","type":"post","link":"https:\/\/catolicanet.net\/wp-cnet\/comissao-para-a-vida-e-familia-oferece-lives-para-fieis-e-continua-preparacao-de-subsidios\/","title":{"rendered":"Comiss\u00e3o para a Vida e Fam\u00edlia oferece lives para fi\u00e9is e continua prepara\u00e7\u00e3o de subs\u00eddios"},"content":{"rendered":"<p style=\"text-align: justify;\">A Igreja tem buscado v\u00e1rias formas de continuar sua miss\u00e3o evangelizadora diante da pandemia da covid-19. Entre as Comiss\u00f5es Episcopais Pastorais da Confer\u00eancia Nacional dos Bispos do Brasil (CNBB), a Comiss\u00e3o para a Vida e a Fam\u00edlia continua suas atividades neste per\u00edodo de quarentena e isolamento domiciliar por meio de transmiss\u00f5es ao vivo nas redes sociais de momentos de ora\u00e7\u00e3o e forma\u00e7\u00e3o, al\u00e9m da prepara\u00e7\u00e3o de subs\u00eddios.<\/p>\n<p style=\"text-align: justify;\">No \u00faltimo domingo, 22 de mar\u00e7o, foi ao ar a primeira transmiss\u00e3o ao vivo (live) na p\u00e1gina da Pastoral Familiar no Facebook, administrada pela equipe da Secretaria Executiva Nacional da Comiss\u00e3o Nacional da Pastoral Familiar (CNPF). Direto de sua resid\u00eancia episcopal, em Rio Grande (RS), o presidente da Comiss\u00e3o, dom Ricardo Hoepers, conduziu o primeiro encontro virtual intitulado \u201cHora da Vida\u201d.<\/p>\n<p style=\"text-align: justify;\">O momento foi iniciado com adora\u00e7\u00e3o ao Sant\u00edssimo Sacramento, rogando pela vida e colocando a inten\u00e7\u00e3o das v\u00edtimas do novo coronav\u00edrus. Dom Ricardo ressaltou que o momento de ora\u00e7\u00e3o e forma\u00e7\u00e3o \u201cfaz bem para a sa\u00fade do corpo e da alma\u201d. Na sequ\u00eancia, o bispo refletiu sobre o tema \u201cN\u00e3o matar\u00e1s\u201d, abordando a import\u00e2ncia de defender a vida, dom de Deus. Por meio da B\u00edblia, do Catecismo e de outros materiais, como o texto-base da Campanha da Fraternidade 2020, com o tema \u201cFraternidade e vida: dom e compromisso\u201d, dom Ricardo desenvolveu a reflex\u00e3o para melhor conhecimento dos agentes de pastoral e pessoas interessadas.<\/p>\n<p style=\"text-align: justify;\">O momento Hora da Vida ser\u00e1 oferecido sempre aos domingos, \u00e0s 21h, e abordar\u00e1, at\u00e9 o dia 26 de abril, os temas \u201cSer concebido e nascer\u201d, \u201cAdoecer e curar\u201d, \u201cPerecer e morrer\u201d, \u201cO suic\u00eddio\u201d e \u201cO Evangelho da vida\u201d.<\/p>\n<p style=\"text-align: justify;\">Para as ter\u00e7as-feiras, a Comiss\u00e3o deve oferecer o momento Hora da Fam\u00edlia, tamb\u00e9m \u00e0s 21h. O encontro da \u00faltima ter\u00e7a, por problemas t\u00e9cnicos no Facebook, teve de ser adiado para quarta-feira, dia 25. O tema de aprofundamento foram \u201cOs quatro Pilares da Fam\u00edlia\u201d. Na sequ\u00eancia, ser\u00e3o estudadas as seguintes tem\u00e1ticas: \u201cVencer as crises familiares\u201d, \u201cNamoro crist\u00e3o e a for\u00e7a das paix\u00f5es\u201d, \u201cSombras e luzes no casamento\u201d, \u201cDez desejos dos filhos\u201d e \u201cOs jovens, a vida social e o futuro\u201d.<\/p>\n<h2 style=\"text-align: justify;\"><strong>Ter\u00e7o<\/strong><\/h2>\n<p style=\"text-align: justify;\">\u00c0s segundas e quintas-feiras, \u00e0s 15h, haver\u00e1 um momento de ora\u00e7\u00e3o com as inten\u00e7\u00f5es apresentadas pelo padre Crispim Guimar\u00e3es, direto da capela da casa paroquial da catedral de Dourados (MS), e tamb\u00e9m pelas pessoas que acompanham a transmiss\u00e3o ao vivo e colocam seus pedidos nos coment\u00e1rios. Na \u00faltima segunda-feira, 25, houve o primeiro ter\u00e7o.<\/p>\n<blockquote><p>\u201c<em>A grande inten\u00e7\u00e3o nesses dias \u00e9 pedir a Deus que una as nossas fam\u00edlias nas nossas casas, sobretudo, atrav\u00e9s da ora\u00e7\u00e3o, que seja um tempo para a gente aprofundar a nossa f\u00e9 atrav\u00e9s da leitura e medita\u00e7\u00e3o da Sagrada Escritura, que ajude com que as fam\u00edlias possam criar la\u00e7os mais profundos, porque vivemos em um mundo em que o corre-corre \u00e9 uma caracter\u00edstica. Que neste tempo, Deus proporcione a cada um e a cada uma essa oportunidade de se voltar para si, para a fam\u00edlia e sobretudo para Deus<\/em>\u201d, pediu padre Crispim.<\/p><\/blockquote>\n<div class=\"wp-block-image\" style=\"text-align: justify;\"><\/div>\n<p style=\"text-align: justify;\">Padre Crispim tamb\u00e9m rogou a Deus pelos governantes, para que \u201ctenham serenidade, esp\u00edrito cidad\u00e3o para que possam fazer as coisas pensando no bem da popula\u00e7\u00e3o, especialmente na popula\u00e7\u00e3o mais pobre, que \u00e9 aquela que, quando a pandemia realmente tomar propor\u00e7\u00f5es maiores, vai ser a que mais vai sofrer\u201d.<\/p>\n<p style=\"text-align: justify;\">De forma muito especial, foram lembrados os profissionais de sa\u00fade: \u201cpara que Deus possa fortalecer cada um, cada uma, \u00e9 um trabalho desafiador, s\u00e3o os que mais est\u00e3o expostos \u00e0 doen\u00e7a e s\u00e3o aqueles que podem nos proporcionar essa oportunidade de encontrar a sa\u00fade\u201d. Tamb\u00e9m os cientistas \u201cque, no mundo inteiro, atrav\u00e9s de seus projetos, est\u00e3o trabalhando para que se encontre um rem\u00e9dio, uma vacina adequada para erradicar o v\u00edrus do nosso meio\u201d.<\/p>\n<p style=\"text-align: justify;\">As transmiss\u00f5es ser\u00e3o nas redes sociais da Pastoral Familiar: inicialmente no\u00a0<a href=\"https:\/\/facebook.com\/pastoralfamiliarcnbb\">Facebook<\/a>\u00a0ou no\u00a0<a href=\"https:\/\/www.youtube.com\/user\/PastoralFamiliarCNBB\/\">Youtube<\/a>. A indica\u00e7\u00e3o \u00e9 que as pessoas se inscrevam no canal para receberem as notifica\u00e7\u00f5es das transmiss\u00f5es.<\/p>\n<h2 style=\"text-align: justify;\">Subs\u00eddios<\/h2>\n<p style=\"text-align: justify;\">Al\u00e9m das transmiss\u00f5es ao vivo nas redes sociais, tamb\u00e9m h\u00e1 o trabalho de prepara\u00e7\u00e3o de materiais e subs\u00eddios voltados para as fam\u00edlias. \u00c9 o caso do roteiro \u201cHora da Fam\u00edlia \u2013 Edi\u00e7\u00e3o Especial\u201d, que ser\u00e1 utilizado na Semana Nacional da Fam\u00edlia, no m\u00eas de agosto, com o tema \u201cEu e minha casa serviremos ao Senhor\u201d.<\/p>\n","protected":false},"excerpt":{"rendered":"<p>A Igreja tem buscado v\u00e1rias formas de continuar sua miss\u00e3o evangelizadora diante da pandemia da covid-19. Entre as Comiss\u00f5es Episcopais Pastorais da Confer\u00eancia Nacional dos Bispos do Brasil (CNBB), a Comiss\u00e3o para a Vida e a Fam\u00edlia continua suas atividades neste per\u00edodo de quarentena e isolamento domiciliar por meio de transmiss\u00f5es ao vivo nas redes [&hellip;]<\/p>\n","protected":false},"author":1,"featured_media":57833,"comment_status":"open","ping_status":"closed","sticky":false,"template":"","format":"standard","meta":{"footnotes":""},"categories":[7],"tags":[],"class_list":["post-57832","post","type-post","status-publish","format-standard","has-post-thumbnail","hentry","category-cnbb"],"_links":{"self":[{"href":"https:\/\/catolicanet.net\/wp-cnet\/wp-json\/wp\/v2\/posts\/57832","targetHints":{"allow":["GET"]}}],"collection":[{"href":"https:\/\/catolicanet.net\/wp-cnet\/wp-json\/wp\/v2\/posts"}],"about":[{"href":"https:\/\/catolicanet.net\/wp-cnet\/wp-json\/wp\/v2\/types\/post"}],"author":[{"embeddable":true,"href":"https:\/\/catolicanet.net\/wp-cnet\/wp-json\/wp\/v2\/users\/1"}],"replies":[{"embeddable":true,"href":"https:\/\/catolicanet.net\/wp-cnet\/wp-json\/wp\/v2\/comments?post=57832"}],"version-history":[{"count":1,"href":"https:\/\/catolicanet.net\/wp-cnet\/wp-json\/wp\/v2\/posts\/57832\/revisions"}],"predecessor-version":[{"id":57834,"href":"https:\/\/catolicanet.net\/wp-cnet\/wp-json\/wp\/v2\/posts\/57832\/revisions\/57834"}],"wp:featuredmedia":[{"embeddable":true,"href":"https:\/\/catolicanet.net\/wp-cnet\/wp-json\/wp\/v2\/media\/57833"}],"wp:attachment":[{"href":"https:\/\/catolicanet.net\/wp-cnet\/wp-json\/wp\/v2\/media?parent=57832"}],"wp:term":[{"taxonomy":"category","embeddable":true,"href":"https:\/\/catolicanet.net\/wp-cnet\/wp-json\/wp\/v2\/categories?post=57832"},{"taxonomy":"post_tag","embeddable":true,"href":"https:\/\/catolicanet.net\/wp-cnet\/wp-json\/wp\/v2\/tags?post=57832"}],"curies":[{"name":"wp","href":"https:\/\/api.w.org\/{rel}","templated":true}]}}