{"id":57812,"date":"2020-03-26T09:41:46","date_gmt":"2020-03-26T12:41:46","guid":{"rendered":"https:\/\/catolicanet.net\/wp-cnet\/?p=57812"},"modified":"2020-03-26T09:41:46","modified_gmt":"2020-03-26T12:41:46","slug":"coronavirus-as-normas-para-celebrar-a-semana-santa","status":"publish","type":"post","link":"https:\/\/catolicanet.net\/wp-cnet\/coronavirus-as-normas-para-celebrar-a-semana-santa\/","title":{"rendered":"Coronav\u00edrus: as normas para celebrar a Semana Santa"},"content":{"rendered":"<div class=\"article__subTitle\" style=\"text-align: justify;\">A Congrega\u00e7\u00e3o para o Culto Divino determina como organizar os ritos do momento central para a f\u00e9 crist\u00e3 nos pa\u00edses afetados pelo Covid-19. Onde as restri\u00e7\u00f5es est\u00e3o em vigor, n\u00e3o ser\u00e1 poss\u00edvel reunir os fi\u00e9is na assembleia.<\/div>\n<div class=\"title__separator\" style=\"text-align: justify;\"><\/div>\n<div class=\"article__text\">\n<p style=\"text-align: justify;\"><b>Cidade do Vaticano<\/b><\/p>\n<p style=\"text-align: justify;\">A pandemia de Coronav\u00edrus exigiu do Dicast\u00e9rio para o Culto Divino e a Disciplina dos Sacramentos a elabora\u00e7\u00e3o de um Decreto com \u201cindica\u00e7\u00f5es gerais\u201d a serem seguidas na organiza\u00e7\u00e3o de celebra\u00e7\u00f5es que v\u00e3o desde o Domingo de Ramos ao Domingo de P\u00e1scoa. Um documento que atualiza o publicado em 19 de mar\u00e7o, divulgado nesta quarta-feira (25\/03), tornou-se necess\u00e1rio, \u201cconsiderando a r\u00e1pida evolu\u00e7\u00e3o da pandemia\u201d e \u201clevando em considera\u00e7\u00e3o as observa\u00e7\u00f5es recebidas das Confer\u00eancias Episcopais\u201d.<\/p>\n<p style=\"text-align: justify;\">Como a data da P\u00e1scoa n\u00e3o pode ser transferida, nos pa\u00edses afetados pela doen\u00e7a, onde est\u00e3o previstas restri\u00e7\u00f5es aos encontros e movimentos de pessoas, os bispos e os presb\u00edteros celebram os ritos da Semana Santa sem a participa\u00e7\u00e3o do povo e em local adequado, evitando a concelebra\u00e7\u00e3o e omitindo o abra\u00e7o da paz.<\/p>\n<p style=\"text-align: justify;\">Os fi\u00e9is s\u00e3o informados do hor\u00e1rio de in\u00edcio das celebra\u00e7\u00f5es, para que possam se unir na ora\u00e7\u00e3o em suas casas. Os meios de comunica\u00e7\u00e3o telem\u00e1ticos ao vivo e n\u00e3o registrados, podem ajudar. De qualquer forma, continua sendo importante dedicar um tempo adequado \u00e0 ora\u00e7\u00e3o, valorizando principalmente a\u00a0<i>Liturgia Horarum<\/i>.<\/p>\n<p style=\"text-align: justify;\"><b>1 &#8211; Domingo de Ramos<\/b>. A recorda\u00e7\u00e3o da Entrada do Senhor em Jerusal\u00e9m seja celebrada dentro do edif\u00edcio sagrado; nas igrejas catedrais seja adotada a segunda forma prevista pelo Missal Romano, nas igrejas paroquiais e em outros lugares a terceira.<\/p>\n<p style=\"text-align: justify;\"><b>2 \u2013 A Missa crismal &#8211;\u00a0<\/b>Avaliando o caso concreto nos diversos pa\u00edses, o Bispo tem a faculdade de a adiar para data posterior.<\/p>\n<p style=\"text-align: justify;\"><b>3 \u2013 Indica\u00e7\u00f5es para o Tr\u00edduo Pascal<\/b><\/p>\n<p style=\"text-align: justify;\">Onde a autoridade civil e eclesial imp\u00f4s restri\u00e7\u00f5es, atenda-se ao que se segue em rela\u00e7\u00e3o ao Tr\u00edduo Pascal. Os Bispos dar\u00e3o indica\u00e7\u00f5es, de acordo com a Confer\u00eancia Episcopal, para que na Igreja Catedral e nas Igrejas paroquiais, mesmo sem a participa\u00e7\u00e3o dos fi\u00e9is, o bispo e os p\u00e1rocos celebrem os mist\u00e9rios lit\u00fargicos do Tr\u00edduo Pascal, avisando os fi\u00e9is da hora de in\u00edcio de modo a que se possam unir em ora\u00e7\u00e3o nas respectivas habita\u00e7\u00f5es. Neste caso s\u00e3o uma ajuda os meios de comunica\u00e7\u00e3o por telas ao vivo, n\u00e3o gravada. A Confer\u00eancia Episcopal e cada Diocese n\u00e3o deixem de oferecer subs\u00eddios para ajudar a ora\u00e7\u00e3o familiar e pessoal.<\/p>\n<p style=\"text-align: justify;\">Na\u00a0<b>Quinta-Feira Santa<\/b>, nas Igrejas catedrais e paroquiais, na medida da real possibilidade estabelecida por quem de direito, os sacerdotes da par\u00f3quia podem concelebrar a Missa na Ceia do Senhor; concede-se a t\u00edtulo excecional a todos os sacerdotes a faculdade de celebrar neste dia, em lugar adequado, a Missa sem o povo. O lava-p\u00e9s, j\u00e1 facultativo, omite-se. No t\u00e9rmino da Missa na Ceia do Senhor omite-se a prociss\u00e3o e o Sant\u00edssimo Sacramento seja conservado no Sacr\u00e1rio. Os sacerdotes que n\u00e3o tenham a possibilidade de celebrar a Missa, em vez dela rezar\u00e3o as V\u00e9speras (cf. Liturgia Horarum).<\/p>\n<p style=\"text-align: justify;\">Na\u00a0<b>Sexta-Feira Santa<\/b>, nas igrejas catedrais e paroquiais, na medida da real possibilidade estabelecida por quem de direito, o Bispo \/ o p\u00e1roco celebra a Paix\u00e3o do Senhor. Na ora\u00e7\u00e3o universal, o Bispo Diocesano ter\u00e1 o cuidado de estabelecer uma inten\u00e7\u00e3o especial pelos doentes, pelos defuntos e por aqueles que sofreram alguma perda (cf. Missal Romano, p\u00e1g. 255, n. 12).<\/p>\n<p style=\"text-align: justify;\"><b>Domingo de P\u00e1scoa. A Vig\u00edlia Pascal<\/b>\u00a0celebra-se apenas nas igrejas catedrais e paroquiais, na medida da real possibilidade estabelecida por quem de direito. Para o \u201cIn\u00edcio da vig\u00edlia ou Lucern\u00e1rio\u201d omite-se o acender do fogo, acende-se o c\u00edrio e, omitindo a prociss\u00e3o, segue-se o prec\u00f4nio pascal (Exsultet). Segue-se a \u201cLiturgia da Palavra\u201d. Para a \u201cLiturgia batismal\u201d, apenas se renovam as promessas batismais (cf. Missal Romano, p\u00e1g. 288, n. 46). Segue-se a \u201cLiturgia eucar\u00edstica\u201d.<\/p>\n<p style=\"text-align: justify;\">Aqueles que n\u00e3o podem de modo nenhum unir-se \u00e0 Vig\u00edlia Pascal celebrada na igreja, rezam o Of\u00edcio de Leituras indicado para o Domingo de P\u00e1scoa (cf. Liturgia Horarum).<\/p>\n<p style=\"text-align: justify;\">Os mosteiros, os semin\u00e1rios e as comunidades religiosas, observem as indica\u00e7\u00f5es desse decreto.<\/p>\n<p style=\"text-align: justify;\">As express\u00f5es de piedade popular e as prociss\u00f5es que enriquecem os dias da Semana Santa e do Tr\u00edduo Pascal, a ju\u00edzo do Bispo diocesano poder\u00e3o ser transferidas para outros dias convenientes, por ex., 14 e 15 de Setembro.<\/p>\n<p style=\"text-align: justify;\"><i>De mandato Summi Pontificis pro hoc tantum anno 2020\u00a0<\/i><\/p>\n<p style=\"text-align: justify;\">Sede da Congrega\u00e7\u00e3o para o Culto Divino e a Disciplina dos Sacramentos, 25 de mar\u00e7o de 2020, Solenidade da Anuncia\u00e7\u00e3o do Senhor.<\/p>\n<p style=\"text-align: justify;\">O Decreto \u00e9 assinado pelo Prefeito do Dicast\u00e9rio, cardeal Robert Sarah e pelo secret\u00e1rio, arcebispo Arthur Roche.<\/p>\n<\/div>\n","protected":false},"excerpt":{"rendered":"<p>A Congrega\u00e7\u00e3o para o Culto Divino determina como organizar os ritos do momento central para a f\u00e9 crist\u00e3 nos pa\u00edses afetados pelo Covid-19. Onde as restri\u00e7\u00f5es est\u00e3o em vigor, n\u00e3o ser\u00e1 poss\u00edvel reunir os fi\u00e9is na assembleia. Cidade do Vaticano A pandemia de Coronav\u00edrus exigiu do Dicast\u00e9rio para o Culto Divino e a Disciplina dos [&hellip;]<\/p>\n","protected":false},"author":1,"featured_media":57813,"comment_status":"open","ping_status":"closed","sticky":false,"template":"","format":"standard","meta":{"footnotes":""},"categories":[3],"tags":[],"class_list":["post-57812","post","type-post","status-publish","format-standard","has-post-thumbnail","hentry","category-vaticano"],"_links":{"self":[{"href":"https:\/\/catolicanet.net\/wp-cnet\/wp-json\/wp\/v2\/posts\/57812","targetHints":{"allow":["GET"]}}],"collection":[{"href":"https:\/\/catolicanet.net\/wp-cnet\/wp-json\/wp\/v2\/posts"}],"about":[{"href":"https:\/\/catolicanet.net\/wp-cnet\/wp-json\/wp\/v2\/types\/post"}],"author":[{"embeddable":true,"href":"https:\/\/catolicanet.net\/wp-cnet\/wp-json\/wp\/v2\/users\/1"}],"replies":[{"embeddable":true,"href":"https:\/\/catolicanet.net\/wp-cnet\/wp-json\/wp\/v2\/comments?post=57812"}],"version-history":[{"count":1,"href":"https:\/\/catolicanet.net\/wp-cnet\/wp-json\/wp\/v2\/posts\/57812\/revisions"}],"predecessor-version":[{"id":57814,"href":"https:\/\/catolicanet.net\/wp-cnet\/wp-json\/wp\/v2\/posts\/57812\/revisions\/57814"}],"wp:featuredmedia":[{"embeddable":true,"href":"https:\/\/catolicanet.net\/wp-cnet\/wp-json\/wp\/v2\/media\/57813"}],"wp:attachment":[{"href":"https:\/\/catolicanet.net\/wp-cnet\/wp-json\/wp\/v2\/media?parent=57812"}],"wp:term":[{"taxonomy":"category","embeddable":true,"href":"https:\/\/catolicanet.net\/wp-cnet\/wp-json\/wp\/v2\/categories?post=57812"},{"taxonomy":"post_tag","embeddable":true,"href":"https:\/\/catolicanet.net\/wp-cnet\/wp-json\/wp\/v2\/tags?post=57812"}],"curies":[{"name":"wp","href":"https:\/\/api.w.org\/{rel}","templated":true}]}}