{"id":57799,"date":"2020-03-25T09:56:26","date_gmt":"2020-03-25T12:56:26","guid":{"rendered":"https:\/\/catolicanet.net\/wp-cnet\/?p=57799"},"modified":"2020-03-25T09:56:26","modified_gmt":"2020-03-25T12:56:26","slug":"o-sim-de-maria-e-se-saber-dizer-sim-pudesse-mudar-a-sua-vida","status":"publish","type":"post","link":"https:\/\/catolicanet.net\/wp-cnet\/o-sim-de-maria-e-se-saber-dizer-sim-pudesse-mudar-a-sua-vida\/","title":{"rendered":"O \u201csim\u201d de Maria: e se saber dizer \u201csim\u201d pudesse mudar a sua vida?"},"content":{"rendered":"<h2 class=\"subtitle\" style=\"text-align: justify;\">Atrav\u00e9s do mist\u00e9rio de sua Anuncia\u00e7\u00e3o, a Virgem Maria nos mostra como dizer \u201csim\u201d em alegre rendi\u00e7\u00e3o \u00e0 vontade de Deus. E se, como M\u00e3e de Deus, voc\u00ea dissesse \u201csim\u201d aos pequenos chamados da vida cotidiana?<\/h2>\n<div class=\"base-post-content\">\n<p class=\"p4\" style=\"text-align: justify;\"><span class=\"s1\">\u201cEnt\u00e3o disse Maria: \u201cEis aqui a serva do Senhor. Fa\u00e7a-se em mim segundo a tua palavra\u201d\u201d (Lc 1, 38). Sem d\u00favida, lemos e ouvimos essas palavras dezenas, centenas de vezes. Talvez estejamos acostumados com elas. Parece-nos quase \u00f3bvio que Maria assim respondeu ao anjo Gabriel. N\u00e3o nos sentimos surpresos com esse \u201csim\u201d que virou hist\u00f3ria. Esquecemos de nos maravilhar com isso.<\/span><\/p>\n<p class=\"p4\" style=\"text-align: justify;\"><span class=\"s1\">No entanto, o que ter\u00edamos respondido n\u00f3s em seu lugar? \u00c9 f\u00e1cil assim para n\u00f3s consentir com a vontade de Deus? N\u00e3o somos Maria, \u00e9 claro, mas ela \u00e9 uma mulher como n\u00f3s. O fato de ter sido preservada do pecado original n\u00e3o a torna uma criatura fora do mundo, livre de todas as tenta\u00e7\u00f5es. Ela poderia ter dito \u201cn\u00e3o\u201d ao anjo, ela n\u00e3o foi programada para dizer \u201csim\u201d.<\/span><\/p>\n<p class=\"p4\" style=\"text-align: justify;\"><span class=\"s1\"><b>Obedecer n\u00e3o \u00e9 ser \u201cest\u00fapido e disciplinado\u201d<\/b><\/span><\/p>\n<p class=\"p4\" style=\"text-align: justify;\"><span class=\"s1\">Portanto, Maria responde livremente. Mesmo cheia de emo\u00e7\u00f5es, ela n\u00e3o tem medo nem \u00e9 passiva. A prova disso \u00e9 que ela n\u00e3o se contenta em apenas escutar sem reagir, mas pensa no que a sauda\u00e7\u00e3o do anjo pode significar. Ela o questiona sobre o modo como o que ele anuncia ser\u00e1 realizado. Ela tem uma resposta, mesmo que ele n\u00e3o tenha pedido especificamente. O pr\u00f3prio fato de ela concordar mostra que ela n\u00e3o se sente for\u00e7ada a dizer \u201csim\u201d. Ela n\u00e3o se submete \u00e0 encarna\u00e7\u00e3o, mas aceita-a voluntariamente, com todo o seu ser, sem qualquer servilismo.<\/span><\/p>\n<p class=\"p4\" style=\"text-align: justify;\"><span class=\"s1\">Atrav\u00e9s dessa atitude, Maria nos ensina que obedecer n\u00e3o \u00e9 ser \u201cest\u00fapido e disciplinado\u201d. Pelo contr\u00e1rio, devemos utilizar todos os talentos que Deus nos deu \u2013 incluindo nossa intelig\u00eancia \u2013 para aderir ao seu plano de amor. Maria \u00e9 serva do Senhor, n\u00e3o sua escrava. A resposta de Maria n\u00e3o tarda. Ela n\u00e3o hesita: sem demora, adere ao plano de Deus. Tudo est\u00e1 claro, ent\u00e3o ela n\u00e3o quer adiar seu acordo. Ela n\u00e3o entendeu tudo, mas entendeu o essencial: quanto ao resto, confiava naquele que sabe melhor o que \u00e9 bom para ela.<\/span><\/p>\n<p class=\"p4\" style=\"text-align: justify;\"><span class=\"s1\">Contudo, antes de responder ao chamado de Deus, \u00e0s vezes \u00e9 necess\u00e1rio um tempo de discernimento. N\u00e3o se entra no convento ou n\u00e3o se casa da noite para o dia; e mesmo quando se trata de escolhas menos decisivas, pode ser desej\u00e1vel n\u00e3o se comprometer antes de ter orado, refletido, pedido conselhos. Dito isto, ser\u00e1 que estamos prontos para dizer \u201csim\u201d ao Senhor, qual seja o seu pedido? Ou ser\u00e1 que este tempo de reflex\u00e3o est\u00e1 sendo ditado, na verdade, pelo medo de nos comprometermos, pela nossa hesita\u00e7\u00e3o em seguir a Deus?<\/span><\/p>\n<div class=\"nativo-inread\" style=\"text-align: justify;\"><\/div>\n<p class=\"p4\" style=\"text-align: justify;\"><span class=\"s1\"><b>O \u201csim\u201d de Maria, um ato de confian\u00e7a inspirador<\/b><\/span><\/p>\n<p class=\"p4\" style=\"text-align: justify;\"><span class=\"s1\">De muitas maneiras, \u00e9 um salto para o desconhecido. O que \u00e9 pedido a Maria est\u00e1 completamente al\u00e9m dela. Ela n\u00e3o sabe aonde isso a levar\u00e1. Ela n\u00e3o sabe qual ser\u00e1 a rea\u00e7\u00e3o de Jos\u00e9 e tem todos os motivos para temer um mal-entendido ou mesmo o estigma das pessoas ao seu redor. Mas a vontade de Deus s\u00f3 pode ser uma vontade de amor, e Maria n\u00e3o tinha d\u00favida disso.<\/span><\/p>\n<p class=\"p4\" style=\"text-align: justify;\"><span class=\"s1\">E n\u00f3s? Acreditamos com todo o nosso ser que Deus nos ama infinitamente e deseja o melhor para n\u00f3s? N\u00e3o sejamos presos pelas mentiras do Maligno: ele sugere que sejamos cautelosos com Deus, ele tem mil maneiras de nos mostrar que nossa felicidade n\u00e3o \u00e9 obedecer a Deus, mas tudo conforme o nosso querer. Funcionou no come\u00e7o da humanidade, com Eva, e ainda funciona conosco hoje em dia. Mas n\u00e3o funcionou com Maria.<\/span><\/p>\n<p class=\"p4\" style=\"text-align: justify;\"><span class=\"s1\"><b>Pequenos \u201can\u00fancios\u201d da vida cotidiana<\/b><\/span><\/p>\n<p class=\"p4\" style=\"text-align: justify;\"><span class=\"s1\">Maria tem certeza do amor de Deus: da\u00ed vem a alegria que a habita e que logo explodir\u00e1 no c\u00e2ntico do Magnificat. Ela n\u00e3o se preocupa desnecessariamente com o futuro. Ela n\u00e3o se rebela contra um chamado que virou sua vida de cabe\u00e7a para baixo. Pelo contr\u00e1rio, ela se rende \u00e0 felicidade de ser amada. Pe\u00e7amos que ela nos ensine a ter essa confian\u00e7a incondicional, que v\u00ea em todo chamado de Deus um plano de amor.<\/span><\/p>\n<p class=\"p4\" style=\"text-align: justify;\"><span class=\"s1\">Quando a vontade de Deus vai contra nossos planos, ficamos t\u00e3o facilmente decepcionados, descontentes e amargos! N\u00f3s reclamamos com tanta facilidade sobre o nosso destino, a partir do momento que nossos desejos s\u00e3o frustrados. Pensemos em todos os pequenos \u201can\u00fancios\u201d de nossas vidas di\u00e1rias, em todos os \u201csim\u201d que o Senhor nos convida a dizer ao longo dos dias: sim para o despertar que soa muito cedo para o nosso gosto; sim \u00e0 sa\u00edda cancelada porque crian\u00e7a est\u00e1 doente; sim para o colega de trabalho que nos \u00e9 hostil. Atrav\u00e9s de tudo isso, o Senhor quer fazer maravilhas em nossas vidas. Ele est\u00e1 apenas esperando nosso simples consentimento!<\/span><\/p>\n<p class=\"p5\" style=\"text-align: justify;\"><span class=\"s1\">Christine Ponsard<\/span><\/p>\n<\/div>\n","protected":false},"excerpt":{"rendered":"<p>Atrav\u00e9s do mist\u00e9rio de sua Anuncia\u00e7\u00e3o, a Virgem Maria nos mostra como dizer \u201csim\u201d em alegre rendi\u00e7\u00e3o \u00e0 vontade de Deus. E se, como M\u00e3e de Deus, voc\u00ea dissesse \u201csim\u201d aos pequenos chamados da vida cotidiana? \u201cEnt\u00e3o disse Maria: \u201cEis aqui a serva do Senhor. Fa\u00e7a-se em mim segundo a tua palavra\u201d\u201d (Lc 1, 38). [&hellip;]<\/p>\n","protected":false},"author":1,"featured_media":57800,"comment_status":"open","ping_status":"closed","sticky":false,"template":"","format":"standard","meta":{"footnotes":""},"categories":[4],"tags":[],"class_list":["post-57799","post","type-post","status-publish","format-standard","has-post-thumbnail","hentry","category-cotidiano"],"_links":{"self":[{"href":"https:\/\/catolicanet.net\/wp-cnet\/wp-json\/wp\/v2\/posts\/57799","targetHints":{"allow":["GET"]}}],"collection":[{"href":"https:\/\/catolicanet.net\/wp-cnet\/wp-json\/wp\/v2\/posts"}],"about":[{"href":"https:\/\/catolicanet.net\/wp-cnet\/wp-json\/wp\/v2\/types\/post"}],"author":[{"embeddable":true,"href":"https:\/\/catolicanet.net\/wp-cnet\/wp-json\/wp\/v2\/users\/1"}],"replies":[{"embeddable":true,"href":"https:\/\/catolicanet.net\/wp-cnet\/wp-json\/wp\/v2\/comments?post=57799"}],"version-history":[{"count":1,"href":"https:\/\/catolicanet.net\/wp-cnet\/wp-json\/wp\/v2\/posts\/57799\/revisions"}],"predecessor-version":[{"id":57801,"href":"https:\/\/catolicanet.net\/wp-cnet\/wp-json\/wp\/v2\/posts\/57799\/revisions\/57801"}],"wp:featuredmedia":[{"embeddable":true,"href":"https:\/\/catolicanet.net\/wp-cnet\/wp-json\/wp\/v2\/media\/57800"}],"wp:attachment":[{"href":"https:\/\/catolicanet.net\/wp-cnet\/wp-json\/wp\/v2\/media?parent=57799"}],"wp:term":[{"taxonomy":"category","embeddable":true,"href":"https:\/\/catolicanet.net\/wp-cnet\/wp-json\/wp\/v2\/categories?post=57799"},{"taxonomy":"post_tag","embeddable":true,"href":"https:\/\/catolicanet.net\/wp-cnet\/wp-json\/wp\/v2\/tags?post=57799"}],"curies":[{"name":"wp","href":"https:\/\/api.w.org\/{rel}","templated":true}]}}