{"id":57796,"date":"2020-03-25T09:53:48","date_gmt":"2020-03-25T12:53:48","guid":{"rendered":"https:\/\/catolicanet.net\/wp-cnet\/?p=57796"},"modified":"2020-03-25T09:53:48","modified_gmt":"2020-03-25T12:53:48","slug":"5-maneiras-criativas-que-os-padres-encontraram-para-continuar-servindo","status":"publish","type":"post","link":"https:\/\/catolicanet.net\/wp-cnet\/5-maneiras-criativas-que-os-padres-encontraram-para-continuar-servindo\/","title":{"rendered":"5 maneiras criativas que os padres encontraram para continuar servindo"},"content":{"rendered":"<h2 class=\"subtitle\" style=\"text-align: justify;\">Maneiras inusitadas e seguras de levar a f\u00e9 aos que mais precisam e no momento em que mais necessitam<\/h2>\n<div class=\"base-post-content\">Em tempos de crise, muitos buscam esperan\u00e7a e consolo em Deus. Com as Missas p\u00fablicas canceladas em todo o mundo, muitos cat\u00f3licos ficam desprovidos dessa garantia. Mas neste momento, membros do clero est\u00e3o mostrando sua capacidade criativa para continuar servindo a Deus e, sobretudo, aos fi\u00e9is.<\/p>\n<p style=\"text-align: justify;\">Aqui est\u00e3o algumas das melhores ideias que vimos at\u00e9 agora. Por\u00e9m, se o seu \u00a0p\u00e1roco encontrou maneiras de continuar inspirando sua f\u00e9 durante esse per\u00edodo de incerteza, adorar\u00edamos conhec\u00ea-las. Portanto, escreva pra gente nos coment\u00e1rios.<\/p>\n<p style=\"text-align: justify;\">E lembre-se: mesmo que voc\u00ea n\u00e3o possa assistir \u00e0 Missa presencialmente, h\u00e1 muitas maneiras de praticar sua f\u00e9, como fazer a comunh\u00e3o espiritual, \u00a0ler as Escrituras e rezar em casa.<\/p>\n<p style=\"text-align: justify;\">Tudo o que voc\u00ea conseguir fazer, saiba que n\u00e3o est\u00e1 sozinho e se unir em ora\u00e7\u00e3o \u00e9 uma maneira digna de lutar contra o coronav\u00edrus.<\/p>\n<p style=\"text-align: justify;\">Clique em \u201cAbrir a galeria de fotos\u201d e confira a criatividade dos sacerdotes para continuar celebrando em tempos de pandemia.<\/p>\n<div class=\"aleteia-slideshow-cta\"><img decoding=\"async\" src=\"https:\/\/aleteiaportuguese.files.wordpress.com\/2020\/03\/web3-pray-car-transportation-afp-000_1q35ff.jpg?quality=100&amp;strip=all&amp;w=720\" data-lazy-loaded=\"true\" \/><\/div>\n<\/div>\n","protected":false},"excerpt":{"rendered":"<p>Maneiras inusitadas e seguras de levar a f\u00e9 aos que mais precisam e no momento em que mais necessitam Em tempos de crise, muitos buscam esperan\u00e7a e consolo em Deus. Com as Missas p\u00fablicas canceladas em todo o mundo, muitos cat\u00f3licos ficam desprovidos dessa garantia. Mas neste momento, membros do clero est\u00e3o mostrando sua capacidade [&hellip;]<\/p>\n","protected":false},"author":1,"featured_media":57797,"comment_status":"open","ping_status":"closed","sticky":false,"template":"","format":"standard","meta":{"footnotes":""},"categories":[4],"tags":[],"class_list":["post-57796","post","type-post","status-publish","format-standard","has-post-thumbnail","hentry","category-cotidiano"],"_links":{"self":[{"href":"https:\/\/catolicanet.net\/wp-cnet\/wp-json\/wp\/v2\/posts\/57796","targetHints":{"allow":["GET"]}}],"collection":[{"href":"https:\/\/catolicanet.net\/wp-cnet\/wp-json\/wp\/v2\/posts"}],"about":[{"href":"https:\/\/catolicanet.net\/wp-cnet\/wp-json\/wp\/v2\/types\/post"}],"author":[{"embeddable":true,"href":"https:\/\/catolicanet.net\/wp-cnet\/wp-json\/wp\/v2\/users\/1"}],"replies":[{"embeddable":true,"href":"https:\/\/catolicanet.net\/wp-cnet\/wp-json\/wp\/v2\/comments?post=57796"}],"version-history":[{"count":1,"href":"https:\/\/catolicanet.net\/wp-cnet\/wp-json\/wp\/v2\/posts\/57796\/revisions"}],"predecessor-version":[{"id":57798,"href":"https:\/\/catolicanet.net\/wp-cnet\/wp-json\/wp\/v2\/posts\/57796\/revisions\/57798"}],"wp:featuredmedia":[{"embeddable":true,"href":"https:\/\/catolicanet.net\/wp-cnet\/wp-json\/wp\/v2\/media\/57797"}],"wp:attachment":[{"href":"https:\/\/catolicanet.net\/wp-cnet\/wp-json\/wp\/v2\/media?parent=57796"}],"wp:term":[{"taxonomy":"category","embeddable":true,"href":"https:\/\/catolicanet.net\/wp-cnet\/wp-json\/wp\/v2\/categories?post=57796"},{"taxonomy":"post_tag","embeddable":true,"href":"https:\/\/catolicanet.net\/wp-cnet\/wp-json\/wp\/v2\/tags?post=57796"}],"curies":[{"name":"wp","href":"https:\/\/api.w.org\/{rel}","templated":true}]}}