{"id":57761,"date":"2020-03-24T16:37:32","date_gmt":"2020-03-24T19:37:32","guid":{"rendered":"https:\/\/catolicanet.net\/wp-cnet\/?p=57761"},"modified":"2020-03-24T16:37:32","modified_gmt":"2020-03-24T19:37:32","slug":"filhos-da-luz-2","status":"publish","type":"post","link":"https:\/\/catolicanet.net\/wp-cnet\/filhos-da-luz-2\/","title":{"rendered":"Filhos da luz"},"content":{"rendered":"<p style=\"text-align: justify;\">Nestes tempos de coronav\u00edrus, Deus n\u00e3o cessa de enviar mensageiros, que, inflamados pelo Esp\u00edrito Santo, iluminam nossa escurid\u00e3o. Nele encontramos for\u00e7a e \u00e2nimo, quando se buscam a\u00e7\u00f5es luminosas, e, confiantes no seu constante poder, como peregrinos, j\u00e1 antevemos seus sinais restauradores, fazendo \u201cnovas todas as coisas\u201d. Aproveitemos, pois, do que Deus nos concede, hoje, quebrando nossa solid\u00e3o, ao nos aproximar dos irm\u00e3os e irm\u00e3s, na dor e na ang\u00fastia do isolamento, com mensagem de esperan\u00e7a, atrav\u00e9s da ferramenta das redes sociais.<\/p>\n<p style=\"text-align: justify;\">Em consequ\u00eancia da cegueira, indiferen\u00e7a e pouca sensibilidade dos atuais fariseus e mestres da lei, como ensinou o Evangelho do cego de Silo\u00e9, Jesus n\u00e3o \u00e9 escutado. Num esp\u00edrito mundano, f\u00fatil, raivoso ou truculento, eles abra\u00e7aram uma proposta larga, no convite de caminhar na l\u00f3gica cega e demon\u00edaca da serpente, a ponto de substituir aut\u00eanticos pregadores e profetas por anunciadores falsos ou delet\u00e9rios dem\u00f4nios.<\/p>\n<p style=\"text-align: justify;\">Fica patente a cegueira acima mencionada: a do corpo e da alma. Jesus curou a cegueira do corpo, acontecimento estrondoso, prodigioso e raro. Por causa da obstinada cegueira, que n\u00e3o nos falte a cren\u00e7a no poder salv\u00edfico de Jesus de Nazar\u00e9, curando nossa alma, pois n\u00e3o foi poss\u00edvel a cura naquela gente. De todos os sentidos, o mais precioso \u00e9 o da vis\u00e3o. Ao se revelar maravilhoso instrumento da luz, na luminosidade que vem l\u00e1 do alto, como porta ou janela, as pessoas s\u00e3o chamadas a perceberem o exterior e o interior, na \u201cluz dos olhos\u201d e no \u201cespelho da alma&#8221;.<\/p>\n<p style=\"text-align: justify;\">O Deus que quer nos amparar em todas as circunst\u00e2ncias, seja a luz dos nossos olhos, sempre vigilantes, sem nada de autossufici\u00eancia. Saibamos, pois, buscar nos amigos de Deus, seguidores generosos e ardorosos, que ajudam a nos distanciarmos das ciladas de dem\u00f4nios e embusteiros, num n\u00e3o \u00e0s suas pr\u00f3prias paix\u00f5es e falso esplendor. Com a gra\u00e7a do bom Deus, n\u00e3o adorme\u00e7amos jamais, para n\u00e3o sermos vencidos pelas trevas. Na clareza do caminho verdadeiro, que n\u00e3o nos afastemos da ordem de Deus: a de vivermos como filhos da luz.<\/p>\n<p style=\"text-align: justify;\">Deus quer tamb\u00e9m aumentar nossa responsabilidade, mesmo no distanciamento, indispens\u00e1vel como nutri\u00e7\u00e3o da esperan\u00e7a que faz viver, pelas atitudes e pelos gestos edificantes, num cora\u00e7\u00e3o alegre e cheio de amor. Privados do calor humano f\u00edsico, a dist\u00e2ncia, exercitemos o terno e af\u00e1vel poderoso instrumento, atrav\u00e9s dos meios que nos s\u00e3o colocados, sobretudo os das redes sociais. A ora\u00e7\u00e3o, convenhamos, \u00e9 a nossa grande for\u00e7a. O Esp\u00edrito de Deus quer nos suscitar; dele vem a luz e nele encontramos for\u00e7a e coragem para realizarmos boas a\u00e7\u00f5es. Assim seja!<\/p>\n","protected":false},"excerpt":{"rendered":"<p>Nestes tempos de coronav\u00edrus, Deus n\u00e3o cessa de enviar mensageiros, que, inflamados pelo Esp\u00edrito Santo, iluminam nossa escurid\u00e3o. Nele encontramos for\u00e7a e \u00e2nimo, quando se buscam a\u00e7\u00f5es luminosas, e, confiantes no seu constante poder, como peregrinos, j\u00e1 antevemos seus sinais restauradores, fazendo \u201cnovas todas as coisas\u201d. Aproveitemos, pois, do que Deus nos concede, hoje, quebrando [&hellip;]<\/p>\n","protected":false},"author":6,"featured_media":55824,"comment_status":"open","ping_status":"closed","sticky":false,"template":"","format":"standard","meta":{"footnotes":""},"categories":[9],"tags":[],"class_list":["post-57761","post","type-post","status-publish","format-standard","has-post-thumbnail","hentry","category-artigos"],"_links":{"self":[{"href":"https:\/\/catolicanet.net\/wp-cnet\/wp-json\/wp\/v2\/posts\/57761","targetHints":{"allow":["GET"]}}],"collection":[{"href":"https:\/\/catolicanet.net\/wp-cnet\/wp-json\/wp\/v2\/posts"}],"about":[{"href":"https:\/\/catolicanet.net\/wp-cnet\/wp-json\/wp\/v2\/types\/post"}],"author":[{"embeddable":true,"href":"https:\/\/catolicanet.net\/wp-cnet\/wp-json\/wp\/v2\/users\/6"}],"replies":[{"embeddable":true,"href":"https:\/\/catolicanet.net\/wp-cnet\/wp-json\/wp\/v2\/comments?post=57761"}],"version-history":[{"count":1,"href":"https:\/\/catolicanet.net\/wp-cnet\/wp-json\/wp\/v2\/posts\/57761\/revisions"}],"predecessor-version":[{"id":57762,"href":"https:\/\/catolicanet.net\/wp-cnet\/wp-json\/wp\/v2\/posts\/57761\/revisions\/57762"}],"wp:featuredmedia":[{"embeddable":true,"href":"https:\/\/catolicanet.net\/wp-cnet\/wp-json\/wp\/v2\/media\/55824"}],"wp:attachment":[{"href":"https:\/\/catolicanet.net\/wp-cnet\/wp-json\/wp\/v2\/media?parent=57761"}],"wp:term":[{"taxonomy":"category","embeddable":true,"href":"https:\/\/catolicanet.net\/wp-cnet\/wp-json\/wp\/v2\/categories?post=57761"},{"taxonomy":"post_tag","embeddable":true,"href":"https:\/\/catolicanet.net\/wp-cnet\/wp-json\/wp\/v2\/tags?post=57761"}],"curies":[{"name":"wp","href":"https:\/\/api.w.org\/{rel}","templated":true}]}}