{"id":5774,"date":"2015-04-30T14:19:23","date_gmt":"2015-04-30T17:19:23","guid":{"rendered":"http:\/\/catolicanet.net\/wp-cnet\/trafico-humano-documento-sobre-o-compromisso-cristao\/"},"modified":"2017-04-07T11:21:12","modified_gmt":"2017-04-07T14:21:12","slug":"trafico-humano-documento-sobre-o-compromisso-cristao","status":"publish","type":"post","link":"https:\/\/catolicanet.net\/wp-cnet\/trafico-humano-documento-sobre-o-compromisso-cristao\/","title":{"rendered":"Tr\u00e1fico humano: documento sobre o compromisso crist\u00e3o"},"content":{"rendered":"<p style=\"text-align: justify;\"><img decoding=\"async\" src=\"http:\/\/catolicanet.com.br\/images\/stories\/geral\/traficosereshumanos.jpg\" border=\"0\" align=\"left\" \/>O Conselho Pontif\u00edcio para a Pastoral dos Migrantes e Itinerantes e a Caritas Internacional apresentaram, nesta quarta-feira dia 29 de abril em Roma, um documento intitulado \u201cCompromisso crist\u00e3o\u201d, redigido juntamente com a rede ecum\u00e9nica Coatnet.<\/p>\n<p>O texto foi apresentado por esses organismos na sede da Caritas Internacional. A apresenta\u00e7\u00e3o contou com a presen\u00e7a do Presidente do Conselho Pontif\u00edcio para a Pastoral dos Migrantes e Itinerantes, Cardeal Antonio Mario Vegli\u00f2, e do Secret\u00e1rio-Geral da Caritas Internacional, Michel Roy.<\/p>\n<p>O tr\u00e1fico de seres humanos \u00e9 o ponto central da declara\u00e7\u00e3o. Segundo estimativas da Organiza\u00e7\u00e3o Internacional do Trabalho (OIT), as v\u00edtimas desse com\u00e9rcio s\u00e3o cerca de dois milh\u00f5es e quatrocentas mil pessoas. Privadas da sua dignidade, dos seus direitos civis e da sua liberdade s\u00e3o obrigadas, por meio de fraude, ao trabalho for\u00e7ado, \u00e0 explora\u00e7\u00e3o sexual e \u00e0 submiss\u00e3o por causa de d\u00edvidas e outras formas de servid\u00e3o.<\/p>\n<p>\u00c9 \u201ca cultura da indiferen\u00e7a\u201d, tal como a define o Papa Francisco, que causa a viol\u00eancia e os abusos. \u201cEla n\u00e3o \u00e9 suficientemente combatida pelas autoridades, pela opini\u00e3o p\u00fablica, pelos educadores e pela Igreja\u201d, pode-se ler no documento.<\/p>\n<p>A declara\u00e7\u00e3o d\u00e1 algumas indica\u00e7\u00f5es concretas para prevenir e consciencializar os grupos em risco, por exemplo, pessoas em busca de trabalho fora do seu pa\u00eds ou imigrantes irregulares. Segundo o documento, tamb\u00e9m se deve promover uma a\u00e7\u00e3o de consciencializa\u00e7\u00e3o a professores, m\u00e9dicos, sacerdotes, enfermeiros, assistentes sociais e funcion\u00e1rios governamentais.<\/p>\n<p style=\"text-align: justify;\">\u00a0<\/p>\n<p style=\"text-align: justify;\">Fonte: R\u00e1dio Vaticano<\/p>\n","protected":false},"excerpt":{"rendered":"<p>O Conselho Pontif\u00edcio para a Pastoral dos Migrantes e Itinerantes e a Caritas Internacional apresentaram, nesta quarta-feira dia 29 de abril em Roma, um documento intitulado \u201cCompromisso crist\u00e3o\u201d, redigido juntamente com a rede ecum\u00e9nica Coatnet. O texto foi apresentado por esses organismos na sede da Caritas Internacional. A apresenta\u00e7\u00e3o contou com a presen\u00e7a do Presidente [&hellip;]<\/p>\n","protected":false},"author":1,"featured_media":0,"comment_status":"closed","ping_status":"closed","sticky":false,"template":"","format":"standard","meta":{"footnotes":""},"categories":[3],"tags":[],"class_list":["post-5774","post","type-post","status-publish","format-standard","hentry","category-vaticano"],"_links":{"self":[{"href":"https:\/\/catolicanet.net\/wp-cnet\/wp-json\/wp\/v2\/posts\/5774","targetHints":{"allow":["GET"]}}],"collection":[{"href":"https:\/\/catolicanet.net\/wp-cnet\/wp-json\/wp\/v2\/posts"}],"about":[{"href":"https:\/\/catolicanet.net\/wp-cnet\/wp-json\/wp\/v2\/types\/post"}],"author":[{"embeddable":true,"href":"https:\/\/catolicanet.net\/wp-cnet\/wp-json\/wp\/v2\/users\/1"}],"replies":[{"embeddable":true,"href":"https:\/\/catolicanet.net\/wp-cnet\/wp-json\/wp\/v2\/comments?post=5774"}],"version-history":[{"count":1,"href":"https:\/\/catolicanet.net\/wp-cnet\/wp-json\/wp\/v2\/posts\/5774\/revisions"}],"predecessor-version":[{"id":10380,"href":"https:\/\/catolicanet.net\/wp-cnet\/wp-json\/wp\/v2\/posts\/5774\/revisions\/10380"}],"wp:attachment":[{"href":"https:\/\/catolicanet.net\/wp-cnet\/wp-json\/wp\/v2\/media?parent=5774"}],"wp:term":[{"taxonomy":"category","embeddable":true,"href":"https:\/\/catolicanet.net\/wp-cnet\/wp-json\/wp\/v2\/categories?post=5774"},{"taxonomy":"post_tag","embeddable":true,"href":"https:\/\/catolicanet.net\/wp-cnet\/wp-json\/wp\/v2\/tags?post=5774"}],"curies":[{"name":"wp","href":"https:\/\/api.w.org\/{rel}","templated":true}]}}