{"id":5773,"date":"2015-04-30T14:14:44","date_gmt":"2015-04-30T17:14:44","guid":{"rendered":"http:\/\/catolicanet.net\/wp-cnet\/cardeal-sandri-no-iraque-dar-esperanca-aos-cristaos\/"},"modified":"2017-04-07T11:21:52","modified_gmt":"2017-04-07T14:21:52","slug":"cardeal-sandri-no-iraque-dar-esperanca-aos-cristaos","status":"publish","type":"post","link":"https:\/\/catolicanet.net\/wp-cnet\/cardeal-sandri-no-iraque-dar-esperanca-aos-cristaos\/","title":{"rendered":"Cardeal Sandri no Iraque: dar esperan\u00e7a aos crist\u00e3os"},"content":{"rendered":"<p style=\"text-align: justify;\"><img decoding=\"async\" src=\"http:\/\/catolicanet.com.br\/images\/stories\/geral\/cardealsandri.jpg\" border=\"0\" align=\"left\" \/>O Cardeal Leonardo Sandri, Prefeito da Congrega\u00e7\u00e3o para as Igrejas Orientais, vai estar no Iraque a partir de amanh\u00e3 dia 1 de maio ficando naquele pa\u00eds at\u00e9 ao dia 5 de maio. Visitar\u00e1 a capital Bagdad e tamb\u00e9m a cidade de Erbil, no Curdist\u00e3o iraquiano. O purpurado levar\u00e1 a b\u00ean\u00e7\u00e3o do Papa Francisco e o reconhecimento e encorajamento \u00e0s autoridades, pelo trabalho feito em prol dos crist\u00e3os e outras minorias no clima de viol\u00eancia que se vive no pa\u00eds.<\/p>\n<p>Em Bagdad, onde estar\u00e1 desde o dia 1 at\u00e9 ao dia 3 de maio, o Cardeal Leonardo Sandri celebrar\u00e1 a Divina Liturgia na Catedral caldeia de S. Jos\u00e9 e encontrar\u00e1 refugiados que est\u00e3o alojados nas v\u00e1rias institui\u00e7\u00f5es eclesi\u00e1sticas.<\/p>\n<p>Em Erbil, o Cardeal Sandri vai juntar-se \u00e0 Delega\u00e7\u00e3o das Ag\u00eancias R.O.A.C.O \u2013 Reuni\u00e3o das Obras de Ajuda \u00e0s Igrejas Orientais \u2013 que j\u00e1 a partir do dia 1\u00ba de maio, iniciar\u00e3o os preparativos dos projetos de ajuda aos diversos setores da vida pastoral e para a assist\u00eancia aos refugiados.<\/p>\n<p>Est\u00e3o previstos tamb\u00e9m alguns momentos na regi\u00e3o de Ankawa, com a\u00a0 celebra\u00e7\u00e3o da liturgia e encontros na sede s\u00edrio-cat\u00f3lica de Marta Shmouna e no Semin\u00e1rio caldeu de S. Pedro, na presen\u00e7a dos fi\u00e9is residentes e dos refugiados da Plan\u00edcie do N\u00ednive. Na agenda tamb\u00e9m uma visita a Duhoc, com a liturgia na igreja caldeia e a sauda\u00e7\u00e3o \u00e0 comunidade ass\u00edria.<\/p>\n<p>A visita do Cardeal Sandri expressa a cont\u00ednua solicitude de toda a Igreja Cat\u00f3lica pelos fi\u00e9is presentes no Iraque, dando continuidade \u00e0s iniciativas do Santo Padre, que, desde o ver\u00e3o passado, j\u00e1 enviou os Cardeais Barbarin, Filoni e Nichols, al\u00e9m de Delega\u00e7\u00f5es das Confer\u00eancias Episcopais.<\/p>\n<p style=\"text-align: justify;\">\u00a0<\/p>\n<p style=\"text-align: justify;\">Fonte: R\u00e1dio Vaticano<\/p>\n","protected":false},"excerpt":{"rendered":"<p>O Cardeal Leonardo Sandri, Prefeito da Congrega\u00e7\u00e3o para as Igrejas Orientais, vai estar no Iraque a partir de amanh\u00e3 dia 1 de maio ficando naquele pa\u00eds at\u00e9 ao dia 5 de maio. Visitar\u00e1 a capital Bagdad e tamb\u00e9m a cidade de Erbil, no Curdist\u00e3o iraquiano. O purpurado levar\u00e1 a b\u00ean\u00e7\u00e3o do Papa Francisco e o [&hellip;]<\/p>\n","protected":false},"author":1,"featured_media":0,"comment_status":"closed","ping_status":"closed","sticky":false,"template":"","format":"standard","meta":{"footnotes":""},"categories":[3],"tags":[],"class_list":["post-5773","post","type-post","status-publish","format-standard","hentry","category-vaticano"],"_links":{"self":[{"href":"https:\/\/catolicanet.net\/wp-cnet\/wp-json\/wp\/v2\/posts\/5773","targetHints":{"allow":["GET"]}}],"collection":[{"href":"https:\/\/catolicanet.net\/wp-cnet\/wp-json\/wp\/v2\/posts"}],"about":[{"href":"https:\/\/catolicanet.net\/wp-cnet\/wp-json\/wp\/v2\/types\/post"}],"author":[{"embeddable":true,"href":"https:\/\/catolicanet.net\/wp-cnet\/wp-json\/wp\/v2\/users\/1"}],"replies":[{"embeddable":true,"href":"https:\/\/catolicanet.net\/wp-cnet\/wp-json\/wp\/v2\/comments?post=5773"}],"version-history":[{"count":1,"href":"https:\/\/catolicanet.net\/wp-cnet\/wp-json\/wp\/v2\/posts\/5773\/revisions"}],"predecessor-version":[{"id":10381,"href":"https:\/\/catolicanet.net\/wp-cnet\/wp-json\/wp\/v2\/posts\/5773\/revisions\/10381"}],"wp:attachment":[{"href":"https:\/\/catolicanet.net\/wp-cnet\/wp-json\/wp\/v2\/media?parent=5773"}],"wp:term":[{"taxonomy":"category","embeddable":true,"href":"https:\/\/catolicanet.net\/wp-cnet\/wp-json\/wp\/v2\/categories?post=5773"},{"taxonomy":"post_tag","embeddable":true,"href":"https:\/\/catolicanet.net\/wp-cnet\/wp-json\/wp\/v2\/tags?post=5773"}],"curies":[{"name":"wp","href":"https:\/\/api.w.org\/{rel}","templated":true}]}}