{"id":57729,"date":"2020-03-20T10:15:17","date_gmt":"2020-03-20T13:15:17","guid":{"rendered":"https:\/\/catolicanet.net\/wp-cnet\/?p=57729"},"modified":"2020-03-20T17:17:42","modified_gmt":"2020-03-20T20:17:42","slug":"fr-cantalamessa-maria-guia-e-modelo-neste-tempo-de-provacao","status":"publish","type":"post","link":"https:\/\/catolicanet.net\/wp-cnet\/fr-cantalamessa-maria-guia-e-modelo-neste-tempo-de-provacao\/","title":{"rendered":"Fr. Cantalamessa: Maria, guia e modelo neste tempo de prova\u00e7\u00e3o"},"content":{"rendered":"<div class=\"article__subTitle\">O caminho de f\u00e9 de Maria, a M\u00e3e de Jesus, \u00e9 o tema da segunda prega\u00e7\u00e3o da Quaresma proposta \u00e0 C\u00faria Romana e ao Papa Francisco, que desta vez foi gravada devido \u00e0 emerg\u00eancia do coronav\u00edrus. Um caminho dif\u00edcil, disse o padre Cantalamessa, que falou de momentos de grande sofrimento, mas que nos revela a proximidade e ao mesmo tempo a grandeza da Virgem.<\/div>\n<div class=\"title__separator\"><\/div>\n<div class=\"article__text\">\n<p><b>Adriana Masotti &#8211; Cidade do Vaticano<\/b><\/p>\n<p>Meditar sobre a evolu\u00e7\u00e3o da f\u00e9 em Maria, M\u00e3e de Jesus e tamb\u00e9m a primeira disc\u00edpula do pr\u00f3prio Filho, tamb\u00e9m ser\u00e1 um modo de &#8220;nos colocarmos sob a prote\u00e7\u00e3o da Virgem em um momento de dura prova\u00e7\u00e3o para toda a humanidade&#8221;, come\u00e7a dizendo o padre Raniero Cantalamessa, que intitula a sua reflex\u00e3o, pegando as palavras de Jesus no Evangelho:<\/p>\n<div>\n<div class=\"article__embed article__embed--unwrap article__embed--dark\">\n<div class=\"article__innerTitle\">Ou\u00e7a e compartilhe!<\/div>\n<\/div>\n<\/div>\n<p>Maria, diz o pregador, est\u00e1 presente nos tr\u00eas momentos-chave da nossa salva\u00e7\u00e3o: a Encarna\u00e7\u00e3o, naturalmente, o Mist\u00e9rio Pascal, Pentecostes. E essas tr\u00eas presen\u00e7as de Maria &#8220;asseguram a ela um lugar \u00fanico ao lado de Jesus na obra da reden\u00e7\u00e3o&#8221;. O objetivo desta medita\u00e7\u00e3o \u2013 continua &#8211; \u00e9 &#8220;seguir Maria durante a vida p\u00fablica de Jesus e ver do que ela \u00e9 guia e modelo neste tempo&#8221;.<\/p>\n<h2>Vida de Maria foi sem privil\u00e9gios<\/h2>\n<h2><\/h2>\n<p>Assim como para Jesus o Mist\u00e9rio pascal n\u00e3o come\u00e7a com sua pris\u00e3o no horto, mas toda sua vida \u00e9 uma prepara\u00e7\u00e3o para a P\u00e1scoa, tamb\u00e9m para Maria as prova\u00e7\u00f5es come\u00e7am cedo, observa o padre Cantalamessa. E o que geralmente acontece para as grandes almas que decidem seguir o caminho da santidade, para as quais chega o momento de purifica\u00e7\u00e3o e da\u00a0<i>kenosis<\/i>, isto \u00e9, do despojamento.<\/p>\n<p>O pregador repassa ent\u00e3o a vida de Maria, sublinhando os tantos momentos de ang\u00fastia, fadiga, dor por ela vividos antes mesmo da participa\u00e7\u00e3o na Paix\u00e3o de Jesus, aos p\u00e9s da Cruz.<\/p>\n<p><i>Tudo isso torna a hist\u00f3ria de Maria extraordinariamente significativa para n\u00f3s; devolve Maria \u00e0 Igreja e \u00e0 humanidade. Devemos observar com alegria o grande progresso que ocorreu em devo\u00e7\u00e3o a Nossa Senhora, na Igreja Cat\u00f3lica, e quem viveu na virada do Conc\u00edlio Vaticano II, pode facilmente perceber. Primeiro, a categoria fundamental com a qual a grandeza de Nossa Senhora foi explicada foi a de &#8216;privil\u00e9gio&#8217; ou isen\u00e7\u00e3o.<\/i><\/p>\n<\/div>\n","protected":false},"excerpt":{"rendered":"<p>O caminho de f\u00e9 de Maria, a M\u00e3e de Jesus, \u00e9 o tema da segunda prega\u00e7\u00e3o da Quaresma proposta \u00e0 C\u00faria Romana e ao Papa Francisco, que desta vez foi gravada devido \u00e0 emerg\u00eancia do coronav\u00edrus. Um caminho dif\u00edcil, disse o padre Cantalamessa, que falou de momentos de grande sofrimento, mas que nos revela a [&hellip;]<\/p>\n","protected":false},"author":1,"featured_media":57730,"comment_status":"open","ping_status":"closed","sticky":false,"template":"","format":"standard","meta":{"footnotes":""},"categories":[3],"tags":[],"class_list":["post-57729","post","type-post","status-publish","format-standard","has-post-thumbnail","hentry","category-vaticano"],"_links":{"self":[{"href":"https:\/\/catolicanet.net\/wp-cnet\/wp-json\/wp\/v2\/posts\/57729","targetHints":{"allow":["GET"]}}],"collection":[{"href":"https:\/\/catolicanet.net\/wp-cnet\/wp-json\/wp\/v2\/posts"}],"about":[{"href":"https:\/\/catolicanet.net\/wp-cnet\/wp-json\/wp\/v2\/types\/post"}],"author":[{"embeddable":true,"href":"https:\/\/catolicanet.net\/wp-cnet\/wp-json\/wp\/v2\/users\/1"}],"replies":[{"embeddable":true,"href":"https:\/\/catolicanet.net\/wp-cnet\/wp-json\/wp\/v2\/comments?post=57729"}],"version-history":[{"count":1,"href":"https:\/\/catolicanet.net\/wp-cnet\/wp-json\/wp\/v2\/posts\/57729\/revisions"}],"predecessor-version":[{"id":57731,"href":"https:\/\/catolicanet.net\/wp-cnet\/wp-json\/wp\/v2\/posts\/57729\/revisions\/57731"}],"wp:featuredmedia":[{"embeddable":true,"href":"https:\/\/catolicanet.net\/wp-cnet\/wp-json\/wp\/v2\/media\/57730"}],"wp:attachment":[{"href":"https:\/\/catolicanet.net\/wp-cnet\/wp-json\/wp\/v2\/media?parent=57729"}],"wp:term":[{"taxonomy":"category","embeddable":true,"href":"https:\/\/catolicanet.net\/wp-cnet\/wp-json\/wp\/v2\/categories?post=57729"},{"taxonomy":"post_tag","embeddable":true,"href":"https:\/\/catolicanet.net\/wp-cnet\/wp-json\/wp\/v2\/tags?post=57729"}],"curies":[{"name":"wp","href":"https:\/\/api.w.org\/{rel}","templated":true}]}}