{"id":57721,"date":"2020-03-20T09:09:41","date_gmt":"2020-03-20T12:09:41","guid":{"rendered":"https:\/\/catolicanet.net\/wp-cnet\/?p=57721"},"modified":"2020-03-20T16:14:12","modified_gmt":"2020-03-20T19:14:12","slug":"papa-reza-pelos-medicos-e-agentes-de-saude-que-estao-dando-a-propria-vida","status":"publish","type":"post","link":"https:\/\/catolicanet.net\/wp-cnet\/papa-reza-pelos-medicos-e-agentes-de-saude-que-estao-dando-a-propria-vida\/","title":{"rendered":"Papa reza pelos m\u00e9dicos e agentes de sa\u00fade que est\u00e3o dando a pr\u00f3pria vida"},"content":{"rendered":"<div class=\"article__subTitle\">Na Missa da manh\u00e3 desta sexta-feira, o Papa dirigiu sua ora\u00e7\u00e3o aos profissionais e agentes de sa\u00fade que est\u00e3o dando o m\u00e1ximo de si para ajudar pacientes com coronav\u00edrus, em particular em B\u00e9rgamo, Treviglio, Br\u00e9scia e Cremona. Tamb\u00e9m rezou pelas autoridades. Na homilia, Francisco convidou a redescobrir Deus como um Pai bom e explica como confessar-se na aus\u00eancia de um padre<\/div>\n<div class=\"title__separator\"><\/div>\n<div class=\"article__text\">\n<p><b>Vatican News<\/b><\/p>\n<p>O Papa celebrou a Missa na Casa Santa Marta na manh\u00e3 desta sexta-feira, 20, recordando o grande trabalho que os m\u00e9dicos e agentes de sa\u00fade est\u00e3o fazendo, especialmente nas \u00e1reas mais atingidas pelo Covid-19.<\/p>\n<p><i>Ontem recebi uma mensagem de um sacerdote bergamasco, pedindo para rezar pelos m\u00e9dicos de B\u00e9rgamo, Treviglio, Br\u00e9scia, Cremona, que est\u00e3o trabalhando no limite de suas for\u00e7as; eles est\u00e3o dando suas pr\u00f3prias vidas para ajudar os doentes, para salvar a vida dos outros. E tamb\u00e9m pe\u00e7amos pelas autoridades; n\u00e3o \u00e9 f\u00e1cil para eles gerir esse momento, e muitas vezes sofrem com incompreens\u00f5es. M\u00e9dicos, funcion\u00e1rios de hospitais, volunt\u00e1rios da sa\u00fade ou as autoridades, neste momento s\u00e3o colunas que nos ajudam a seguir em frente e nos defendem nesta crise. Rezemos por eles.<\/i><\/p>\n<div>\n<div class=\"article__embed article__embed--unwrap article__embed--dark\">\n<div class=\"embed-container\"><iframe id=\"762763732\" src=\"https:\/\/www.youtube.com\/embed\/688B6A1-NJw?wmode=opaque&amp;rel=0&amp;autohide=1&amp;showinfo=0&amp;wmode=transparent&amp;modestbranding=1&amp;enablejsapi=1&amp;origin=https:\/\/www.vaticannews.va&amp;start=&amp;end=\" allowfullscreen=\"allowfullscreen\" data-gtm-yt-inspected-7781034_9=\"true\" data-mce-fragment=\"1\"><\/iframe><\/div>\n<div class=\"article__innerTitle\">Rezar pelos m\u00e9dicos e agentes de sa\u00fade<\/div>\n<\/div>\n<\/div>\n<p>Ao comentar a primeira leitura, extra\u00edda do Livro do Profeta Os\u00e9ias (Os 14: 2-10), Francisco nos exorta a nos dirigirmos a Deus n\u00e3o como se fosse a um juiz, mas como um Pai bom, que ama e perdoa sempre. Neste sentido, recordando o que diz o Catecismo, explica como \u00e9 poss\u00edvel confessar, quando n\u00e3o a situa\u00e7\u00e3o n\u00e3o permite encontrar um sacerdote.<\/p>\n<p>Segue o texto da homilia na \u00edntegra, segundo nossa transcri\u00e7\u00e3o:<\/p>\n<p><i>Quando leio ou ou\u00e7o essa passagem do Profeta Os\u00e9ias que ouvimos na Primeira Leitura [que diz]: &#8221; Volta, Israel, para o Senhor, teu Deus&#8221;, quando a ou\u00e7o, lembro-me de uma can\u00e7\u00e3o que h\u00e1 75 anos Carlo Buti cantava e que nas fam\u00edlias italianas em Buenos Aires as pessoas ouviam com grande prazer: \u201cVolte para o teu pai. Ele ainda cantar\u00e1 para ti a can\u00e7\u00e3o de ninar.&#8221; Volta: mas \u00e9 o teu pai que te diz para voltar. Deus \u00e9 o teu pai; n\u00e3o \u00e9 o juiz, \u00e9 o teu pai: &#8220;Volta para casa, escuta venha&#8221;.<\/i><\/p>\n<p><i>E essa recorda\u00e7\u00e3o &#8211; eu era menino &#8211; me leva imediatamente ao pai do cap\u00edtulo 15 de Lucas, aquele pai que diz: &#8220;Estava ainda longe, quando seu pai o viu&#8221;, aquele filho que tinha ido embora com todo o dinheiro e o desperdi\u00e7ou. Mas, se o v\u00ea de longe, \u00e9 porque esperava por ele. Subia ao terra\u00e7o &#8211; quantas vezes por dia! \u2013 por dias e dias, meses, anos, quem sabe, esperando o filho. O v\u00ea de longe. Volta para o teu pai, volta para o teu pai. Ele te espera. \u00c9 a ternura de Deus que nos fala, especialmente na Quaresma. \u00c9 o momento de entrar em n\u00f3s mesmos e recordar o Pai, ou voltar para ele.<\/i><\/p>\n<p><i>&#8220;N\u00e3o, pai, tenho vergonha de voltar porque &#8230; Voc\u00ea sabe pai, fiz muitas coisas, eu aprontei muito &#8230;&#8221;. O que o Senhor diz? \u201cVolta, eu te curarei da tua infidelidade, te amarei profundamente, porque minha ira se afastou. Eu serei como orvalho; florescer\u00e1s como um l\u00edrio e lan\u00e7ar\u00e1s ra\u00edzes como uma \u00e1rvore do L\u00edbano\u201d. Volta para teu pai que te espera. O Deus da ternura nos curar\u00e1; nos curar\u00e1 das tantas, tantas feridas na vida e das tantas coisas ruins que aprontamos. Cada um tem as suas!<\/i><\/p>\n<p><i>Mas pensar isso: retornar a Deus \u00e9 retornar ao abra\u00e7o, ao abra\u00e7o de pai. E pensar naquela outra promessa que Isa\u00edas faz: &#8220;Se vossos pecados forem escarlates, se tornar\u00e3o brancos como a neve&#8221;. Ele \u00e9 capaz de nos transformar, Ele \u00e9 capaz de mudar o cora\u00e7\u00e3o, mas precisamos dar o primeiro passo: voltar. N\u00e3o \u00e9 ir para Deus, n\u00e3o: \u00e9 voltar para casa.<\/i><\/p>\n<p><i>E a Quaresma sempre tem por objetivo essa convers\u00e3o do cora\u00e7\u00e3o que, no costume crist\u00e3o, ganha forma no Sacramento da Confiss\u00e3o. \u00c9 o momento para &#8211; eu n\u00e3o sei se [para] \u201cacertar as contas\u201d, n\u00e3o gosto disso &#8211; deixar Deus nos embranquecer, Deus nos purificar, Deus nos abra\u00e7ar.<\/i><\/p>\n<p><i>Sei que muitos de voc\u00eas, na P\u00e1scoa, v\u00e3o se confessar para se encontrarem com Deus. Mas muitos me diriam hoje: \u201cMas padre, onde posso encontrar um sacerdote, um confessor, por que n\u00e3o podemos sair de casa? E eu quero fazer as pazes com o Senhor, eu quero que ele me abrace, que meu pai me abrace &#8230; Como posso fazer se n\u00e3o encontro sacerdotes?&#8221;. Faz o que o diz Catecismo. \u00c9 muito claro: se n\u00e3o encontras um sacerdote para confessar, fale com Deus, Ele \u00e9 teu pai, e diga a Ele a verdade: &#8220;Senhor, aprontei isso, isso, isso &#8230; Perdoa-me&#8221;, e pe\u00e7a perd\u00e3o a Ele de todo cora\u00e7\u00e3o, com o Ato de Contri\u00e7\u00e3o e prometa a Ele: &#8220;Depois vou me confessar, mas me perdoe agora&#8221;. E imediatamente voltar\u00e1s \u00e0 gra\u00e7a de Deus. Tu mesmo podes aproximar-te &#8211; como nos ensina o Catecismo \u2013 ao perd\u00e3o de Deus, se n\u00e3o tem \u00e0 m\u00e3o um sacerdote. Mas pensem: \u00e9 o momento! E este \u00e9 o momento correto, o momento oportuno. Um Ato de Contri\u00e7\u00e3o bem feito, e assim nossa alma se tornar\u00e1 branca como a neve.<\/i><\/p>\n<p>Seria belo se hoje ecoasse em nossos ouvidos esta frase:\u00a0 &#8220;Volta para o teu pai, volta para o teu pai&#8221;. Ele te espera e far\u00e1 festa para ti.<\/p>\n<p>Tamb\u00e9m hoje, Francisco encerrou a celebra\u00e7\u00e3o com a Adora\u00e7\u00e3o e B\u00ean\u00e7\u00e3o Eucar\u00edstica, convidando a fazer a comunh\u00e3o espiritual:<\/p>\n<p><i>Aos vossos p\u00e9s, \u00f3 meu Jesus, me prostro e vos ofere\u00e7o o arrependimento do meu cora\u00e7\u00e3o contrito que mergulha no vosso e na Vossa santa presen\u00e7a. Eu vos adoro no Sacramento do vosso amor, desejo receber-vos na pobre morada que meu cora\u00e7\u00e3o vos oferece. \u00c0 espera da felicidade da comunh\u00e3o sacramental, quero possuir-vos em Esp\u00edrito. Vinde a mim, \u00f3 meu Jesus, que eu venha a v\u00f3s. Que o vosso amor possa inflamar todo o meu ser, para a vida e para a morte. Creio em v\u00f3s, espero em v\u00f3s. Eu vos amo. Assim seja.<\/i><\/p>\n<\/div>\n","protected":false},"excerpt":{"rendered":"<p>Na Missa da manh\u00e3 desta sexta-feira, o Papa dirigiu sua ora\u00e7\u00e3o aos profissionais e agentes de sa\u00fade que est\u00e3o dando o m\u00e1ximo de si para ajudar pacientes com coronav\u00edrus, em particular em B\u00e9rgamo, Treviglio, Br\u00e9scia e Cremona. Tamb\u00e9m rezou pelas autoridades. Na homilia, Francisco convidou a redescobrir Deus como um Pai bom e explica como [&hellip;]<\/p>\n","protected":false},"author":1,"featured_media":57722,"comment_status":"open","ping_status":"closed","sticky":false,"template":"","format":"standard","meta":{"footnotes":""},"categories":[13,3],"tags":[],"class_list":["post-57721","post","type-post","status-publish","format-standard","has-post-thumbnail","hentry","category-featured","category-vaticano"],"_links":{"self":[{"href":"https:\/\/catolicanet.net\/wp-cnet\/wp-json\/wp\/v2\/posts\/57721","targetHints":{"allow":["GET"]}}],"collection":[{"href":"https:\/\/catolicanet.net\/wp-cnet\/wp-json\/wp\/v2\/posts"}],"about":[{"href":"https:\/\/catolicanet.net\/wp-cnet\/wp-json\/wp\/v2\/types\/post"}],"author":[{"embeddable":true,"href":"https:\/\/catolicanet.net\/wp-cnet\/wp-json\/wp\/v2\/users\/1"}],"replies":[{"embeddable":true,"href":"https:\/\/catolicanet.net\/wp-cnet\/wp-json\/wp\/v2\/comments?post=57721"}],"version-history":[{"count":1,"href":"https:\/\/catolicanet.net\/wp-cnet\/wp-json\/wp\/v2\/posts\/57721\/revisions"}],"predecessor-version":[{"id":57723,"href":"https:\/\/catolicanet.net\/wp-cnet\/wp-json\/wp\/v2\/posts\/57721\/revisions\/57723"}],"wp:featuredmedia":[{"embeddable":true,"href":"https:\/\/catolicanet.net\/wp-cnet\/wp-json\/wp\/v2\/media\/57722"}],"wp:attachment":[{"href":"https:\/\/catolicanet.net\/wp-cnet\/wp-json\/wp\/v2\/media?parent=57721"}],"wp:term":[{"taxonomy":"category","embeddable":true,"href":"https:\/\/catolicanet.net\/wp-cnet\/wp-json\/wp\/v2\/categories?post=57721"},{"taxonomy":"post_tag","embeddable":true,"href":"https:\/\/catolicanet.net\/wp-cnet\/wp-json\/wp\/v2\/tags?post=57721"}],"curies":[{"name":"wp","href":"https:\/\/api.w.org\/{rel}","templated":true}]}}