{"id":57720,"date":"2020-03-20T16:05:55","date_gmt":"2020-03-20T19:05:55","guid":{"rendered":"https:\/\/catolicanet.net\/wp-cnet\/?p=57720"},"modified":"2020-03-24T15:49:57","modified_gmt":"2020-03-24T18:49:57","slug":"papa-reza-pelos-medicos-e-agentes-de-saude-que-estao-dando-a-propria-vida-2","status":"publish","type":"post","link":"https:\/\/catolicanet.net\/wp-cnet\/papa-reza-pelos-medicos-e-agentes-de-saude-que-estao-dando-a-propria-vida-2\/","title":{"rendered":"Papa reza pelos m\u00e9dicos e agentes de sa\u00fade que est\u00e3o dando a pr\u00f3pria vida"},"content":{"rendered":"","protected":false},"excerpt":{"rendered":"","protected":false},"author":1,"featured_media":0,"comment_status":"open","ping_status":"closed","sticky":false,"template":"","format":"standard","meta":{"footnotes":""},"categories":[13],"tags":[],"class_list":["post-57720","post","type-post","status-publish","format-standard","hentry","category-featured"],"_links":{"self":[{"href":"https:\/\/catolicanet.net\/wp-cnet\/wp-json\/wp\/v2\/posts\/57720","targetHints":{"allow":["GET"]}}],"collection":[{"href":"https:\/\/catolicanet.net\/wp-cnet\/wp-json\/wp\/v2\/posts"}],"about":[{"href":"https:\/\/catolicanet.net\/wp-cnet\/wp-json\/wp\/v2\/types\/post"}],"author":[{"embeddable":true,"href":"https:\/\/catolicanet.net\/wp-cnet\/wp-json\/wp\/v2\/users\/1"}],"replies":[{"embeddable":true,"href":"https:\/\/catolicanet.net\/wp-cnet\/wp-json\/wp\/v2\/comments?post=57720"}],"version-history":[{"count":1,"href":"https:\/\/catolicanet.net\/wp-cnet\/wp-json\/wp\/v2\/posts\/57720\/revisions"}],"predecessor-version":[{"id":57747,"href":"https:\/\/catolicanet.net\/wp-cnet\/wp-json\/wp\/v2\/posts\/57720\/revisions\/57747"}],"wp:attachment":[{"href":"https:\/\/catolicanet.net\/wp-cnet\/wp-json\/wp\/v2\/media?parent=57720"}],"wp:term":[{"taxonomy":"category","embeddable":true,"href":"https:\/\/catolicanet.net\/wp-cnet\/wp-json\/wp\/v2\/categories?post=57720"},{"taxonomy":"post_tag","embeddable":true,"href":"https:\/\/catolicanet.net\/wp-cnet\/wp-json\/wp\/v2\/tags?post=57720"}],"curies":[{"name":"wp","href":"https:\/\/api.w.org\/{rel}","templated":true}]}}