{"id":5772,"date":"2015-04-30T14:12:21","date_gmt":"2015-04-30T17:12:21","guid":{"rendered":"http:\/\/catolicanet.net\/wp-cnet\/portugal-tem-de-colocar-a-liberdade-religiosa-na-agenda-politica-da-eu\/"},"modified":"2017-04-07T11:22:33","modified_gmt":"2017-04-07T14:22:33","slug":"portugal-tem-de-colocar-a-liberdade-religiosa-na-agenda-politica-da-eu","status":"publish","type":"post","link":"https:\/\/catolicanet.net\/wp-cnet\/portugal-tem-de-colocar-a-liberdade-religiosa-na-agenda-politica-da-eu\/","title":{"rendered":"Portugal tem de colocar a liberdade religiosa na agenda politica da EU"},"content":{"rendered":"<p style=\"text-align: justify;\">O desafio \u00e9 lan\u00e7ado pela directora da Funda\u00e7\u00e3o Ajuda \u00e0 Igreja que Sofre\/Portugal, que ontem, 28 de Abril, foi ouvida no parlamento, na Comiss\u00e3o de Assuntos Constitucionais, Direitos, Liberdades e Garantias.<\/p>\n<p>Uma audi\u00e7\u00e3o que acolheu tamb\u00e9m o testemunho de Fernando Soares Loja, presidente interino da Comiss\u00e3o da Liberdade Religiosa, que fez alguma criticas no contexto da assist\u00eancia espiritual nas pris\u00f5es e hospitais por causa de uma \u201cinterpreta\u00e7\u00e3o restritiva\u201d da actual legisla\u00e7\u00e3o portuguesa.<\/p>\n<p>Nesta iniciativa do grupo parlamentar do CDS\/PP centrada no \u00faltimo relat\u00f3rio sobre liberdade religiosa apresentado pela AIS no final de 2014, a respons\u00e1vel desta organiza\u00e7\u00e3o cat\u00f3lica, Catarina Martins, apontou a dram\u00e1tica situa\u00e7\u00e3o dos cerca de 200 milh\u00f5es de pessoas que actualmente s\u00e3o perseguidas no mundo por causa da sua f\u00e9 crist\u00e3.<\/p>\n<p>Em entrevista \u00e0 R\u00e1dio Vaticano, em conversa com o jornalista Domingos Pinto, a directora da AIS\/Portugal considera que tem havido \u201cum grave decl\u00ednio da liberdade religiosa no mundo\u201d, e pede aos respons\u00e1veis pol\u00edticos para n\u00e3o ficarem indiferentes diante desta situa\u00e7\u00e3o.<\/p>\n<p style=\"text-align: justify;\">\u00a0<\/p>\n<p style=\"text-align: justify;\">Fonte: R\u00e1dio Vaticano<\/p>\n","protected":false},"excerpt":{"rendered":"<p>O desafio \u00e9 lan\u00e7ado pela directora da Funda\u00e7\u00e3o Ajuda \u00e0 Igreja que Sofre\/Portugal, que ontem, 28 de Abril, foi ouvida no parlamento, na Comiss\u00e3o de Assuntos Constitucionais, Direitos, Liberdades e Garantias. Uma audi\u00e7\u00e3o que acolheu tamb\u00e9m o testemunho de Fernando Soares Loja, presidente interino da Comiss\u00e3o da Liberdade Religiosa, que fez alguma criticas no contexto [&hellip;]<\/p>\n","protected":false},"author":1,"featured_media":0,"comment_status":"closed","ping_status":"closed","sticky":false,"template":"","format":"standard","meta":{"footnotes":""},"categories":[4],"tags":[],"class_list":["post-5772","post","type-post","status-publish","format-standard","hentry","category-cotidiano"],"_links":{"self":[{"href":"https:\/\/catolicanet.net\/wp-cnet\/wp-json\/wp\/v2\/posts\/5772","targetHints":{"allow":["GET"]}}],"collection":[{"href":"https:\/\/catolicanet.net\/wp-cnet\/wp-json\/wp\/v2\/posts"}],"about":[{"href":"https:\/\/catolicanet.net\/wp-cnet\/wp-json\/wp\/v2\/types\/post"}],"author":[{"embeddable":true,"href":"https:\/\/catolicanet.net\/wp-cnet\/wp-json\/wp\/v2\/users\/1"}],"replies":[{"embeddable":true,"href":"https:\/\/catolicanet.net\/wp-cnet\/wp-json\/wp\/v2\/comments?post=5772"}],"version-history":[{"count":1,"href":"https:\/\/catolicanet.net\/wp-cnet\/wp-json\/wp\/v2\/posts\/5772\/revisions"}],"predecessor-version":[{"id":10382,"href":"https:\/\/catolicanet.net\/wp-cnet\/wp-json\/wp\/v2\/posts\/5772\/revisions\/10382"}],"wp:attachment":[{"href":"https:\/\/catolicanet.net\/wp-cnet\/wp-json\/wp\/v2\/media?parent=5772"}],"wp:term":[{"taxonomy":"category","embeddable":true,"href":"https:\/\/catolicanet.net\/wp-cnet\/wp-json\/wp\/v2\/categories?post=5772"},{"taxonomy":"post_tag","embeddable":true,"href":"https:\/\/catolicanet.net\/wp-cnet\/wp-json\/wp\/v2\/tags?post=5772"}],"curies":[{"name":"wp","href":"https:\/\/api.w.org\/{rel}","templated":true}]}}