{"id":57697,"date":"2020-03-19T10:29:57","date_gmt":"2020-03-19T13:29:57","guid":{"rendered":"https:\/\/catolicanet.net\/wp-cnet\/?p=57697"},"modified":"2020-03-19T10:29:57","modified_gmt":"2020-03-19T13:29:57","slug":"papa-invocar-sempre-sao-jose-principalmente-nos-momentos-dificeis","status":"publish","type":"post","link":"https:\/\/catolicanet.net\/wp-cnet\/papa-invocar-sempre-sao-jose-principalmente-nos-momentos-dificeis\/","title":{"rendered":"Papa: invocar sempre S\u00e3o Jos\u00e9, principalmente nos momentos dif\u00edceis"},"content":{"rendered":"<div class=\"article__subTitle\">&#8220;Invoquem sempre S\u00e3o Jos\u00e9, especialmente nos momentos dif\u00edceis, e confiem a exist\u00eancia a este grande Santo\u201d, pediu Francisco, convidando os fi\u00e9is italianos a aderiram \u00e0 iniciativa convocada pela Confer\u00eancia Episcopal local para um momento de ora\u00e7\u00e3o no dia de protetor da fam\u00edlia.<\/div>\n<div class=\"title__separator\"><\/div>\n<div class=\"article__text\">\n<p><b>Bianca Fraccalvieri \u2013 Cidade do Vaticano<\/b><\/p>\n<p>Ao final da Audi\u00eancia Geral, o Papa recordou que na quinta-feira (19\/03) a Igreja celebra a solenidade de S\u00e3o Jos\u00e9.<\/p>\n<p>\u201cNa vida, no trabalho, na fam\u00edlia, na alegria e na dor ele sempre buscou e amou o Senhor, merecendo nas Escrituras o reconhecimento de homem justo e s\u00e1bio. Invoquem-no sempre, especialmente nos momentos dif\u00edceis, e confiem a exist\u00eancia a este grande Santo.\u201d<\/p>\n<p>Por ocasi\u00e3o da festa de S\u00e3o Jos\u00e9, a Igreja italiana convocou os fi\u00e9is a um momento de ora\u00e7\u00e3o por todo o pa\u00eds, que est\u00e1 sofrendo com o coronav\u00edrus.<\/p>\n<p>O convite a todas as fam\u00edlias, fi\u00e9is e comunidades religiosas \u00e9 se unir espiritualmente \u00e0s 21h para rezar o Ter\u00e7o, com os mist\u00e9rios luminosos.<\/p>\n<p>\u201cEu os acompanharei. Ao rosto luminoso e transfigurado de Cristo e ao seu Cora\u00e7\u00e3o, nos conduza Maria, M\u00e3e de Deus, sa\u00fade dos enfermos, \u00e0 qual nos dirigimos com a ora\u00e7\u00e3o do Ter\u00e7o, sob o olhar amoroso de S\u00e3o Jos\u00e9, protetor da Santa Fam\u00edlia e das nossas fam\u00edlias. E pe\u00e7amos que Ele proteja as nossas fam\u00edlias . De modo especial, que proteja os doentes e as pessoas que est\u00e3o cuidados dos doentes: m\u00e9dicos, enfermeiros, enfermeiras e os volunt\u00e1rios, que arriscam a vida neste servi\u00e7o.\u201d<\/p>\n<\/div>\n","protected":false},"excerpt":{"rendered":"<p>&#8220;Invoquem sempre S\u00e3o Jos\u00e9, especialmente nos momentos dif\u00edceis, e confiem a exist\u00eancia a este grande Santo\u201d, pediu Francisco, convidando os fi\u00e9is italianos a aderiram \u00e0 iniciativa convocada pela Confer\u00eancia Episcopal local para um momento de ora\u00e7\u00e3o no dia de protetor da fam\u00edlia. Bianca Fraccalvieri \u2013 Cidade do Vaticano Ao final da Audi\u00eancia Geral, o Papa [&hellip;]<\/p>\n","protected":false},"author":1,"featured_media":57698,"comment_status":"open","ping_status":"closed","sticky":false,"template":"","format":"standard","meta":{"footnotes":""},"categories":[3],"tags":[],"class_list":["post-57697","post","type-post","status-publish","format-standard","has-post-thumbnail","hentry","category-vaticano"],"_links":{"self":[{"href":"https:\/\/catolicanet.net\/wp-cnet\/wp-json\/wp\/v2\/posts\/57697","targetHints":{"allow":["GET"]}}],"collection":[{"href":"https:\/\/catolicanet.net\/wp-cnet\/wp-json\/wp\/v2\/posts"}],"about":[{"href":"https:\/\/catolicanet.net\/wp-cnet\/wp-json\/wp\/v2\/types\/post"}],"author":[{"embeddable":true,"href":"https:\/\/catolicanet.net\/wp-cnet\/wp-json\/wp\/v2\/users\/1"}],"replies":[{"embeddable":true,"href":"https:\/\/catolicanet.net\/wp-cnet\/wp-json\/wp\/v2\/comments?post=57697"}],"version-history":[{"count":1,"href":"https:\/\/catolicanet.net\/wp-cnet\/wp-json\/wp\/v2\/posts\/57697\/revisions"}],"predecessor-version":[{"id":57699,"href":"https:\/\/catolicanet.net\/wp-cnet\/wp-json\/wp\/v2\/posts\/57697\/revisions\/57699"}],"wp:featuredmedia":[{"embeddable":true,"href":"https:\/\/catolicanet.net\/wp-cnet\/wp-json\/wp\/v2\/media\/57698"}],"wp:attachment":[{"href":"https:\/\/catolicanet.net\/wp-cnet\/wp-json\/wp\/v2\/media?parent=57697"}],"wp:term":[{"taxonomy":"category","embeddable":true,"href":"https:\/\/catolicanet.net\/wp-cnet\/wp-json\/wp\/v2\/categories?post=57697"},{"taxonomy":"post_tag","embeddable":true,"href":"https:\/\/catolicanet.net\/wp-cnet\/wp-json\/wp\/v2\/tags?post=57697"}],"curies":[{"name":"wp","href":"https:\/\/api.w.org\/{rel}","templated":true}]}}