{"id":57667,"date":"2020-03-18T09:27:28","date_gmt":"2020-03-18T12:27:28","guid":{"rendered":"https:\/\/catolicanet.net\/wp-cnet\/?p=57667"},"modified":"2020-03-18T09:27:28","modified_gmt":"2020-03-18T12:27:28","slug":"obra-ajuda-a-intensificar-a-oracao-no-periodo-quaresmal","status":"publish","type":"post","link":"https:\/\/catolicanet.net\/wp-cnet\/obra-ajuda-a-intensificar-a-oracao-no-periodo-quaresmal\/","title":{"rendered":"Obra ajuda a intensificar a ora\u00e7\u00e3o no per\u00edodo quaresmal"},"content":{"rendered":"<p>Ao iniciar este novo tempo lit\u00fargico, a Quaresma, a Igreja convida a todos a refletir sobre a renova\u00e7\u00e3o de atitudes e pensamentos, voltando o olhar para o cerne da f\u00e9: o grande Mist\u00e9rio da morte e Ressurrei\u00e7\u00e3o de Cristo. Tal per\u00edodo instiga, para o alcance da convers\u00e3o, uma rotina de ora\u00e7\u00e3o, jejum, sil\u00eancio, para vivenciar com intensidade a pr\u00e9via prepara\u00e7\u00e3o para a P\u00e1scoa.<\/p>\n<p>Para intensificar a ora\u00e7\u00e3o neste per\u00edodo, seja ela pessoal ou comunit\u00e1ria, a Editora da Confer\u00eancia Nacional dos Bispos do Brasil (CNBB), a Edi\u00e7\u00f5es CNBB, apresenta a obra: \u201cA Ora\u00e7\u00e3o. O respiro da vida nova\u201d. O livro \u00e9 um volume de reflex\u00f5es, cita\u00e7\u00f5es e discursos catequ\u00e9ticos do Papa Francisco sobre a ora\u00e7\u00e3o crist\u00e3.<a href=\"https:\/\/www.cnbb.org.br\/edicoes-cnbb-apresenta-obra-que-ajuda-a-intensificar-a-oracao-no-periodo-quaresmal\/whatsapp-image-2020-03-17-at-11-46-19\/\"><img loading=\"lazy\" decoding=\"async\" class=\" wp-image-235254 alignright\" src=\"https:\/\/www.cnbb.org.br\/wp-content\/uploads\/sites\/32\/2020\/03\/WhatsApp-Image-2020-03-17-at-11.46.19-635x1024.jpeg\" srcset=\"https:\/\/www.cnbb.org.br\/wp-content\/uploads\/sites\/32\/2020\/03\/WhatsApp-Image-2020-03-17-at-11.46.19-635x1024.jpeg 635w, https:\/\/www.cnbb.org.br\/wp-content\/uploads\/sites\/32\/2020\/03\/WhatsApp-Image-2020-03-17-at-11.46.19-186x300.jpeg 186w, https:\/\/www.cnbb.org.br\/wp-content\/uploads\/sites\/32\/2020\/03\/WhatsApp-Image-2020-03-17-at-11.46.19-768x1238.jpeg 768w, https:\/\/www.cnbb.org.br\/wp-content\/uploads\/sites\/32\/2020\/03\/WhatsApp-Image-2020-03-17-at-11.46.19.jpeg 794w\" alt=\"\" width=\"230\" height=\"371\" \/><\/a><\/p>\n<p>A introdu\u00e7\u00e3o ao texto, redigida pelo Patriarca de Moscou, Kirill, mostra a profunda sintonia entre os cat\u00f3licos e ortodoxos na viv\u00eancia da dimens\u00e3o crist\u00e3 do encontro com o Senhor; pois, de acordo com ele, pela comunh\u00e3o com o Esp\u00edrito Santo, mesmo quando se reza no segredo do pr\u00f3prio quarto, na realidade se reza com toda a igreja e o mundo inteiro.<\/p>\n<p>Nas partes subsequentes, definindo a ess\u00eancia da ora\u00e7\u00e3o, o Papa Francisco afirma que \u00e9, essencialmente, di\u00e1logo, rela\u00e7\u00e3o pessoal com Deus. \u201cE o homem foi criado como ser em rela\u00e7\u00e3o pessoal com Deus que chega \u00e0 sua plena realiza\u00e7\u00e3o somente no encontro com o seu Criador\u201d.<\/p>\n<p>O Papa ressalta, ainda, que na ora\u00e7\u00e3o do Pai Nosso, a n\u00f3s ensinada por Jesus, n\u00e3o \u00e9 usado o pronome eu, porque cada um de n\u00f3s apresenta essa ora\u00e7\u00e3o ao nosso Pai Celestial em nome da humanidade inteira.<\/p>\n<p>Em suas reflex\u00f5es, Francisco sublinha outro aspecto importante da ora\u00e7\u00e3o aut\u00eantica. Ele diz que a ora\u00e7\u00e3o \u00e9 um trabalho que nos pede vontade, perseveran\u00e7a, determina\u00e7\u00e3o. Ainda de acordo com ele, a ora\u00e7\u00e3o muda a realidade (\u2026) ou muda as coisas ou muda os nossos cora\u00e7\u00f5es.<\/p>\n<p>Dividida em cinco cap\u00edtulos, a obra apresenta ainda o papel e o \u201clugar\u201d da ora\u00e7\u00e3o na vida crist\u00e3, \u201cque \u00e9 a nova vida que o Esp\u00edrito Santo nos deu no Batismo, que em Jesus nos tornou verdadeiros filhos do Pai\u201d, segundo o Papa Francisco.<\/p>\n<p>A publica\u00e7\u00e3o est\u00e1 dispon\u00edvel para compra em:\u00a0<a href=\"https:\/\/www.edicoescnbb.com.br\/produto\/a-oracao-o-respiro-da-vida-nova-71458\">https:\/\/www.edicoescnbb.com.br\/produto\/a-oracao-o-respiro-da-vida-nova-71458<\/a><\/p>\n","protected":false},"excerpt":{"rendered":"<p>Ao iniciar este novo tempo lit\u00fargico, a Quaresma, a Igreja convida a todos a refletir sobre a renova\u00e7\u00e3o de atitudes e pensamentos, voltando o olhar para o cerne da f\u00e9: o grande Mist\u00e9rio da morte e Ressurrei\u00e7\u00e3o de Cristo. Tal per\u00edodo instiga, para o alcance da convers\u00e3o, uma rotina de ora\u00e7\u00e3o, jejum, sil\u00eancio, para vivenciar [&hellip;]<\/p>\n","protected":false},"author":1,"featured_media":57668,"comment_status":"open","ping_status":"closed","sticky":false,"template":"","format":"standard","meta":{"footnotes":""},"categories":[7,13],"tags":[],"class_list":["post-57667","post","type-post","status-publish","format-standard","has-post-thumbnail","hentry","category-cnbb","category-featured"],"_links":{"self":[{"href":"https:\/\/catolicanet.net\/wp-cnet\/wp-json\/wp\/v2\/posts\/57667","targetHints":{"allow":["GET"]}}],"collection":[{"href":"https:\/\/catolicanet.net\/wp-cnet\/wp-json\/wp\/v2\/posts"}],"about":[{"href":"https:\/\/catolicanet.net\/wp-cnet\/wp-json\/wp\/v2\/types\/post"}],"author":[{"embeddable":true,"href":"https:\/\/catolicanet.net\/wp-cnet\/wp-json\/wp\/v2\/users\/1"}],"replies":[{"embeddable":true,"href":"https:\/\/catolicanet.net\/wp-cnet\/wp-json\/wp\/v2\/comments?post=57667"}],"version-history":[{"count":1,"href":"https:\/\/catolicanet.net\/wp-cnet\/wp-json\/wp\/v2\/posts\/57667\/revisions"}],"predecessor-version":[{"id":57669,"href":"https:\/\/catolicanet.net\/wp-cnet\/wp-json\/wp\/v2\/posts\/57667\/revisions\/57669"}],"wp:featuredmedia":[{"embeddable":true,"href":"https:\/\/catolicanet.net\/wp-cnet\/wp-json\/wp\/v2\/media\/57668"}],"wp:attachment":[{"href":"https:\/\/catolicanet.net\/wp-cnet\/wp-json\/wp\/v2\/media?parent=57667"}],"wp:term":[{"taxonomy":"category","embeddable":true,"href":"https:\/\/catolicanet.net\/wp-cnet\/wp-json\/wp\/v2\/categories?post=57667"},{"taxonomy":"post_tag","embeddable":true,"href":"https:\/\/catolicanet.net\/wp-cnet\/wp-json\/wp\/v2\/tags?post=57667"}],"curies":[{"name":"wp","href":"https:\/\/api.w.org\/{rel}","templated":true}]}}