{"id":57664,"date":"2020-03-18T09:20:41","date_gmt":"2020-03-18T12:20:41","guid":{"rendered":"https:\/\/catolicanet.net\/wp-cnet\/?p=57664"},"modified":"2020-03-18T09:20:41","modified_gmt":"2020-03-18T12:20:41","slug":"o-segredo-da-misericordia-perdoar-e-ser-perdoado-a-audiencia-do-papa","status":"publish","type":"post","link":"https:\/\/catolicanet.net\/wp-cnet\/o-segredo-da-misericordia-perdoar-e-ser-perdoado-a-audiencia-do-papa\/","title":{"rendered":"O segredo da miseric\u00f3rdia: perdoar e ser perdoado. A Audi\u00eancia do Papa"},"content":{"rendered":"<div class=\"article__subTitle\">A miseric\u00f3rdia foi o tema da catequese de hoje do Papa Francisco. A Audi\u00eancia Geral foi realizada, mais uma vez, na Biblioteca Apost\u00f3lica devido \u00e0 pandemia de coronav\u00edrus. Francisco voltou no tempo e falou de seu primeiro Angelus como Papa.<\/div>\n<div class=\"title__separator\"><\/div>\n<div class=\"article__text\">\n<p><b>Bianca Fraccalvieri \u2013 Cidade do Vaticano<\/b><\/p>\n<p>Pela segunda vez, a pandemia de coronav\u00edrus obrigou o Papa Francisco a realizar a Audi\u00eancia Geral de dentro da Biblioteca do Pal\u00e1cio Apost\u00f3lico.<\/p>\n<p>O evento \u00e9 mais breve do que o habitual, justamente porque n\u00e3o h\u00e1 fi\u00e9is presentes e, portanto, n\u00e3o h\u00e1 o contato do Papa com os peregrinos. Mas a Audi\u00eancia n\u00e3o perde a sua ess\u00eancia, que \u00e9 a transmiss\u00e3o da Palavra de Deus atrav\u00e9s das Sagradas Escrituras ou dos ensinamentos da Igreja.<\/p>\n<p>De fato, o Pont\u00edfice deu continuidade ao ciclo de catequeses sobre as bem-aventuran\u00e7as, comentando desta vez a quinta delas: bem-aventurados os misericordiosos porque alcan\u00e7ar\u00e3o miseric\u00f3rdia (<i>Mt<\/i>\u00a05,7).<\/p>\n<h2>Ser \u201cmisericordiado\u201d<\/h2>\n<p>Esta bem-aventuran\u00e7a, notou o Papa, cont\u00e9m uma particularidade: \u00e9 a \u00fanica em que a causa e a consequ\u00eancia da felicidade coicindem. Quem exerce miseric\u00f3rdia, encontrar\u00e1 miseric\u00f3rdia, ser\u00e1<i>\u00a0<\/i>\u201cmisericordiado\u201d.<\/p>\n<p>Este tema da reciprocidade do perd\u00e3o n\u00e3o est\u00e1 presente somente nesta bem-aventuran\u00e7a, explicou Francisco, mas \u00e9 recorrente no Evangelho. \u201cA miseric\u00f3rdia \u00e9 o pr\u00f3prio cora\u00e7\u00e3o de Deus!\u201d<\/p>\n<h2>Perdoar \u00e9 como escalar uma montanha<\/h2>\n<p>O Papa prosseguiu recordando que h\u00e1 duas coisas que n\u00e3o podem se separar: o perd\u00e3o dado e o perd\u00e3o recebido.<\/p>\n<div>\n<div class=\"article__embed article__embed--border embed_style\">\n<blockquote><p>\u201cMas tantas pessoas est\u00e3o em dificuldade, n\u00e3o conseguem perdoar. Muitas vezes, o mal recebido \u00e9 t\u00e3o grande que conseguir perdoar \u00e9 como escalar uma montanha alt\u00edssima. Um esfor\u00e7o enorme. Isso n\u00e3o d\u00e1.\u201d<\/p><\/blockquote>\n<\/div>\n<\/div>\n<p>Todavia, a reciprocidade da miseric\u00f3rdia indica que \u00e9 neces\u00e1rio inverter a perspectiva. &#8220;Mas sozinhos n\u00e3o podemos. \u00c9 necess\u00e1ria a gra\u00e7a de Deus e devemos pedi-la.&#8221;<\/p>\n<p>\u201cTodos somos pecadores. Todos. Em rela\u00e7\u00e3o a Deus e em rela\u00e7\u00e3o aos irm\u00e3os. Cada um sabe que n\u00e3o \u00e9 o pai ou a m\u00e3e que deveria ser, o esposo ou a esposa, o irm\u00e3o ou a irm\u00e3 que deveria ser. Todos estamos em d\u00e9ficit na vida e precisamos de miseric\u00f3rida. Sabemos que, mesmo n\u00e3o comentendo o mal, sempre falta algo ao bem que dever\u00edamos ter feito.\u201d<\/p>\n<h2>Miseric\u00f3rdia, o centro da vida crist\u00e3<\/h2>\n<p>Mas \u00e9 propriamente esta nossa pobreza, continuou Francisco, que se torna a for\u00e7a para perdoar. Cada um deve lembrar que precisa de perd\u00e3o e de paci\u00eancia; este \u00e9 o segredo da miseric\u00f3rdia: perdoando se \u00e9 perdoado. Por isso, Deus nos precede e nos perdoa por primeiro. Recebendo o seu perd\u00e3o, nos tornamos capazes de perdoar.<\/p>\n<p>A miseric\u00f3rdia, ressaltou o Pont\u00edfice, n\u00e3o \u00e9 uma dimens\u00e3o entre as outras, mas \u00e9 o centro da vida crist\u00e3: \u201cn\u00e3o existe cristianismo sem miseric\u00f3rdia\u201d, afirmou Francisco, citando S\u00e3o Jo\u00e3o Paulo II. Se o nosso cristianismo n\u00e3o nos leva \u00e0 miseric\u00f3rdia, erramos o caminho, porque a miseric\u00f3rdia \u00e9 a \u00fanica verdadeira meta de todo caminho espiritual, um dos frutos mais belos da caridade.<\/p>\n<h2>O primeiro Angelus como Papa<\/h2>\n<p>O Pont\u00edfice citou uma lembran\u00e7a, do seu primeiro Angelus como Papa, cujo tema foi precisamente a miseric\u00f3rdia.<\/p>\n<p>&#8220;Isso ficou muito impresso em mim, como uma mensagem que, como Papa, deveria dar sempre, todos os dias: a miseric\u00f3rdia. Lembro que naquele dia tive uma atitude &#8216;atrevida&#8217; de fazer publicidade de um livro sobre a miseric\u00f3rdia que tinha acabado de ser lan\u00e7ado do cardeal Kasper. E aquele dia senti muito forte isso: &#8216;\u00c9 a mensagem que devo dar como Bispo de Roma. Miseric\u00f3rdia: miseric\u00f3rdia, por favor. Perd\u00e3o&#8221;<\/p>\n<p>\u201cA miseric\u00f3rdia de Deus \u00e9 a nossa liberta\u00e7\u00e3o e a nossa felicidade\u201d, concluiu o Papa. N\u00f3s vivemos de miseric\u00f3rdia e n\u00e3o podemos no permitir ficar sem ela. \u201cSomos demasiados pobres para colocar condi\u00e7\u00f5es, necessitamos perdoar, porque precisamos ser perdoados.\u201d<\/p>\n<\/div>\n","protected":false},"excerpt":{"rendered":"<p>A miseric\u00f3rdia foi o tema da catequese de hoje do Papa Francisco. A Audi\u00eancia Geral foi realizada, mais uma vez, na Biblioteca Apost\u00f3lica devido \u00e0 pandemia de coronav\u00edrus. Francisco voltou no tempo e falou de seu primeiro Angelus como Papa. Bianca Fraccalvieri \u2013 Cidade do Vaticano Pela segunda vez, a pandemia de coronav\u00edrus obrigou o [&hellip;]<\/p>\n","protected":false},"author":1,"featured_media":57665,"comment_status":"open","ping_status":"closed","sticky":false,"template":"","format":"standard","meta":{"footnotes":""},"categories":[13,3],"tags":[],"class_list":["post-57664","post","type-post","status-publish","format-standard","has-post-thumbnail","hentry","category-featured","category-vaticano"],"_links":{"self":[{"href":"https:\/\/catolicanet.net\/wp-cnet\/wp-json\/wp\/v2\/posts\/57664","targetHints":{"allow":["GET"]}}],"collection":[{"href":"https:\/\/catolicanet.net\/wp-cnet\/wp-json\/wp\/v2\/posts"}],"about":[{"href":"https:\/\/catolicanet.net\/wp-cnet\/wp-json\/wp\/v2\/types\/post"}],"author":[{"embeddable":true,"href":"https:\/\/catolicanet.net\/wp-cnet\/wp-json\/wp\/v2\/users\/1"}],"replies":[{"embeddable":true,"href":"https:\/\/catolicanet.net\/wp-cnet\/wp-json\/wp\/v2\/comments?post=57664"}],"version-history":[{"count":1,"href":"https:\/\/catolicanet.net\/wp-cnet\/wp-json\/wp\/v2\/posts\/57664\/revisions"}],"predecessor-version":[{"id":57666,"href":"https:\/\/catolicanet.net\/wp-cnet\/wp-json\/wp\/v2\/posts\/57664\/revisions\/57666"}],"wp:featuredmedia":[{"embeddable":true,"href":"https:\/\/catolicanet.net\/wp-cnet\/wp-json\/wp\/v2\/media\/57665"}],"wp:attachment":[{"href":"https:\/\/catolicanet.net\/wp-cnet\/wp-json\/wp\/v2\/media?parent=57664"}],"wp:term":[{"taxonomy":"category","embeddable":true,"href":"https:\/\/catolicanet.net\/wp-cnet\/wp-json\/wp\/v2\/categories?post=57664"},{"taxonomy":"post_tag","embeddable":true,"href":"https:\/\/catolicanet.net\/wp-cnet\/wp-json\/wp\/v2\/tags?post=57664"}],"curies":[{"name":"wp","href":"https:\/\/api.w.org\/{rel}","templated":true}]}}