{"id":57661,"date":"2020-03-18T09:12:52","date_gmt":"2020-03-18T12:12:52","guid":{"rendered":"https:\/\/catolicanet.net\/wp-cnet\/?p=57661"},"modified":"2020-03-18T09:12:52","modified_gmt":"2020-03-18T12:12:52","slug":"como-sao-patricio-encontrava-forcas-no-distanciamento-social","status":"publish","type":"post","link":"https:\/\/catolicanet.net\/wp-cnet\/como-sao-patricio-encontrava-forcas-no-distanciamento-social\/","title":{"rendered":"Como S\u00e3o Patr\u00edcio encontrava for\u00e7as no distanciamento social"},"content":{"rendered":"<div id=\"sharebar-sticky-oas\" class=\"addthis\">\n<div id=\"shareBarCont-sticky\"><span style=\"color: #111111; font-family: Roboto, sans-serif; font-size: 32px;\">O \u201cap\u00f3stolo da Irlanda\u201d costumava se isolar para se dedicar \u00e0 ora\u00e7\u00e3o. A pr\u00e1tica renovava suas for\u00e7as e ele voltava com muito \u00e2nimo para sua vida mission\u00e1ria<\/span><\/div>\n<\/div>\n<div id=\"main-article\" class=\"container \" data-id=\"310863\">\n<div id=\"main-article-left-column\" class=\"left-column\">\n<div class=\"post-text\">\n<div class=\"io-div\" data-io-article-url=\"https:\/\/pt.aleteia.org\/2020\/03\/18\/como-sao-patricio-encontrava-forcas-no-distanciamento-social\/\">\n<div class=\"base-post-content\">S\u00e3o Patr\u00edcio passou muitos anos lutando para estabelecer o cristianismo na Irlanda. E n\u00e3o foi uma tarefa f\u00e1cil. Ele estava constantemente em movimento e isso consumia grande parte de suas for\u00e7as.\u00c9 por isso que ele, frequentemente, praticava o \u201cdistanciamento social\u201d e se isolava de qualquer contato humano por longos per\u00edodos de tempo.<\/p>\n<p>Ele usava esse tempo para a ora\u00e7\u00e3o e a comunh\u00e3o com Deus. A pr\u00e1tica tornou-se uma parte importante de sua vida e renovava suas for\u00e7as, permitindo-lhe voltar ao minist\u00e9rio e retomar sua prega\u00e7\u00e3o do Evangelho.<\/p>\n<p>A Enciclop\u00e9dia Cat\u00f3lica revela seus lugares favoritos para ficar isolado:<\/p>\n<blockquote><p><em>\u201cDe tempos em tempos, retirava-se dos deveres espirituais de seu apostolado para se dedicar inteiramente \u00e0 ora\u00e7\u00e3o e \u00e0 penit\u00eancia. Um de seus locais escolhidos de solid\u00e3o e retiro foi a ilha de Lough Derg, que, at\u00e9 os nossos dias, continua sendo o resort favorito de peregrinos e \u00e9 conhecido como Purgat\u00f3rio de S\u00e3o Patr\u00edcio. Outro local\u2026no oeste da Irlanda merece aten\u00e7\u00e3o especial \u2026 Essa montanha era conhecida nos tempos pag\u00e3os como a Eagle Mountain, mas desde que a Irlanda foi iluminada com a luz da f\u00e9, \u00e9 conhecida como Croagh Patrick, ou seja, a montanha de S\u00e3o Patr\u00edcio, e \u00e9 homenageado como o Monte Santo, o Monte Sinai, na Irlanda.\u201d<\/em><\/p><\/blockquote>\n<p>Acredita-se que S\u00e3o Patr\u00edcio tenha subido a Croagh Patrick e permanecido l\u00e1 pelos 40 dias da Quaresma. Durante esse per\u00edodo, acredita-se que Deus deu a S\u00e3o Patr\u00edcio vis\u00e3o dos muitos santos que seriam formados naquele pa\u00eds por causa de seus esfor\u00e7os, dando, assim, for\u00e7as a um mission\u00e1rio cansado.<\/p>\n<p>Enfim, a hist\u00f3ria de S\u00e3o Patr\u00edcio nos lembra que a solid\u00e3o pode ser um complemento positivo para nossas vidas e nos d\u00e1 a for\u00e7a necess\u00e1ria para vivermos ousadamente nossas vidas por Jesus Cristo.<\/p>\n<\/div>\n<\/div>\n<\/div>\n<\/div>\n<\/div>\n","protected":false},"excerpt":{"rendered":"<p>O \u201cap\u00f3stolo da Irlanda\u201d costumava se isolar para se dedicar \u00e0 ora\u00e7\u00e3o. A pr\u00e1tica renovava suas for\u00e7as e ele voltava com muito \u00e2nimo para sua vida mission\u00e1ria S\u00e3o Patr\u00edcio passou muitos anos lutando para estabelecer o cristianismo na Irlanda. E n\u00e3o foi uma tarefa f\u00e1cil. Ele estava constantemente em movimento e isso consumia grande parte [&hellip;]<\/p>\n","protected":false},"author":1,"featured_media":57662,"comment_status":"open","ping_status":"closed","sticky":false,"template":"","format":"standard","meta":{"footnotes":""},"categories":[4,13],"tags":[],"class_list":["post-57661","post","type-post","status-publish","format-standard","has-post-thumbnail","hentry","category-cotidiano","category-featured"],"_links":{"self":[{"href":"https:\/\/catolicanet.net\/wp-cnet\/wp-json\/wp\/v2\/posts\/57661","targetHints":{"allow":["GET"]}}],"collection":[{"href":"https:\/\/catolicanet.net\/wp-cnet\/wp-json\/wp\/v2\/posts"}],"about":[{"href":"https:\/\/catolicanet.net\/wp-cnet\/wp-json\/wp\/v2\/types\/post"}],"author":[{"embeddable":true,"href":"https:\/\/catolicanet.net\/wp-cnet\/wp-json\/wp\/v2\/users\/1"}],"replies":[{"embeddable":true,"href":"https:\/\/catolicanet.net\/wp-cnet\/wp-json\/wp\/v2\/comments?post=57661"}],"version-history":[{"count":1,"href":"https:\/\/catolicanet.net\/wp-cnet\/wp-json\/wp\/v2\/posts\/57661\/revisions"}],"predecessor-version":[{"id":57663,"href":"https:\/\/catolicanet.net\/wp-cnet\/wp-json\/wp\/v2\/posts\/57661\/revisions\/57663"}],"wp:featuredmedia":[{"embeddable":true,"href":"https:\/\/catolicanet.net\/wp-cnet\/wp-json\/wp\/v2\/media\/57662"}],"wp:attachment":[{"href":"https:\/\/catolicanet.net\/wp-cnet\/wp-json\/wp\/v2\/media?parent=57661"}],"wp:term":[{"taxonomy":"category","embeddable":true,"href":"https:\/\/catolicanet.net\/wp-cnet\/wp-json\/wp\/v2\/categories?post=57661"},{"taxonomy":"post_tag","embeddable":true,"href":"https:\/\/catolicanet.net\/wp-cnet\/wp-json\/wp\/v2\/tags?post=57661"}],"curies":[{"name":"wp","href":"https:\/\/api.w.org\/{rel}","templated":true}]}}