{"id":5765,"date":"2015-04-28T13:27:03","date_gmt":"2015-04-28T16:27:03","guid":{"rendered":"http:\/\/catolicanet.net\/wp-cnet\/jesus-a-vide-ira-verdadeira\/"},"modified":"2017-05-29T09:39:25","modified_gmt":"2017-05-29T12:39:25","slug":"jesus-a-vide-ira-verdadeira","status":"publish","type":"post","link":"https:\/\/catolicanet.net\/wp-cnet\/jesus-a-vide-ira-verdadeira\/","title":{"rendered":"Jesus, videira verdadeira"},"content":{"rendered":"<p style=\"text-align: justify;\">Uma vez cumprida sua miss\u00e3o neste mundo Jesus devia voltar ao Pai. Entretanto a uni\u00e3o m\u00edstica com seus seguidores n\u00e3o seria interrompida. Eis por que Ele afirmou: \u201cEu sou a verdadeira vide\u201d (Jo 15,1). Deu em seguida uma ordem: \u201cPermanecei em mim e eu em v\u00f3s\u201d.\u00a0 Ele a videira e os crist\u00e3os os sarmentos. O importante \u00e9 que cada batizado esteja inserido em Jesus pela f\u00e9, pela prece, pela palavra revelada, pela comunh\u00e3o eucar\u00edstica. Isto numa realidade sublime, ou seja, Ele em n\u00f3s e n\u00f3s nele. O crist\u00e3o produz ent\u00e3o abundantes frutos como o servi\u00e7o ao pr\u00f3ximo, a compreens\u00e3o das atitudes do semelhante, as a\u00e7\u00f5es atinentes \u00e0 justi\u00e7a social. Um fruto opimo ser\u00e1 tamb\u00e9m a uni\u00e3o com o divino Salvador numa prece silenciosa, quando se coloca entre par\u00eantesis o passado e a preocupa\u00e7\u00e3o com o futuro. Encontra no Mestre divino\u00a0 luz, energia, \u00e2nimo para a caminhada pelo ex\u00edlio terreno rumo \u00e0 beatitude eterna. O progresso da Igreja n\u00e3o se mede por suas conquistas, mas pelo progresso espiritual de seus membros que partilham a cruz e a ressurrei\u00e7\u00e3o de Cristo. \u00c9 assim que se constr\u00f3i\u00a0 uma vida crist\u00e3 no mundo trabalhado pelas for\u00e7as do mal. O disc\u00edpulo de Jesus mentaliza ininterruptamente suas palavras: \u201cSem mim nada podeis fazer\u201d. Isto significa que com Ele a\u00e7\u00f5es maravilhosas podem ser realizadas para a gl\u00f3ria de Deus e bem das almas. Nos humildes a seiva divina circula sem os entraves da soberba, da emp\u00e1fia, por que tudo eles atribuem sabiamente \u00e0 gra\u00e7a divina. Tal seguidor do Evangelho est\u00e1 firmemente ancorado no amor de Jesus e no seu mandamento do amor ao pr\u00f3ximo. Vive continuamente sob a prote\u00e7\u00e3o divina que \u00e9 sempre negada aos orgulhosos convencidos de que tudo podem por si mesmos.. Ent\u00e3o o crist\u00e3o pode produzir frutos opimos, resultantes da presen\u00e7a do Todo-Poderoso que tem poder de realizar em cada um maravilhas. O justo guarda seu cora\u00e7\u00e3o em paz porque sabe que Deus \u00e9 maior que o cora\u00e7\u00e3o humano (1 Jo 3,20).\u00a0 O\u00a0 batizado, ramo unido \u00e0 videira divina, sabe que Jesus corrige tudo, purifica-o de todas as ilus\u00f5es terrenas, vivificando-o com sua seiva celestial. A uni\u00e3o com a Videira verdadeira, que \u00e9 Cristo. leva fatalmente \u00e0 maturidade crist\u00e3. \u00c9 um crescimento superior ao\u00a0 desenvolvimento biopsicol\u00f3gico, por que \u00e9 uma seiva divina que, realmente,\u00a0 circula no batizado. Nada o desestrutura, nem mesmo os fracassos humanos.\u00a0 Porque unido a Cristo, ele integra as experi\u00eancias negativas numa s\u00edntese unit\u00e1ria superior. Podem ent\u00e3o vir crises de esperan\u00e7a diante das realidades angustiantes da dor e das amarguras,\u00a0 perante o progresso do mal, mas aquele que permanece em Jesus tudo supera e v\u00ea fortificada sua esperan\u00e7a na vida eterna. A autotransced\u00eancia para o crist\u00e3o n\u00e3o o lan\u00e7a no vazio, mas em Cristo, o \u00fanico que \u00e9 capaz de libert\u00e1-lo do malogro e de dar significado definitivo a seus anseios irreprim\u00edveis\u00a0 de paz e serenidade. O ramo inserido na Videira verdadeira projeta\u00a0 para a eternidade seu futuro numa atitude de total abandono, sustentado no esfor\u00e7o que visa a consolidar a utopia concreta do reino de Deus anunciado por Jesus. Todo esfor\u00e7o humano fica ent\u00e3o resgatado, tirando o ser humano de sua fragilidade e dando um senso sublime a tudo que faz. O crist\u00e3o\u00a0 \u00e9 desta forma uma pessoa livre da escravid\u00e3o do pecado e das alucina\u00e7\u00f5es\u00a0 sat\u00e2nicas de um mundo divorciado do Criador. N\u00e3o \u00e9 movido nem pelo impulso cego das paix\u00f5es, nem por coa\u00e7\u00f5es externas da m\u00eddia, mas pelo que traz dentro si, no n\u00facleo mais profundo de seu cora\u00e7\u00e3o identificado com o cora\u00e7\u00e3o de Cristo. Vale, de fato, a pena seguir o apelo de Jesus: \u201dPermanecei em mim e eu em v\u00f3s. Assim como o ramo, por si mesmo, n\u00e3o pode produzir fruto, se n\u00e3o permanecer unido \u00e0 videira, assim tamb\u00e9m v\u00f3s, se n\u00e3o permanecerdes em mim\u201d.\u00a0 A rec\u00edproca \u00e9 verdadeira, como o pr\u00f3prio Mestre divino afirmou, ou seja, tudo de bom acontece com seus seguidores que transmitem ent\u00e3o ao mundo as riquezas que Ele veio trazer a esta terra.<\/p>\n<p style=\"text-align: justify;\"><strong>* Professor no Semin\u00e1rio de Mariana durante 40 anos. <\/strong> <\/p>\n","protected":false},"excerpt":{"rendered":"<p>Uma vez cumprida sua miss\u00e3o neste mundo Jesus devia voltar ao Pai. Entretanto a uni\u00e3o m\u00edstica com seus seguidores n\u00e3o seria interrompida. Eis por que Ele afirmou: \u201cEu sou a verdadeira vide\u201d (Jo 15,1). Deu em seguida uma ordem: \u201cPermanecei em mim e eu em v\u00f3s\u201d.\u00a0 Ele a videira e os crist\u00e3os os sarmentos. O [&hellip;]<\/p>\n","protected":false},"author":7,"featured_media":0,"comment_status":"closed","ping_status":"closed","sticky":false,"template":"","format":"standard","meta":{"footnotes":""},"categories":[9],"tags":[],"class_list":["post-5765","post","type-post","status-publish","format-standard","hentry","category-artigos"],"_links":{"self":[{"href":"https:\/\/catolicanet.net\/wp-cnet\/wp-json\/wp\/v2\/posts\/5765","targetHints":{"allow":["GET"]}}],"collection":[{"href":"https:\/\/catolicanet.net\/wp-cnet\/wp-json\/wp\/v2\/posts"}],"about":[{"href":"https:\/\/catolicanet.net\/wp-cnet\/wp-json\/wp\/v2\/types\/post"}],"author":[{"embeddable":true,"href":"https:\/\/catolicanet.net\/wp-cnet\/wp-json\/wp\/v2\/users\/7"}],"replies":[{"embeddable":true,"href":"https:\/\/catolicanet.net\/wp-cnet\/wp-json\/wp\/v2\/comments?post=5765"}],"version-history":[{"count":1,"href":"https:\/\/catolicanet.net\/wp-cnet\/wp-json\/wp\/v2\/posts\/5765\/revisions"}],"predecessor-version":[{"id":10391,"href":"https:\/\/catolicanet.net\/wp-cnet\/wp-json\/wp\/v2\/posts\/5765\/revisions\/10391"}],"wp:attachment":[{"href":"https:\/\/catolicanet.net\/wp-cnet\/wp-json\/wp\/v2\/media?parent=5765"}],"wp:term":[{"taxonomy":"category","embeddable":true,"href":"https:\/\/catolicanet.net\/wp-cnet\/wp-json\/wp\/v2\/categories?post=5765"},{"taxonomy":"post_tag","embeddable":true,"href":"https:\/\/catolicanet.net\/wp-cnet\/wp-json\/wp\/v2\/tags?post=5765"}],"curies":[{"name":"wp","href":"https:\/\/api.w.org\/{rel}","templated":true}]}}