{"id":57642,"date":"2020-03-17T11:22:11","date_gmt":"2020-03-17T14:22:11","guid":{"rendered":"https:\/\/catolicanet.net\/wp-cnet\/?p=57642"},"modified":"2020-03-17T11:22:11","modified_gmt":"2020-03-17T14:22:11","slug":"mais-de-10-sacerdotes-mortos-pelo-covid-19-na-italia","status":"publish","type":"post","link":"https:\/\/catolicanet.net\/wp-cnet\/mais-de-10-sacerdotes-mortos-pelo-covid-19-na-italia\/","title":{"rendered":"Mais de 10 sacerdotes mortos pelo Covid-19 na It\u00e1lia"},"content":{"rendered":"<p>Pela primeira vez, o n\u00famero de mortes pelo coronav\u00edrus no mundo superou aquele da China. Na It\u00e1lia, mesmo com as medidas de restri\u00e7\u00e3o para conter o Covid-19, 11 padres morreram devido \u00e0 doen\u00e7a, e outros seguem infectados e se recuperando. Como o bispo de Cremona, Dom Antonio Napolioni, de quarentena, que convida a viver este per\u00edodo de Quaresma \u201cdramaticamente dura, mas precisamente, por isso, perfeita\u201d.<\/p>\n<p><b>Andressa Collet \u2013 Cidade do Vaticano<\/b><\/p>\n<p>O diretor-geral da Organiza\u00e7\u00e3o Mundial de Sa\u00fade (OMS), Tedros Adhanom Ghebreyesus, afirmou nesta segunda-feira (16), que a pandemia do Covid-19 \u00e9 \u201ca grande crise sanit\u00e1ria global dos nossos tempos\u201d. Pela primeira vez, o n\u00famero de mortes pelo coronav\u00edrus no mundo superou aquele da China e s\u00e3o mais de 85 mil cont\u00e1gios.<\/p>\n<p>As medidas de restri\u00e7\u00e3o para conter a dissemina\u00e7\u00e3o da doen\u00e7a est\u00e3o sendo adotadas, inclusive, dentro da Igreja cat\u00f3lica para preservar fi\u00e9is e consagrados. Na It\u00e1lia, um comunicado oficial da Confer\u00eancia Episcopal lembrou que o per\u00edodo \u00e9 \u201cde grande responsabilidade\u201d e \u201cproximidade ao pa\u00eds\u201d.<\/p>\n<p>A pandemia, por\u00e9m, mesmo com as disposi\u00e7\u00f5es, atingiu os respons\u00e1veis pela aten\u00e7\u00e3o pastoral aos fi\u00e9is. Segundo reporta a ag\u00eancia de not\u00edcias ACI, onze sacerdotes j\u00e1 morreram na It\u00e1lia, v\u00edtimas do Covid-19. A maioria estava na regi\u00e3o da Lombardia, de onde se originou a dissemina\u00e7\u00e3o do coronav\u00edrus no pa\u00eds: 6 morreram na cidade de B\u00e9rgamo, tr\u00eas em Br\u00e9scia e um em Cremona. O outro padre falecido estava na regi\u00e3o da Emilia-Romagna.<\/p>\n<h2>Os infectados pelo Covid-19<\/h2>\n<h2><span style=\"font-family: Verdana, Geneva, sans-serif; font-size: 15px; color: #222222;\">No caso de B\u00e9rgamo, os dois \u00faltimos sacerdotes falecidos s\u00e3o Pe. Silvano Sirtoli, de 59 anos, e Pe. Giancarlo Nava, de 70 anos. Outros 20 padres testaram positivo e alguns, inclusive, j\u00e1 se recuperaram.<\/span><\/h2>\n<p>Entre os infectados pelo Covid-19 est\u00e1 o bispo de B\u00e9rgamo, Dom Francesco Beschi, que segue se recuperando bem. J\u00e1 o bispo de Cremona, Dom Antonio Napolioni, recuperado, retornou \u00e0 resid\u00eancia episcopal nesta segunda-feira (16) para o per\u00edodo de convalescen\u00e7a e 14 dias de quarentena. Depois, o prelado dever\u00e1 refazer os exames para confirmar que j\u00e1 n\u00e3o tem a doen\u00e7a.<\/p>\n<h2>Per\u00edodo \u201cperfeito\u201d de convers\u00e3o<\/h2>\n<h2><span style=\"font-family: Verdana, Geneva, sans-serif; font-size: 15px; color: #222222;\">Dom Antonio assegura que esta crise deve ser vivida como \u201cuma oportunidade para a convers\u00e3o\u201d neste tempo de Quaresma. Em entrevista concedida ao Vatican News, quando ainda estava internado, mostrou pesar pelo falecimento, no mesmo hospital em que se encontrava em B\u00e9rgamo, do sacerdote de 75 anos, Pe. Vincenzo Rini, ex-presidente da ag\u00eancia SIR (Servi\u00e7o de Informa\u00e7\u00e3o Religiosa), diretor do seman\u00e1rio diocesano \u201cLa Vitta Cattolica\u201d e presidente da Federa\u00e7\u00e3o Italiana de Seman\u00e1rios Cat\u00f3licos.<\/span><\/h2>\n<p>Ao viver a doen\u00e7a em primeira pessoa, o bispo exortou a n\u00e3o ter medo e a aproveitar este per\u00edodo de isolamento domiciliar para \u201credescobrir a presen\u00e7a do Senhor de uma forma muito mais poderosa e fiel\u201d. Uma Quaresma \u201cdramaticamente dura, mas precisamente, por isso, perfeita\u201d<\/p>\n","protected":false},"excerpt":{"rendered":"<p>Pela primeira vez, o n\u00famero de mortes pelo coronav\u00edrus no mundo superou aquele da China. Na It\u00e1lia, mesmo com as medidas de restri\u00e7\u00e3o para conter o Covid-19, 11 padres morreram devido \u00e0 doen\u00e7a, e outros seguem infectados e se recuperando. Como o bispo de Cremona, Dom Antonio Napolioni, de quarentena, que convida a viver este [&hellip;]<\/p>\n","protected":false},"author":1,"featured_media":57643,"comment_status":"open","ping_status":"closed","sticky":false,"template":"","format":"standard","meta":{"footnotes":""},"categories":[3],"tags":[],"class_list":["post-57642","post","type-post","status-publish","format-standard","has-post-thumbnail","hentry","category-vaticano"],"_links":{"self":[{"href":"https:\/\/catolicanet.net\/wp-cnet\/wp-json\/wp\/v2\/posts\/57642","targetHints":{"allow":["GET"]}}],"collection":[{"href":"https:\/\/catolicanet.net\/wp-cnet\/wp-json\/wp\/v2\/posts"}],"about":[{"href":"https:\/\/catolicanet.net\/wp-cnet\/wp-json\/wp\/v2\/types\/post"}],"author":[{"embeddable":true,"href":"https:\/\/catolicanet.net\/wp-cnet\/wp-json\/wp\/v2\/users\/1"}],"replies":[{"embeddable":true,"href":"https:\/\/catolicanet.net\/wp-cnet\/wp-json\/wp\/v2\/comments?post=57642"}],"version-history":[{"count":1,"href":"https:\/\/catolicanet.net\/wp-cnet\/wp-json\/wp\/v2\/posts\/57642\/revisions"}],"predecessor-version":[{"id":57644,"href":"https:\/\/catolicanet.net\/wp-cnet\/wp-json\/wp\/v2\/posts\/57642\/revisions\/57644"}],"wp:featuredmedia":[{"embeddable":true,"href":"https:\/\/catolicanet.net\/wp-cnet\/wp-json\/wp\/v2\/media\/57643"}],"wp:attachment":[{"href":"https:\/\/catolicanet.net\/wp-cnet\/wp-json\/wp\/v2\/media?parent=57642"}],"wp:term":[{"taxonomy":"category","embeddable":true,"href":"https:\/\/catolicanet.net\/wp-cnet\/wp-json\/wp\/v2\/categories?post=57642"},{"taxonomy":"post_tag","embeddable":true,"href":"https:\/\/catolicanet.net\/wp-cnet\/wp-json\/wp\/v2\/tags?post=57642"}],"curies":[{"name":"wp","href":"https:\/\/api.w.org\/{rel}","templated":true}]}}