{"id":57639,"date":"2020-03-17T11:14:47","date_gmt":"2020-03-17T14:14:47","guid":{"rendered":"https:\/\/catolicanet.net\/wp-cnet\/?p=57639"},"modified":"2020-03-17T11:14:47","modified_gmt":"2020-03-17T14:14:47","slug":"o-papa-rezo-pelos-anciaos-que-se-encontram-sozinhos-e-no-medo","status":"publish","type":"post","link":"https:\/\/catolicanet.net\/wp-cnet\/o-papa-rezo-pelos-anciaos-que-se-encontram-sozinhos-e-no-medo\/","title":{"rendered":"O Papa: rezo pelos anci\u00e3os que se encontram sozinhos e no medo"},"content":{"rendered":"<p>Que o Senhor esteja pr\u00f3ximo e d\u00ea for\u00e7a aos nossos av\u00f4s e av\u00f3s. Francisco ofereceu por esta inten\u00e7\u00e3o a Missa da manh\u00e3 desta ter\u00e7a-feira \/17\/03) celebrada via streaming da Casa Santa Marta. E convidou a saber perdoar sempre, de cora\u00e7\u00e3o<\/p>\n<p><b>VATICAN NEWS<\/b><\/p>\n<p>O cora\u00e7\u00e3o do Papa \u00e9 um cora\u00e7\u00e3o que olha para todos, a cada dia para algu\u00e9m de modo particular. Francisco dedicou a Missa na Casa Santa Marta, na manh\u00e3 desta ter\u00e7a-feira (17\/03), aos anci\u00e3os que em tempo de restri\u00e7\u00f5es devido ao coronav\u00edrus est\u00e3o entre aqueles que mais do que outros sofrem a dist\u00e2ncia dos entes queridos.<\/p>\n<p><i>Gostaria que hoje rez\u00e1ssemos pelos anci\u00e3os que sofrem este momento de modo particular, com uma solid\u00e3o interna (interior) muito grande e por vezes com tanto medo. Pe\u00e7amos ao Senhor que esteja pr\u00f3ximo dos nossos av\u00f4s, nossas av\u00f3s, de todos os anci\u00e3os e lhes d\u00ea a for\u00e7a. Eles nos deram a sabedoria, a vida, a hist\u00f3ria. Tamb\u00e9m n\u00f3s nos fazemos pr\u00f3ximos deles com a ora\u00e7\u00e3o.<\/i><\/p>\n<div>\n<div class=\"article__embed article__embed--unwrap article__embed--dark\">\n<div class=\"embed-container\"><iframe id=\"808645499\" src=\"https:\/\/www.youtube.com\/embed\/c2f42KNYm7s?wmode=opaque&amp;rel=0&amp;autohide=1&amp;showinfo=0&amp;wmode=transparent&amp;modestbranding=1&amp;enablejsapi=1&amp;origin=https:\/\/www.vaticannews.va&amp;start=&amp;end=\" allowfullscreen=\"allowfullscreen\" data-gtm-yt-inspected-7781034_9=\"true\" data-mce-fragment=\"1\"><\/iframe><\/div>\n<div class=\"article__innerTitle\">Papa reza pelos idosos<\/div>\n<\/div>\n<\/div>\n<p>A homilia \u00e9 inspirada no Evangelho e no tema do perd\u00e3o que leva Pedro a perguntar a Jesus quantas vezes \u00e9 l\u00edcito perdoar os outros. N\u00e3o \u00e9 f\u00e1cil, reconheceu Francisco, que recordou que tem \u201cpessoas que vivem condenando pessoas\u201d. Mas aquilo que Deus almeja, afirmou, \u00e9 a \u201cser magn\u00e2nimos\u201d a \u201cperdoar, perdoar de cora\u00e7\u00e3o\u201d. A seguir, o texto da homilia transcrita pelo Vatican News:<\/p>\n<p><i>Jesus vem fazer uma catequese sobre a unidade dos irm\u00e3os e acaba por fazer uma bonita palavra: Asseguro-lhes que se dois, dois ou tr\u00eas de voc\u00eas, chegarem a um acordo e pedirem uma gra\u00e7a, lhes ser\u00e1 concedida\u201d. A unidade, a amizade, a paz entre os irm\u00e3os atrai a benevol\u00eancia de Deus. E Pedro fez a pergunta: \u201cSim, mas o que devemos fazer com as pessoas que nos ofendem? Se meu irm\u00e3o comete culpas contra mim, me ofende, quantas vezes deverei perdo\u00e1-lo? Sete vezes?\u201d E Jesus responde com aquela palavra que significa, no idioma deles, \u201csempre\u201d: \u201cSetenta vezes sete\u201d. Sempre se deve perdoar. E n\u00e3o \u00e9 f\u00e1cil perdoar. Porque o nosso cora\u00e7\u00e3o ego\u00edsta \u00e9 sempre apegado ao \u00f3dio, \u00e0s vingan\u00e7as, aos rancores. Todos vimos fam\u00edlias destru\u00eddas pelos \u00f3dios familiares que passam de gera\u00e7\u00e3o em gera\u00e7\u00e3o. Irm\u00e3os que, diante do caix\u00e3o de um dos pais, n\u00e3o se sa\u00fadam porque levam adiante rancores antigos. Parece que o apegar-se ao \u00f3dio seja mais forte do que o apegar-se ao amor e este \u00e9 propriamente o tesouro \u2013 digamos assim \u2013 do diabo. Ele se agacha sempre entre nossos rancores, entre nossos \u00f3dios e os faz crescer, os mant\u00e9m ali para destruir. Destr\u00f3i tudo. E muitas vezes, por coisas pequenas, destr\u00f3i. E tamb\u00e9m se destr\u00f3i este Deus que n\u00e3o veio para condenar, mas para perdoar. Este Deus que \u00e9 capaz de fazer festa por um pecador que se aproxima e esquece tudo. Quando Deus perdoa, esquece todo o mal que fizemos. Algu\u00e9m dir\u00e1: \u201c\u00c9 a doen\u00e7a de Deus\u201d. N\u00e3o tem mem\u00f3ria, \u00e9 capaz de perder a mem\u00f3ria, nestes casos. Deus perde a mem\u00f3ria das hist\u00f3rias feias de tantos pecadores, dos nossos pecados. Perdoa-nos e segue adiante. Pede-nos apenas: \u201cFa\u00e7a o mesmo: aprenda a perdoar\u201d, n\u00e3o levar adiante esta cruz n\u00e3o fecunda do \u00f3dio, do rancor, do \u201cvoc\u00ea vai me pagar\u201d. Essa palavra n\u00e3o \u00e9 nem crist\u00e3 nem humana. A generosidade de Jesus que nos ensina que para entrar no c\u00e9u devemos perdoar. Ali\u00e1s, nos diz: \u201cVoc\u00ea vai \u00e0 Missa?\u201d \u2013 \u201cSim\u201d \u2013 \u201cMas se quando vai \u00e0 Missa voc\u00ea se recorda que seu irm\u00e3o tem algo contra voc\u00ea, primeiro, n\u00e3o venha a mim com o amor por mim numa m\u00e3o e o \u00f3dio ao o irm\u00e3o na outra\u201d. Coer\u00eancia de amor. Perdoar. Perdoar de cora\u00e7\u00e3o. Tem pessoas que vivem condenado pessoas, falando mal das pessoas, continuamente difamando seus companheiros de trabalho, difamando os vizinhos, os parentes, porque n\u00e3o perdoam uma coisa que lhe fizeram, ou n\u00e3o perdoam uma coisa que n\u00e3o lhe agradou. Parece que a riqueza pr\u00f3pria do diabo seja esta: semear o amor ao n\u00e3o-perdoar, viver apegados ao n\u00e3o-perdoar. E o perd\u00e3o \u00e9 condi\u00e7\u00e3o para entrar no c\u00e9u.<\/i><\/p>\n<p><i>A par\u00e1bola que Jesus nos conta \u00e9 muito clara: perdoar. Que o Senhor nos ensine esta sabedoria do perd\u00e3o que n\u00e3o \u00e9 f\u00e1cil. E fa\u00e7amos uma coisa: quando formos confessar, formos receber o sacramento da reconcilia\u00e7\u00e3o, antes perguntemo-nos: \u201cEu perdoo?\u201d Se eu sinto que n\u00e3o perdoo, n\u00e3o fa\u00e7a finta de pedir perd\u00e3o, porque n\u00e3o ser\u00e1 perdoado. Pedir perd\u00e3o significa perdoar. Ambos est\u00e3o juntos. N\u00e3o podem separar-se. E aqueles que pedem perd\u00e3o para si como este senhor, a quem o patr\u00e3o perdoa tudo, mas n\u00e3o perdoam os outros, acabar\u00e3o como este senhor. \u201cAssim vos tratar\u00e1 meu Pai celeste, se cada um de v\u00f3s n\u00e3o perdoar a seu irm\u00e3o, de todo seu cora\u00e7\u00e3o\u201d.<\/i><\/p>\n<p><i>Que o Senhor nos ajude a entender isto e a abaixar a cabe\u00e7a, a n\u00e3o ser soberbos, a ser magn\u00e2nimos no perd\u00e3o. Ao menos a perdoar \u201cpor interesse\u201d. Como \u00e9 poss\u00edvel? Sim: perdoar, porque se eu n\u00e3o perdoo, n\u00e3o serei perdoado. Ao menos isso. Mas sempre o perd\u00e3o.<\/i><\/p>\n","protected":false},"excerpt":{"rendered":"<p>Que o Senhor esteja pr\u00f3ximo e d\u00ea for\u00e7a aos nossos av\u00f4s e av\u00f3s. Francisco ofereceu por esta inten\u00e7\u00e3o a Missa da manh\u00e3 desta ter\u00e7a-feira \/17\/03) celebrada via streaming da Casa Santa Marta. E convidou a saber perdoar sempre, de cora\u00e7\u00e3o VATICAN NEWS O cora\u00e7\u00e3o do Papa \u00e9 um cora\u00e7\u00e3o que olha para todos, a cada [&hellip;]<\/p>\n","protected":false},"author":1,"featured_media":57640,"comment_status":"open","ping_status":"closed","sticky":false,"template":"","format":"standard","meta":{"footnotes":""},"categories":[13,3],"tags":[],"class_list":["post-57639","post","type-post","status-publish","format-standard","has-post-thumbnail","hentry","category-featured","category-vaticano"],"_links":{"self":[{"href":"https:\/\/catolicanet.net\/wp-cnet\/wp-json\/wp\/v2\/posts\/57639","targetHints":{"allow":["GET"]}}],"collection":[{"href":"https:\/\/catolicanet.net\/wp-cnet\/wp-json\/wp\/v2\/posts"}],"about":[{"href":"https:\/\/catolicanet.net\/wp-cnet\/wp-json\/wp\/v2\/types\/post"}],"author":[{"embeddable":true,"href":"https:\/\/catolicanet.net\/wp-cnet\/wp-json\/wp\/v2\/users\/1"}],"replies":[{"embeddable":true,"href":"https:\/\/catolicanet.net\/wp-cnet\/wp-json\/wp\/v2\/comments?post=57639"}],"version-history":[{"count":1,"href":"https:\/\/catolicanet.net\/wp-cnet\/wp-json\/wp\/v2\/posts\/57639\/revisions"}],"predecessor-version":[{"id":57641,"href":"https:\/\/catolicanet.net\/wp-cnet\/wp-json\/wp\/v2\/posts\/57639\/revisions\/57641"}],"wp:featuredmedia":[{"embeddable":true,"href":"https:\/\/catolicanet.net\/wp-cnet\/wp-json\/wp\/v2\/media\/57640"}],"wp:attachment":[{"href":"https:\/\/catolicanet.net\/wp-cnet\/wp-json\/wp\/v2\/media?parent=57639"}],"wp:term":[{"taxonomy":"category","embeddable":true,"href":"https:\/\/catolicanet.net\/wp-cnet\/wp-json\/wp\/v2\/categories?post=57639"},{"taxonomy":"post_tag","embeddable":true,"href":"https:\/\/catolicanet.net\/wp-cnet\/wp-json\/wp\/v2\/tags?post=57639"}],"curies":[{"name":"wp","href":"https:\/\/api.w.org\/{rel}","templated":true}]}}