{"id":5762,"date":"2015-04-24T14:39:17","date_gmt":"2015-04-24T17:39:17","guid":{"rendered":"http:\/\/catolicanet.net\/wp-cnet\/cnbb-divulga-mensagem-aos-diaconos-permanentes\/"},"modified":"2017-04-07T11:31:00","modified_gmt":"2017-04-07T14:31:00","slug":"cnbb-divulga-mensagem-aos-diaconos-permanentes","status":"publish","type":"post","link":"https:\/\/catolicanet.net\/wp-cnet\/cnbb-divulga-mensagem-aos-diaconos-permanentes\/","title":{"rendered":"CNBB divulga mensagem aos di\u00e1conos permanentes"},"content":{"rendered":"<p style=\"text-align: justify;\"><img decoding=\"async\" src=\"http:\/\/catolicanet.com.br\/images\/stories\/logocnbb.jpg\" border=\"0\" align=\"left\" \/>A Confer\u00eancia Nacional dos Bispos do Brasil, durante sua 53\u00aa Assembleia Geral, em Aparecida (SP), divulgou mensagem aos mais de 3,4 mil di\u00e1conos permanentes do Brasil, que atuam em 160 dioceses. O texto recorda os 50 anos da restaura\u00e7\u00e3o do Diaconado Permanente, ocorrida durante o Conc\u00edlio Ecum\u00eanico Vaticano II. Os bispos afirmam ser &#8220;testemunhas do bem que os di\u00e1conos t\u00eam feito \u00e0 Igreja no Brasil&#8221;. <\/p>\n<p>Leia o texto na \u00edntegra:<\/p>\n<p style=\"text-align: center;\"><strong>Mensagem aos Di\u00e1conos Permanentes do Brasil<\/strong><\/p>\n<p style=\"text-align: right;\">\n<p>\u201cEstou no meio de v\u00f3s como aquele que serve\u201d (Lc 22,27).<\/p>\n<p style=\"text-align: justify;\">\n<p>Na comemora\u00e7\u00e3o dos 50 anos da restaura\u00e7\u00e3o do Diaconado Permanente, n\u00f3s, Bispos do Brasil, reunidos na 53\u00aa Assembleia Geral da CNBB, em Aparecida-SP, saudamos com alegria e gratid\u00e3o os mais de 3.400 di\u00e1conos permanentes espalhados em 160 dioceses brasileiras. Muito presente nos primeiros s\u00e9culosda Igreja, este minist\u00e9rio foi restaurado pelo Conc\u00edlio Vaticano II como \u201cgrau pr\u00f3prio e permanente da hierarquia\u201d (LG, n. 29 cf. Doc. CNBB 96, n\u00ba 4). Somos testemunhas do bem que voc\u00eas, di\u00e1conos, t\u00eam feito \u00e0 Igreja no Brasil desde os quatro primeiros, ordenados pelo beato Papa Paulo VI, em agosto de 1968, em Bogot\u00e1 &#8211; Col\u00f4mbia.<\/p>\n<p>O servi\u00e7o do di\u00e1cono, recorda-nos S\u00e3o Jo\u00e3o Paulo II, \u201c\u00e9 o servi\u00e7o da Igreja sacramentalizado\u201d. E continua: \u201cO vosso n\u00e3o \u00e9 apenas um dos muitos minist\u00e9rios, mas realmente deve ser, como o definiu Paulo VI, a for\u00e7a motriz para a diaconia na Igreja. Com a vossa ordena\u00e7\u00e3o, estais configurados a Cristo na sua fun\u00e7\u00e3o de Servo. V\u00f3s deveis tamb\u00e9m ser sinais vivos da condi\u00e7\u00e3o de servos de sua Igreja\u201d (citado em: Diretrizes para o Diaconado Permanente, doc. 74 da CNBB, n. 41). Recomendamos, pois, que essa voca\u00e7\u00e3o seja valorizada, apresentada, cultivada e vivenciada na comunh\u00e3o da Igreja mission\u00e1ria que est\u00e1 sempre disposta a ir ao encontro das pessoas, especialmente das que mais sofrem.<\/p>\n<p>Voc\u00eas, amados di\u00e1conos, s\u00e3o exemplo de quem acolhe a voca\u00e7\u00e3o batismal. Na f\u00e9 em Jesus Cristo, que se identifica com os pobres, voc\u00eas assumem a voca\u00e7\u00e3o diaconal com a disposi\u00e7\u00e3o de ir \u00e0s periferias geogr\u00e1ficas, sociais e existenciais e com o desejo sincero de imitar o exemplo de Cristo que disse: Eu n\u00e3o vim para ser servido, mas para servir e dar a vida em resgate por muitos (cf. Mc 10,45). Renunciam, portanto, \u00e0 busca de privil\u00e9gios ou de honrarias para se dedicar ao servi\u00e7o, especialmente dos pobres, segundo as exig\u00eancias do minist\u00e9rio que abra\u00e7am.<\/p>\n<p>Reafirmamos que \u201co di\u00e1cono \u00e9 a express\u00e3o do minist\u00e9rio ordenado colocado o mais pr\u00f3ximo poss\u00edvel da realidade laical e do protagonismo dos leigos. Com os leigos, que santificam o mundo por suas vidas, os di\u00e1conos, pela presen\u00e7a sacramental e o testemunho, ajudam a construir um mundo mais de acordo com o projeto de Deus\u201d (Doc. 74, n. 48). O minist\u00e9rio diaconal n\u00e3o pode ser visto como supl\u00eancia ao minist\u00e9rio do presb\u00edtero. Isto pede nossa convers\u00e3o pessoal e pastoral, bem como dos Presb\u00edteros, dos Di\u00e1conos e da comunidade eclesial.<\/p>\n<p>Enche-nos, portanto, de entusiasmo ver o testemunho de tantos Di\u00e1conos que, como \u00edcones de Cristo-Servidor, \u00e9 um dos aben\u00e7oados frutos da renova\u00e7\u00e3o do Conc\u00edlio Vaticano II, em especial quando s\u00e3o presen\u00e7a solid\u00e1ria e de esperan\u00e7a em lugares e circunst\u00e2ncias em que a vida grita por solidariedade e amor. Na comunh\u00e3o da Igreja samaritana, servidora e mission\u00e1ria, voc\u00eas se colocam a servi\u00e7o do povo de Deus, do qual fazem parte, em especial quando participam de uma ou v\u00e1rias pastorais sociais ou quando coordenam uma diaconia oucomunidade, tamb\u00e9m aquelas mais distantes, como na Amaz\u00f4nia.\u00a0 Seu testemunho de unidade enriquece a Igreja e os fortalece em sua miss\u00e3o.<\/p>\n<p>Rezamos tamb\u00e9m por voc\u00eas, queridos di\u00e1conos, que, em meio a tantas realiza\u00e7\u00f5es, enfrentam v\u00e1rios desafios, inclu\u00eddo o da viv\u00eancia do pr\u00f3prio minist\u00e9rio. Isso torna necess\u00e1ria a continuidade da reflex\u00e3o sobre o sentido desse minist\u00e9rio, conforme as novas Diretrizes da CNBB sobre o diaconado (CNBB, Doc. 96), com os presb\u00edteros, animadores e coordenadores das comunidades eclesiais, pastorais, movimentos e servi\u00e7os, candidatos ao diaconado e com os j\u00e1 ordenados. Nesse contexto, reconhecemos o valor das Escolas Diaconais que cuidam de sua forma\u00e7\u00e3o inicial e permanente e contribuem para que o di\u00e1cono viva a miss\u00e3o na fam\u00edlia, em seu trabalho profissional, na comunidade eclesial e em tantas outras realidades, na comunh\u00e3o da Igreja que lhe confere o minist\u00e9rio como um dom de Deus a servi\u00e7o da comunidade.<\/p>\n<p>Dirigimo-nos tamb\u00e9m \u00e0s esposas dos di\u00e1conos e suas fam\u00edlias, pedindo que a gra\u00e7a de Deus as acompanhe e as recompense. Agradecemos sua alegria em acolher e acompanhar esse minist\u00e9rio. Seu apoio \u00e9 importante para quem exerce o diaconado.<\/p>\n<p>Por intercess\u00e3o de Nossa Senhora Aparecida, a M\u00e3e servidora, e de S\u00e3o Louren\u00e7o, di\u00e1cono e m\u00e1rtir, pedimos a b\u00ean\u00e7\u00e3o de Deus para voc\u00eas e todos.<\/p>\n<p><\/p>\n<p style=\"text-align: justify;\">\u00a0<\/p>\n<p style=\"text-align: right;\">Aparecida \u2013 SP, 23 de abril de 2015.<\/p>\n<p style=\"text-align: justify;\">\u00a0<\/p>\n<p style=\"text-align: center;\">\n<p><strong>Cardeal Raymundo Damasceno Assis<\/strong><br \/>Arcebispo de Aparecida<br \/>Presidente da CNBB<\/p>\n<p><strong>Dom Jos\u00e9 Belis\u00e1rio da Silva, OFM<\/strong><br \/>Arcebispo de S\u00e3o Lu\u00eds do Maranh\u00e3o<br \/>Vice Presidente da CNBB<\/p>\n<p><strong>Dom Leonardo Ulrich Steiner<\/strong><br \/>Bispo Auxiliar de Bras\u00edlia<br \/>Secret\u00e1rio Geral da CNBB<\/p>\n","protected":false},"excerpt":{"rendered":"<p>A Confer\u00eancia Nacional dos Bispos do Brasil, durante sua 53\u00aa Assembleia Geral, em Aparecida (SP), divulgou mensagem aos mais de 3,4 mil di\u00e1conos permanentes do Brasil, que atuam em 160 dioceses. O texto recorda os 50 anos da restaura\u00e7\u00e3o do Diaconado Permanente, ocorrida durante o Conc\u00edlio Ecum\u00eanico Vaticano II. Os bispos afirmam ser &#8220;testemunhas do [&hellip;]<\/p>\n","protected":false},"author":1,"featured_media":0,"comment_status":"closed","ping_status":"closed","sticky":false,"template":"","format":"standard","meta":{"footnotes":""},"categories":[7],"tags":[],"class_list":["post-5762","post","type-post","status-publish","format-standard","hentry","category-cnbb"],"_links":{"self":[{"href":"https:\/\/catolicanet.net\/wp-cnet\/wp-json\/wp\/v2\/posts\/5762","targetHints":{"allow":["GET"]}}],"collection":[{"href":"https:\/\/catolicanet.net\/wp-cnet\/wp-json\/wp\/v2\/posts"}],"about":[{"href":"https:\/\/catolicanet.net\/wp-cnet\/wp-json\/wp\/v2\/types\/post"}],"author":[{"embeddable":true,"href":"https:\/\/catolicanet.net\/wp-cnet\/wp-json\/wp\/v2\/users\/1"}],"replies":[{"embeddable":true,"href":"https:\/\/catolicanet.net\/wp-cnet\/wp-json\/wp\/v2\/comments?post=5762"}],"version-history":[{"count":1,"href":"https:\/\/catolicanet.net\/wp-cnet\/wp-json\/wp\/v2\/posts\/5762\/revisions"}],"predecessor-version":[{"id":10394,"href":"https:\/\/catolicanet.net\/wp-cnet\/wp-json\/wp\/v2\/posts\/5762\/revisions\/10394"}],"wp:attachment":[{"href":"https:\/\/catolicanet.net\/wp-cnet\/wp-json\/wp\/v2\/media?parent=5762"}],"wp:term":[{"taxonomy":"category","embeddable":true,"href":"https:\/\/catolicanet.net\/wp-cnet\/wp-json\/wp\/v2\/categories?post=5762"},{"taxonomy":"post_tag","embeddable":true,"href":"https:\/\/catolicanet.net\/wp-cnet\/wp-json\/wp\/v2\/tags?post=5762"}],"curies":[{"name":"wp","href":"https:\/\/api.w.org\/{rel}","templated":true}]}}