{"id":57556,"date":"2020-03-12T14:03:06","date_gmt":"2020-03-12T17:03:06","guid":{"rendered":"https:\/\/catolicanet.net\/wp-cnet\/?p=57556"},"modified":"2020-03-12T14:03:06","modified_gmt":"2020-03-12T17:03:06","slug":"papa-francisco-maria-nos-nos-entregamos-a-ti","status":"publish","type":"post","link":"https:\/\/catolicanet.net\/wp-cnet\/papa-francisco-maria-nos-nos-entregamos-a-ti\/","title":{"rendered":"Papa Francisco: Maria, n\u00f3s nos entregamos a Ti"},"content":{"rendered":"<div class=\"article__subTitle\" style=\"text-align: justify;\">Numa videomensagem, o Papa pede \u00e0 Virgem Milagrosa do Santu\u00e1rio de Castel di Leva \u201cprote\u00e7\u00e3o\u201d neste momento de emerg\u00eancia devido ao coronav\u00edrus. O v\u00eddeo de Francisco abriu a celebra\u00e7\u00e3o da missa presidida pelo vig\u00e1rio do Santo Padre para a Diocese de Roma, cardeal Angelo De Donatis, para o dia de ora\u00e7\u00e3o e jejum.<\/div>\n<div class=\"title__separator\" style=\"text-align: justify;\"><\/div>\n<div class=\"article__text\">\n<p style=\"text-align: justify;\"><b>VATICAN NEWS<\/b><\/p>\n<p style=\"text-align: justify;\"><iframe loading=\"lazy\"  id=\"_ytid_40275\"  width=\"696\" height=\"392\"  data-origwidth=\"696\" data-origheight=\"392\"  data-relstop=\"1\" src=\"https:\/\/www.youtube.com\/embed\/3XJibawOH1c?enablejsapi=1&autoplay=0&cc_load_policy=0&cc_lang_pref=&iv_load_policy=1&loop=0&rel=0&fs=1&playsinline=0&autohide=2&theme=dark&color=red&controls=1&disablekb=0&\" class=\"__youtube_prefs__  no-lazyload\" title=\"YouTube player\"  allow=\"fullscreen; accelerometer; autoplay; clipboard-write; encrypted-media; gyroscope; picture-in-picture; web-share\" referrerpolicy=\"strict-origin-when-cross-origin\" allowfullscreen data-no-lazy=\"1\" data-skipgform_ajax_framebjll=\"\"><\/iframe><\/p>\n<p style=\"text-align: justify;\">Confiar \u201ca cidade, a It\u00e1lia e o mundo \u00e0 prote\u00e7\u00e3o da M\u00e3e de Deus, como sinal de salva\u00e7\u00e3o e esperan\u00e7a\u201d nesses \u201cdias de emerg\u00eancia de sa\u00fade\u201d. Este \u00e9 o pensamento do Papa Francisco expresso na v\u00eddeomensagem para a missa que ser\u00e1 celebrada, nesta quarta-feira (11\/03), \u00e0s 19h locais, no Santu\u00e1rio do Divino Amor no anunciado dia de ora\u00e7\u00e3o e jejum.<\/p>\n<h2 style=\"text-align: justify;\">A Ora\u00e7\u00e3o do Papa<\/h2>\n<p style=\"text-align: justify;\">\u00d3 Maria, Tu sempre brilhas em nosso caminho como sinal de salva\u00e7\u00e3o e esperan\u00e7a. N\u00f3s nos entregamos a Ti, Sa\u00fade dos Enfermos, que na Cruz foste associada \u00e0 dor de Jesus, mantendo firme a Tua f\u00e9. Tu, Salva\u00e7\u00e3o do povo romano, sabes do que precisamos e temos a certeza de que garantir\u00e1s, como em Can\u00e1 da Galil\u00e9ia, que a alegria e a celebra\u00e7\u00e3o possam retornar ap\u00f3s este momento de prova\u00e7\u00e3o. Ajuda-nos, M\u00e3e do Divino Amor, a nos conformarmos com a vontade do Pai e a fazer o que Jesus nos disser. Ele que tomou sobre si nossos sofrimentos e tomou sobre si nossas dores para nos levar, atrav\u00e9s da Cruz, \u00e0 alegria da Ressurrei\u00e7\u00e3o. Am\u00e9m. Sob a Tua prote\u00e7\u00e3o, buscamos ref\u00fagio, Santa M\u00e3e de Deus. N\u00e3o desprezes as nossas s\u00faplicas, n\u00f3s que estamos na prova\u00e7\u00e3o, e livra-nos de todo perigo, Virgem gloriosa e aben\u00e7oada.<\/p>\n<h2 style=\"text-align: justify;\">A missa do Papa e do vig\u00e1rio<\/h2>\n<p style=\"text-align: justify;\">O diretor da Sala de Imprensa da Santa S\u00e9, Matteo Bruni, anunciou a participa\u00e7\u00e3o espiritual do Papa Francisco na ora\u00e7\u00e3o \u00e0 Virgem, a cujos p\u00e9s, em 1944, Pio XII e os romanos imploraram a salva\u00e7\u00e3o de Roma durante a retirada das tropas nazistas. Mais de 75 anos depois, outra emerg\u00eancia, invis\u00edvel e tamb\u00e9m amea\u00e7adora, leva o Papa a se voltar para a M\u00e3e Deus, partilhando os sentimentos do cardeal vig\u00e1rio que, como o Papa, na missa desta quarta-feira, inaugurou a celebra\u00e7\u00e3o eucar\u00edstica cotidiana das 19h, que foi transmitida ao vivo pela TV2000 em streaming atrav\u00e9s do Facebook da diocese. Uma escolha para ir ao encontro dos fi\u00e9is obrigados a ficar em casa para evitar o cont\u00e1gio do coronav\u00edrus.<\/p>\n<h2 style=\"text-align: justify;\">Coleta de fundos para os agentes de sa\u00fade<\/h2>\n<p style=\"text-align: justify;\">\u201cNa missa de hoje\u201d, recorda uma nota do Vicariato de Roma, \u201cser\u00e1 feita uma coleta diocesana extraordin\u00e1ria de ofertas para ajudar os agentes de sa\u00fade que est\u00e3o trabalhando com generosidade e sacrif\u00edcio no atendimento aos doentes\u201d. \u201cSer\u00e1 um momento de gra\u00e7a, em que unidos, estaremos em comunh\u00e3o espiritual, nos sentiremos irm\u00e3os e irm\u00e3s na f\u00e9, solid\u00e1rios e n\u00e3o desconfiados uns dos outros\u201d, escreve o cardeal De Donatis na carta em que instituiu o Dia de ora\u00e7\u00e3o e jejum.<\/p>\n<\/div>\n","protected":false},"excerpt":{"rendered":"<p>Numa videomensagem, o Papa pede \u00e0 Virgem Milagrosa do Santu\u00e1rio de Castel di Leva \u201cprote\u00e7\u00e3o\u201d neste momento de emerg\u00eancia devido ao coronav\u00edrus. O v\u00eddeo de Francisco abriu a celebra\u00e7\u00e3o da missa presidida pelo vig\u00e1rio do Santo Padre para a Diocese de Roma, cardeal Angelo De Donatis, para o dia de ora\u00e7\u00e3o e jejum. VATICAN NEWS [&hellip;]<\/p>\n","protected":false},"author":1,"featured_media":0,"comment_status":"open","ping_status":"closed","sticky":false,"template":"","format":"standard","meta":{"footnotes":""},"categories":[3],"tags":[],"class_list":["post-57556","post","type-post","status-publish","format-standard","hentry","category-vaticano"],"_links":{"self":[{"href":"https:\/\/catolicanet.net\/wp-cnet\/wp-json\/wp\/v2\/posts\/57556","targetHints":{"allow":["GET"]}}],"collection":[{"href":"https:\/\/catolicanet.net\/wp-cnet\/wp-json\/wp\/v2\/posts"}],"about":[{"href":"https:\/\/catolicanet.net\/wp-cnet\/wp-json\/wp\/v2\/types\/post"}],"author":[{"embeddable":true,"href":"https:\/\/catolicanet.net\/wp-cnet\/wp-json\/wp\/v2\/users\/1"}],"replies":[{"embeddable":true,"href":"https:\/\/catolicanet.net\/wp-cnet\/wp-json\/wp\/v2\/comments?post=57556"}],"version-history":[{"count":1,"href":"https:\/\/catolicanet.net\/wp-cnet\/wp-json\/wp\/v2\/posts\/57556\/revisions"}],"predecessor-version":[{"id":57557,"href":"https:\/\/catolicanet.net\/wp-cnet\/wp-json\/wp\/v2\/posts\/57556\/revisions\/57557"}],"wp:attachment":[{"href":"https:\/\/catolicanet.net\/wp-cnet\/wp-json\/wp\/v2\/media?parent=57556"}],"wp:term":[{"taxonomy":"category","embeddable":true,"href":"https:\/\/catolicanet.net\/wp-cnet\/wp-json\/wp\/v2\/categories?post=57556"},{"taxonomy":"post_tag","embeddable":true,"href":"https:\/\/catolicanet.net\/wp-cnet\/wp-json\/wp\/v2\/tags?post=57556"}],"curies":[{"name":"wp","href":"https:\/\/api.w.org\/{rel}","templated":true}]}}