{"id":57553,"date":"2020-03-12T09:59:10","date_gmt":"2020-03-12T12:59:10","guid":{"rendered":"https:\/\/catolicanet.net\/wp-cnet\/?p=57553"},"modified":"2020-03-12T14:01:13","modified_gmt":"2020-03-12T17:01:13","slug":"visita-ad-limina-apostolorum-do-regional-sul-3-e-suspensa","status":"publish","type":"post","link":"https:\/\/catolicanet.net\/wp-cnet\/visita-ad-limina-apostolorum-do-regional-sul-3-e-suspensa\/","title":{"rendered":"Visita &#8220;Ad Limina Apostolorum&#8221; do Regional Sul 3 \u00e9 suspensa"},"content":{"rendered":"<div class=\"article__subTitle\" style=\"text-align: justify;\">A viagem dos bispos do Rio Grande do Sul ao Vaticano estava prevista para o dia 21 deste m\u00eas e se estenderia at\u00e9 o dia 30 de mar\u00e7o.<\/div>\n<div class=\"title__separator\" style=\"text-align: justify;\"><\/div>\n<div class=\"article__text\">\n<p style=\"text-align: justify;\"><b>Cidade do Vaticano &#8211; Vatican News<\/b><\/p>\n<p style=\"text-align: justify;\">O Regional Sul 3 da Confer\u00eancia Nacional dos Bispos do Brasil (CNBB) recebeu oficialmente nesta quarta-feira, 11, o comunicado da suspens\u00e3o da visita <i>Ad Limina Apostolorum<\/i> no Vaticano<\/p>\n<p style=\"text-align: justify;\">Segundo o texto, a viagem foi cancelada \u201cdiante do avan\u00e7o da epidemia do Coronav\u00edrus (Covid-19) na It\u00e1lia\u201d. Atenta a esta realidade, a Santa S\u00e9 determinou a suspens\u00e3o da visita, levando em conta tamb\u00e9m \u201cas medidas tomadas pelo Governo Italiano para proteger a popula\u00e7\u00e3o\u201d, citando a restri\u00e7\u00e3o de circula\u00e7\u00e3o dos cidad\u00e3os, o cancelamento de eventos p\u00fablicos e o fechamento de escolas, universidades e museus.<\/p>\n<p style=\"text-align: justify;\">A partir do dia 21 deste m\u00eas estava prevista a visita de 24 arcebispos e bispos do Rio Grande do Sul no Vaticano. O momento contemplava os contatos com os Dicast\u00e9rios da C\u00faria Romana e a possibilidade de contato com a realidade eclesial e pastoral da cidade. Al\u00e9m disso, seria, segundo Dom Jos\u00e9 Gislon, presidente da CNBB no Regional, <b>\u201coportunidade para apresentar ao Papa as diferentes e complexas realidades que desenham o rosto da Igreja no Rio Grande do Sul, com suas dificuldades e desafios pastorais, mas, sobretudo, com seus projetos, alegrias, esperan\u00e7as e toda a riqueza da A\u00e7\u00e3o Evangelizadora desenvolvida pelas 18 arqui\/dioceses do Rio Grande do Sul\u201d.<\/b><\/p>\n<p style=\"text-align: justify;\">A \u00faltima visita <i>Ad Limin<\/i>a realizada em Roma pelo episcopado do Regional Sul 3 ocorreu h\u00e1 mais de 10 anos, de 27 de novembro a 10 de dezembro de 2009. Dos 24 bispos que iriam agora ao Vaticano, apenas sete eram bispos diocesanos na \u00e9poca e estavam em 2009 na visita no Vaticano.<\/p>\n<p style=\"text-align: justify;\">O comunicado de cancelamento da visita divulgado nesta quarta-feira, informa ainda que \u201ca nova data para realiza\u00e7\u00e3o da <i>Ad Limina<\/i> dos Bispos do Rio Grande do Sul ser\u00e1 divulgada oportunamente\u201d.<\/p>\n<p style=\"text-align: justify;\">Fonte: CNBB Regional Sul 3<\/p>\n<\/div>\n","protected":false},"excerpt":{"rendered":"<p>A viagem dos bispos do Rio Grande do Sul ao Vaticano estava prevista para o dia 21 deste m\u00eas e se estenderia at\u00e9 o dia 30 de mar\u00e7o. Cidade do Vaticano &#8211; Vatican News O Regional Sul 3 da Confer\u00eancia Nacional dos Bispos do Brasil (CNBB) recebeu oficialmente nesta quarta-feira, 11, o comunicado da suspens\u00e3o [&hellip;]<\/p>\n","protected":false},"author":1,"featured_media":57554,"comment_status":"open","ping_status":"closed","sticky":false,"template":"","format":"standard","meta":{"footnotes":""},"categories":[3],"tags":[],"class_list":["post-57553","post","type-post","status-publish","format-standard","has-post-thumbnail","hentry","category-vaticano"],"_links":{"self":[{"href":"https:\/\/catolicanet.net\/wp-cnet\/wp-json\/wp\/v2\/posts\/57553","targetHints":{"allow":["GET"]}}],"collection":[{"href":"https:\/\/catolicanet.net\/wp-cnet\/wp-json\/wp\/v2\/posts"}],"about":[{"href":"https:\/\/catolicanet.net\/wp-cnet\/wp-json\/wp\/v2\/types\/post"}],"author":[{"embeddable":true,"href":"https:\/\/catolicanet.net\/wp-cnet\/wp-json\/wp\/v2\/users\/1"}],"replies":[{"embeddable":true,"href":"https:\/\/catolicanet.net\/wp-cnet\/wp-json\/wp\/v2\/comments?post=57553"}],"version-history":[{"count":1,"href":"https:\/\/catolicanet.net\/wp-cnet\/wp-json\/wp\/v2\/posts\/57553\/revisions"}],"predecessor-version":[{"id":57555,"href":"https:\/\/catolicanet.net\/wp-cnet\/wp-json\/wp\/v2\/posts\/57553\/revisions\/57555"}],"wp:featuredmedia":[{"embeddable":true,"href":"https:\/\/catolicanet.net\/wp-cnet\/wp-json\/wp\/v2\/media\/57554"}],"wp:attachment":[{"href":"https:\/\/catolicanet.net\/wp-cnet\/wp-json\/wp\/v2\/media?parent=57553"}],"wp:term":[{"taxonomy":"category","embeddable":true,"href":"https:\/\/catolicanet.net\/wp-cnet\/wp-json\/wp\/v2\/categories?post=57553"},{"taxonomy":"post_tag","embeddable":true,"href":"https:\/\/catolicanet.net\/wp-cnet\/wp-json\/wp\/v2\/tags?post=57553"}],"curies":[{"name":"wp","href":"https:\/\/api.w.org\/{rel}","templated":true}]}}