{"id":57547,"date":"2020-03-12T09:53:43","date_gmt":"2020-03-12T12:53:43","guid":{"rendered":"https:\/\/catolicanet.net\/wp-cnet\/?p=57547"},"modified":"2020-03-12T13:55:30","modified_gmt":"2020-03-12T16:55:30","slug":"o-aniversario-de-um-papa-que-nos-guia-nos-acompanhando","status":"publish","type":"post","link":"https:\/\/catolicanet.net\/wp-cnet\/o-aniversario-de-um-papa-que-nos-guia-nos-acompanhando\/","title":{"rendered":"O anivers\u00e1rio de um Papa que nos guia nos acompanhando"},"content":{"rendered":"<div class=\"article__subTitle\" style=\"text-align: justify;\">O in\u00edcio do oitavo ano de minist\u00e9rio petrino de Francisco cai em meio \u00e0 crise causada pela pandemia coronav\u00edrus: &#8220;Somos p\u00f3, mas p\u00f3 precioso, amado por Deus, destinado a viver para sempre&#8221;<\/div>\n<div class=\"title__separator\" style=\"text-align: justify;\"><\/div>\n<div class=\"article__text\">\n<p style=\"text-align: justify;\"><b>ANDREA TORNIELLI<\/b><\/p>\n<p style=\"text-align: justify;\">O in\u00edcio do oitavo ano de pontificado do Papa Francisco cai num momento dram\u00e1tico para a humanidade inteira, chamada a enfrentar a pandemia do COVID-19. O chamado, forte e para todos, a manter o olhar fixo naquilo que \u00e9 essencial imp\u00f5e que tamb\u00e9m este anivers\u00e1rio seja celebrado de modo diferente de como foi nos anos precedentes. Nestes dias dif\u00edceis, enquanto cada um de n\u00f3s \u00e9 dramaticamente colocado diante da precariedade da exist\u00eancia, o Papa Francisco escolheu acompanhar-nos com a ora\u00e7\u00e3o, sob a prote\u00e7\u00e3o de Maria, e com a celebra\u00e7\u00e3o di\u00e1ria da Eucaristia na Missa na Casa Santa Marta, excepcionalmente transmitida ao vivo toda manh\u00e3 e difundida no mundo inteiro gra\u00e7as ao streaming.<\/p>\n<p style=\"text-align: justify;\">No fundo, propriamente essas Missas, as celebra\u00e7\u00f5es di\u00e1rias do Papa \u201cp\u00e1roco\u201d que prega a pequenos grupos de fi\u00e9is, contam-lhes aquilo que a medita\u00e7\u00e3o sobre a Palavra de Deus suscitou nele, representam uma das novidades mais significativas do pontificado. Um acompanhamento dia ap\u00f3s dia, que se tornou compromisso confortador para tantas pessoas que nestes sete anos buscaram e leram a s\u00edntese da homilia de Santa Marta oferecida pela m\u00eddia vaticana. Agora esse acompanhamento simples e concreto da parte do Papa que celebra a Missa na capela da sua resid\u00eancia oferecendo o sacrif\u00edcio eucar\u00edstico por quem sofre, pelos enfermos, por seus parentes, pelos m\u00e9dicos, os enfermeiros, os volunt\u00e1rios, os anci\u00e3os sozinhos, os encarcerados, as autoridades, tornou-se ainda mais evidente e confortador.<\/p>\n<p style=\"text-align: justify;\">Na Quarta-feira de Cinzas, quando ainda a emerg\u00eancia Coronav\u00edrus n\u00e3o era percebida de modo t\u00e3o evidente, o Sucessor de Pedro dissera: \u201cCome\u00e7amos a Quaresma com a recep\u00e7\u00e3o das cinzas: \u2018Lembra-te que \u00e9s p\u00f3 da terra e \u00e0 terra h\u00e1s de voltar\u2019. O p\u00f3 sobre a cabe\u00e7a faz-nos ter os p\u00e9s assentes na terra: recorda-nos que viemos da terra e, \u00e0 terra, voltaremos; isto \u00e9, somos d\u00e9beis, fr\u00e1geis, mortais. No longo decorrer dos s\u00e9culos e mil\u00eanios, passamos num ai; comparados com a imensid\u00e3o das gal\u00e1xias e do espa\u00e7o, somos min\u00fasculos; somos um bocado de p\u00f3 no universo. Mas somos o p\u00f3 amado por Deus. Amorosamente o Senhor recolheu nas suas m\u00e3os o nosso p\u00f3 e, nele, insuflou o seu sopro de vida. Por isso somos um p\u00f3 precioso, destinado a viver para sempre. Somos a terra sobre a qual Deus estendeu o seu c\u00e9u, o p\u00f3 que cont\u00e9m os seus sonhos. Somos a esperan\u00e7a de Deus, o seu tesouro, a sua gl\u00f3ria\u201d.<\/p>\n<p style=\"text-align: justify;\">O Papa conclu\u00eda a sua homilia com as seguintes palavras: \u201cDeixemo-nos reconciliar, para viver como filhos amados, pecadores perdoados, doentes curados, viandantes acompanhados. Para amar, deixemo-nos amar; deixemo-nos erguer, para caminhar rumo \u00e0 meta \u2013 \u00e0 P\u00e1scoa. Teremos a alegria de descobrir que Deus nos ressuscita das nossas cinzas\u201d.<\/p>\n<p style=\"text-align: justify;\">Justamente para testemunhar este olhar de esperan\u00e7a e este abra\u00e7o voltado a todos, o Papa que nos guia nos acompanhando, ter\u00e7a-feira, 10 de mar\u00e7o, no in\u00edcio da Missa na Santa Marta, quis rezar em particular pelos sacerdotes, a fim de que neste momento tenham a for\u00e7a para acompanhar, confortar e estar pr\u00f3ximos de quem sofre. E, embora tomando todas as precau\u00e7\u00f5es poss\u00edveis, tenham \u201ca coragem de sair e ir at\u00e9 os enfermos, levando a for\u00e7a da Palavra de Deus e a Eucaristia e acompanhar os agentes de sa\u00fade, os volunt\u00e1rios\u201d no servi\u00e7o extraordin\u00e1rio que est\u00e3o realizando.<\/p>\n<\/div>\n","protected":false},"excerpt":{"rendered":"<p>O in\u00edcio do oitavo ano de minist\u00e9rio petrino de Francisco cai em meio \u00e0 crise causada pela pandemia coronav\u00edrus: &#8220;Somos p\u00f3, mas p\u00f3 precioso, amado por Deus, destinado a viver para sempre&#8221; ANDREA TORNIELLI O in\u00edcio do oitavo ano de pontificado do Papa Francisco cai num momento dram\u00e1tico para a humanidade inteira, chamada a enfrentar [&hellip;]<\/p>\n","protected":false},"author":1,"featured_media":57548,"comment_status":"open","ping_status":"closed","sticky":false,"template":"","format":"standard","meta":{"footnotes":""},"categories":[3],"tags":[],"class_list":["post-57547","post","type-post","status-publish","format-standard","has-post-thumbnail","hentry","category-vaticano"],"_links":{"self":[{"href":"https:\/\/catolicanet.net\/wp-cnet\/wp-json\/wp\/v2\/posts\/57547","targetHints":{"allow":["GET"]}}],"collection":[{"href":"https:\/\/catolicanet.net\/wp-cnet\/wp-json\/wp\/v2\/posts"}],"about":[{"href":"https:\/\/catolicanet.net\/wp-cnet\/wp-json\/wp\/v2\/types\/post"}],"author":[{"embeddable":true,"href":"https:\/\/catolicanet.net\/wp-cnet\/wp-json\/wp\/v2\/users\/1"}],"replies":[{"embeddable":true,"href":"https:\/\/catolicanet.net\/wp-cnet\/wp-json\/wp\/v2\/comments?post=57547"}],"version-history":[{"count":1,"href":"https:\/\/catolicanet.net\/wp-cnet\/wp-json\/wp\/v2\/posts\/57547\/revisions"}],"predecessor-version":[{"id":57549,"href":"https:\/\/catolicanet.net\/wp-cnet\/wp-json\/wp\/v2\/posts\/57547\/revisions\/57549"}],"wp:featuredmedia":[{"embeddable":true,"href":"https:\/\/catolicanet.net\/wp-cnet\/wp-json\/wp\/v2\/media\/57548"}],"wp:attachment":[{"href":"https:\/\/catolicanet.net\/wp-cnet\/wp-json\/wp\/v2\/media?parent=57547"}],"wp:term":[{"taxonomy":"category","embeddable":true,"href":"https:\/\/catolicanet.net\/wp-cnet\/wp-json\/wp\/v2\/categories?post=57547"},{"taxonomy":"post_tag","embeddable":true,"href":"https:\/\/catolicanet.net\/wp-cnet\/wp-json\/wp\/v2\/tags?post=57547"}],"curies":[{"name":"wp","href":"https:\/\/api.w.org\/{rel}","templated":true}]}}