{"id":5753,"date":"2015-04-24T13:56:56","date_gmt":"2015-04-24T16:56:56","guid":{"rendered":"http:\/\/catolicanet.net\/wp-cnet\/papa-na-bolivia-delegacao-vaticana-prepara-visita\/"},"modified":"2017-04-07T11:45:23","modified_gmt":"2017-04-07T14:45:23","slug":"papa-na-bolivia-delegacao-vaticana-prepara-visita","status":"publish","type":"post","link":"https:\/\/catolicanet.net\/wp-cnet\/papa-na-bolivia-delegacao-vaticana-prepara-visita\/","title":{"rendered":"Papa na Bol\u00edvia \u2013 delega\u00e7\u00e3o vaticana prepara visita"},"content":{"rendered":"<p style=\"text-align: justify;\"><img decoding=\"async\" src=\"http:\/\/catolicanet.com.br\/images\/stories\/geral\/delegacaovaticana.jpg\" border=\"0\" align=\"left\" \/>A delega\u00e7\u00e3o vaticana que trata da seguran\u00e7a do Papa Francisco chegou nesta quarta-feira dia 22 de abril \u00e0 Bol\u00edvia para inspecionar os locais que o Santo Padre visitar\u00e1 em julho pr\u00f3ximo.<\/p>\n<p>Ser\u00e3o visitadas as cidades de La Paz, El Alto, e Santa Cruz segundo informou aos jornalistas o ministro da Presid\u00eancia, Juan Ram\u00f3n Quintana. A delega\u00e7\u00e3o vaticana verificar\u00e1 as rotas que o Papa percorrer\u00e1 durante a sua estada neste pa\u00eds, de 8 a 10 de julho.<\/p>\n<p>Ser\u00e1 em La Paz que o Santo Padre se encontrar\u00e1 com o Presidente Evo Morales no \u201cPalacio de Quemado\u201d e celebrar\u00e1 missa na Catedral da cidade. O Papa tamb\u00e9m celebrar\u00e1 uma missa na cidade de Santa Cruz, onde est\u00e1 previsto que se re\u00fana com movimentos sociais e conhe\u00e7a a pris\u00e3o de Palmasola, palco de motins dos presidi\u00e1rios nos \u00faltimos anos.<\/p>\n<p>A visita do Papa Francisco \u00e0 Bol\u00edvia est\u00e1 inclu\u00edda numa viagem que inclui etapas no Equador e no Paraguai em agenda para os dias de 6 a 12 de julho,<\/p>\n<p>A \u00fanica visita de um Pont\u00edfice \u00e0 Bol\u00edvia foi realizada por Jo\u00e3o Paulo II em 1988.<\/p>\n<p style=\"text-align: justify;\">\u00a0<\/p>\n<p style=\"text-align: justify;\">Fonte: R\u00e1dio Vaticano<\/p>\n","protected":false},"excerpt":{"rendered":"<p>A delega\u00e7\u00e3o vaticana que trata da seguran\u00e7a do Papa Francisco chegou nesta quarta-feira dia 22 de abril \u00e0 Bol\u00edvia para inspecionar os locais que o Santo Padre visitar\u00e1 em julho pr\u00f3ximo. Ser\u00e3o visitadas as cidades de La Paz, El Alto, e Santa Cruz segundo informou aos jornalistas o ministro da Presid\u00eancia, Juan Ram\u00f3n Quintana. A [&hellip;]<\/p>\n","protected":false},"author":1,"featured_media":0,"comment_status":"closed","ping_status":"closed","sticky":false,"template":"","format":"standard","meta":{"footnotes":""},"categories":[3],"tags":[],"class_list":["post-5753","post","type-post","status-publish","format-standard","hentry","category-vaticano"],"_links":{"self":[{"href":"https:\/\/catolicanet.net\/wp-cnet\/wp-json\/wp\/v2\/posts\/5753","targetHints":{"allow":["GET"]}}],"collection":[{"href":"https:\/\/catolicanet.net\/wp-cnet\/wp-json\/wp\/v2\/posts"}],"about":[{"href":"https:\/\/catolicanet.net\/wp-cnet\/wp-json\/wp\/v2\/types\/post"}],"author":[{"embeddable":true,"href":"https:\/\/catolicanet.net\/wp-cnet\/wp-json\/wp\/v2\/users\/1"}],"replies":[{"embeddable":true,"href":"https:\/\/catolicanet.net\/wp-cnet\/wp-json\/wp\/v2\/comments?post=5753"}],"version-history":[{"count":1,"href":"https:\/\/catolicanet.net\/wp-cnet\/wp-json\/wp\/v2\/posts\/5753\/revisions"}],"predecessor-version":[{"id":10401,"href":"https:\/\/catolicanet.net\/wp-cnet\/wp-json\/wp\/v2\/posts\/5753\/revisions\/10401"}],"wp:attachment":[{"href":"https:\/\/catolicanet.net\/wp-cnet\/wp-json\/wp\/v2\/media?parent=5753"}],"wp:term":[{"taxonomy":"category","embeddable":true,"href":"https:\/\/catolicanet.net\/wp-cnet\/wp-json\/wp\/v2\/categories?post=5753"},{"taxonomy":"post_tag","embeddable":true,"href":"https:\/\/catolicanet.net\/wp-cnet\/wp-json\/wp\/v2\/tags?post=5753"}],"curies":[{"name":"wp","href":"https:\/\/api.w.org\/{rel}","templated":true}]}}