{"id":5749,"date":"2015-04-23T18:46:41","date_gmt":"2015-04-23T21:46:41","guid":{"rendered":"http:\/\/catolicanet.net\/wp-cnet\/dom-sergio-da-rocha-representara-a-cnbb-no-sinodo-dos-bispos\/"},"modified":"2017-04-07T11:47:08","modified_gmt":"2017-04-07T14:47:08","slug":"dom-sergio-da-rocha-representara-a-cnbb-no-sinodo-dos-bispos","status":"publish","type":"post","link":"https:\/\/catolicanet.net\/wp-cnet\/dom-sergio-da-rocha-representara-a-cnbb-no-sinodo-dos-bispos\/","title":{"rendered":"Dom S\u00e9rgio da Rocha representar\u00e1 a CNBB no S\u00ednodo dos Bispos"},"content":{"rendered":"<p style=\"text-align: justify;\"><img decoding=\"async\" src=\"http:\/\/catolicanet.com.br\/images\/stories\/geral\/dom sergio.jpg\" border=\"0\" align=\"left\" \/>O arcebispo de Bras\u00edlia (DF), dom S\u00e9rgio da Rocha, foi eleito 1\u00ba membro da Confer\u00eancia Nacional dos Bispos do Brasil (CNBB) para a 14\u00aa Assembleia do S\u00ednodo dos Bispos sobre a Fam\u00edlia, em segundo escrut\u00ednio realizado na manh\u00e3 de hoje, 23, durante a 53\u00aa Assembleia Geral, em Aparecida (SP). Ele recebeu 184 votos do total de 265, superando os 133 votos requeridos para a maioria absoluta.<\/p>\n<p>O S\u00ednodo convocado pelo papa Francisco, ocorrer\u00e1 de 4 a 25 de outubro, no Vaticano, e ter\u00e1 como tema \u201cA Voca\u00e7\u00e3o e a Miss\u00e3o da Fam\u00edlia na Igreja e no mundo contempor\u00e2neo\u201d.<\/p>\n<p>Dom S\u00e9rgio foi eleito presidente da CNBB e tomar\u00e1 posse nesta sexta-feira, 24, para o mandato no quadri\u00eanio 2015-2019.<\/p>\n<p>Curr\u00edculo<\/p>\n<p>O arcebispo de Bras\u00edlia e novo presidente da CNBB nasceu em Dobrada, no estado de S\u00e3o Paulo, em 1959 e foi ordenado presb\u00edtero na Matriz do Senhor Bom Jesus de Mat\u00e3o (SP) em 1984.<\/p>\n<p>Foi nomeado bispo pelo papa Jo\u00e3o Paulo II em 2001, como auxiliar de Fortaleza (CE). Em janeiro de 2007 o papa Bento XVI o nomeou como arcebispo coadjutor da arquidiocese de Teresina (PI). Tamb\u00e9m pelo papa Bento XVI, em 2011, foi nomeado para arcebispo metropolitano de Bras\u00edlia. No per\u00edodo entre 2002 e 2007, o bispo foi membro da Comiss\u00e3o para Doutrina da F\u00e9 da CNBB, secret\u00e1rio do Regional Nordeste 1, e bispo referencial para a Pastoral da Juventude e Pastoral Vocacional no Regional Nordeste 1.<\/p>\n<p>J\u00e1 entre 2007 e 2011 dom S\u00e9rgio foi bispo referencial para o Ensino Religioso e para os Presb\u00edteros no Regional Nordeste 4, presidente da Comiss\u00e3o para o Semin\u00e1rio do Regional Nordeste 4, membro da Comiss\u00e3o para os Minist\u00e9rios Ordenados e a Vida Consagrada da CNBB, al\u00e9m de representante do Departamento de Voca\u00e7\u00f5es e Minist\u00e9rios do CELAM. O bispo foi representante da CNBB na XIII Assembleia do S\u00ednodo dos Bispos sobre a Nova Evangeliza\u00e7\u00e3o em 2012 e atualmente \u00e9 presidente da Comiss\u00e3o para a Doutrina da F\u00e9 da CNBB e membro do Conselho de Pastoral (CONSEP) e do Conselho Permanente da CNBB.<\/p>\n<p>Dom S\u00e9rgio tem como lema episcopal \u201cOmnia in Caritate\u201d \u2013 \u201cTudo na caridade\u201d<\/p>\n<p style=\"text-align: justify;\">\u00a0<\/p>\n<p style=\"text-align: justify;\">Fonte: CNBB<\/p>\n","protected":false},"excerpt":{"rendered":"<p>O arcebispo de Bras\u00edlia (DF), dom S\u00e9rgio da Rocha, foi eleito 1\u00ba membro da Confer\u00eancia Nacional dos Bispos do Brasil (CNBB) para a 14\u00aa Assembleia do S\u00ednodo dos Bispos sobre a Fam\u00edlia, em segundo escrut\u00ednio realizado na manh\u00e3 de hoje, 23, durante a 53\u00aa Assembleia Geral, em Aparecida (SP). Ele recebeu 184 votos do total [&hellip;]<\/p>\n","protected":false},"author":1,"featured_media":0,"comment_status":"closed","ping_status":"closed","sticky":false,"template":"","format":"standard","meta":{"footnotes":""},"categories":[7],"tags":[],"class_list":["post-5749","post","type-post","status-publish","format-standard","hentry","category-cnbb"],"_links":{"self":[{"href":"https:\/\/catolicanet.net\/wp-cnet\/wp-json\/wp\/v2\/posts\/5749","targetHints":{"allow":["GET"]}}],"collection":[{"href":"https:\/\/catolicanet.net\/wp-cnet\/wp-json\/wp\/v2\/posts"}],"about":[{"href":"https:\/\/catolicanet.net\/wp-cnet\/wp-json\/wp\/v2\/types\/post"}],"author":[{"embeddable":true,"href":"https:\/\/catolicanet.net\/wp-cnet\/wp-json\/wp\/v2\/users\/1"}],"replies":[{"embeddable":true,"href":"https:\/\/catolicanet.net\/wp-cnet\/wp-json\/wp\/v2\/comments?post=5749"}],"version-history":[{"count":1,"href":"https:\/\/catolicanet.net\/wp-cnet\/wp-json\/wp\/v2\/posts\/5749\/revisions"}],"predecessor-version":[{"id":10405,"href":"https:\/\/catolicanet.net\/wp-cnet\/wp-json\/wp\/v2\/posts\/5749\/revisions\/10405"}],"wp:attachment":[{"href":"https:\/\/catolicanet.net\/wp-cnet\/wp-json\/wp\/v2\/media?parent=5749"}],"wp:term":[{"taxonomy":"category","embeddable":true,"href":"https:\/\/catolicanet.net\/wp-cnet\/wp-json\/wp\/v2\/categories?post=5749"},{"taxonomy":"post_tag","embeddable":true,"href":"https:\/\/catolicanet.net\/wp-cnet\/wp-json\/wp\/v2\/tags?post=5749"}],"curies":[{"name":"wp","href":"https:\/\/api.w.org\/{rel}","templated":true}]}}