{"id":57464,"date":"2020-03-09T08:22:35","date_gmt":"2020-03-09T11:22:35","guid":{"rendered":"https:\/\/catolicanet.net\/wp-cnet\/?p=57464"},"modified":"2020-03-09T13:25:17","modified_gmt":"2020-03-09T16:25:17","slug":"8-de-marco-dia-internacional-da-mulher","status":"publish","type":"post","link":"https:\/\/catolicanet.net\/wp-cnet\/8-de-marco-dia-internacional-da-mulher\/","title":{"rendered":"8 de Mar\u00e7o, Dia Internacional da Mulher"},"content":{"rendered":"<p style=\"text-align: justify;\">Agentes de pastoral, ministras extraordin\u00e1rias da sagrada comunh\u00e3o, sacrist\u00e3s, musicistas, secret\u00e1rias, assessoras, conselheiras e lideran\u00e7as de comunidades. Essas s\u00e3o algumas das fun\u00e7\u00f5es exercidas pelas mulheres na Igreja no Brasil. Um levantamento de 2018 do Conselho Nacional do Laicato do Brasil (CNLB), um dos organismos mais expressivos dos leigos no Brasil, estima que as mulheres sejam dois ter\u00e7os dos fi\u00e9is, contra um ter\u00e7o dos homens.<\/p>\n<p style=\"text-align: justify;\">Neste domingo, 8 de mar\u00e7o, \u00e9 celebrado o Dia Internacional da Mulher e falar sobre o papel da mulher na Igreja n\u00e3o \u00e9 uma tarefa f\u00e1cil porque segundo especialista em antropologia Crist\u00e3, Jo\u00e3o Ant\u00f4nio Johas do Jovens de Maria, envolve diversos fatores, como o modo de pensar do mundo e tamb\u00e9m a maneira hist\u00f3rica de se tratar a mulher.<\/p>\n<p style=\"text-align: justify;\"><em>\u201cSe queremos pensar um pouco sobre a dignidade da mulher e o seu papel na Igreja, precisamos faz\u00ea-lo junto com Maria, a primeira e a melhor disc\u00edpula do Senhor Jesus\u201d, destacou Jo\u00e3o em artigo publicado pelo Jovens de Maria em 2016\u2033, disse.<\/em><\/p>\n<p style=\"text-align: justify;\"><a href=\"https:\/\/www.cnbb.org.br\/8-de-marco-dia-internacional-da-mulher\/unnamed-11\/\"><img loading=\"lazy\" decoding=\"async\" class=\"alignright wp-image-234687 size-medium\" src=\"https:\/\/www.cnbb.org.br\/wp-content\/uploads\/sites\/32\/2020\/03\/unnamed-300x200.jpg\" srcset=\"https:\/\/www.cnbb.org.br\/wp-content\/uploads\/sites\/32\/2020\/03\/unnamed-300x200.jpg 300w, https:\/\/www.cnbb.org.br\/wp-content\/uploads\/sites\/32\/2020\/03\/unnamed.jpg 512w\" alt=\"\" width=\"300\" height=\"200\" \/><\/a>O Papa Francisco lembra na <em>Evangelii Gaudium<\/em> uma caracter\u00edstica muito presente na mulher que \u00e9 a sensibilidade.\u00a0<em>\u201cA Igreja reconhece a indispens\u00e1vel contribui\u00e7\u00e3o da mulher na sociedade, com uma sensibilidade, uma intui\u00e7\u00e3o e certas capacidades peculiares, que habitualmente s\u00e3o mais pr\u00f3prias das mulheres que dos homens\u201d, afirma.<\/em><\/p>\n<p style=\"text-align: justify;\">A mulher tem papel fundamental na Igreja pois atua em diversas frentes, em especial, na defesa dos direitos. Como \u00e9 o caso da Pastoral da Mulher Marginalizada, ligada as pastorais sociais, que busca ser presen\u00e7a solid\u00e1ria e prof\u00e9tica junto \u00e0 Mulher em situa\u00e7\u00e3o de prostitui\u00e7\u00e3o.\u00a0 No Brasil, a Pastoral est\u00e1 organizada em 9 nove estados e 25 cidades e trabalha para fortalecer os v\u00ednculos familiares, na perspectiva de ajud\u00e1-las a constru\u00edrem oportunidades, ou seja, novos projetos de vida.<\/p>\n<p style=\"text-align: justify;\">A Pastoral informa que trata-se de um trabalho de visitas em campo, palestras, rodas de conversa tem\u00e1ticas, semin\u00e1rios, encontros regionais e nacionais, oficinas socioeducativas e cursos de gera\u00e7\u00e3o de renda, bem como momentos celebrativos de confraterniza\u00e7\u00e3o, escuta e acolhimento, construindo rela\u00e7\u00f5es humanas e humanizadoras.<\/p>\n<p style=\"text-align: justify;\"><em>\u201cA nossa miss\u00e3o \u00e9 contribuir na promo\u00e7\u00e3o humana e colaborar para que elas sejam protagonistas de sua pr\u00f3pria hist\u00f3ria. Impulsion\u00e1-las a desenvolverem alternativas econ\u00f4micas para gera\u00e7\u00e3o de renda, na forma\u00e7\u00e3o sobre incid\u00eancia pol\u00edtica e integra\u00e7\u00e3o e valoriza\u00e7\u00e3o de uma espiritualidade ecum\u00eanica a servi\u00e7o da vida\u201d, destaca Fabr\u00edcia Paes, uma das coordenadoras nacionais da pastoral.<\/em><\/p>\n<p style=\"text-align: justify;\">No entanto, a pastoral enfrenta muitos desafios, como a dificuldade de contar com trabalho volunt\u00e1rios, falta de recursos financeiros, a forma\u00e7\u00e3o de novas equipes, a manuten\u00e7\u00e3o dos trabalhos de base nas diversas equipes, devido \u00e0s dist\u00e2ncias geogr\u00e1ficas, a participa\u00e7\u00e3o nas atividades das redes em n\u00edvel nacional (Encontro das Pastorais Sociais), falta de apoio e devolutiva de algumas dioceses e ultrapassar a barreira do preconceito institucional.<\/p>\n<div id=\"attachment_234689\" class=\"wp-caption alignleft\" style=\"text-align: justify;\">\n<p><a href=\"https:\/\/www.cnbb.org.br\/8-de-marco-dia-internacional-da-mulher\/pmm1\/\"><img loading=\"lazy\" decoding=\"async\" class=\"wp-image-234689 size-medium\" src=\"https:\/\/www.cnbb.org.br\/wp-content\/uploads\/sites\/32\/2020\/03\/PMM1-300x173.png\" srcset=\"https:\/\/www.cnbb.org.br\/wp-content\/uploads\/sites\/32\/2020\/03\/PMM1-300x173.png 300w, https:\/\/www.cnbb.org.br\/wp-content\/uploads\/sites\/32\/2020\/03\/PMM1.png 607w\" alt=\"\" width=\"300\" height=\"173\" aria-describedby=\"caption-attachment-234689\" \/><\/a><\/p>\n<p id=\"caption-attachment-234689\" class=\"wp-caption-text\">Foto: Arquivo Pastoral da Mulher Marginalizada<\/p>\n<\/div>\n<p style=\"text-align: justify;\">Al\u00e9m da atua\u00e7\u00e3o junto \u00e0s mulheres em situa\u00e7\u00e3o de prostitui\u00e7\u00e3o, a Pastoral da Mulher Marginalizada possui mais dois eixos de a\u00e7\u00e3o: enfrentamento ao abuso e \u00e0 explora\u00e7\u00e3o sexual e\/ou comercial de crian\u00e7as e adolescentes; e tr\u00e1fico de mulheres, crian\u00e7as e adolescentes para fins de explora\u00e7\u00e3o sexual. Ambos eixos requerem trabalhos preventivos de palestras junto \u00e0s escolas, igrejas e comunidades locais, bem como semin\u00e1rios e rodas de conversa.<\/p>\n<p style=\"text-align: justify;\">De acordo com a Coordena\u00e7\u00e3o da Pastoral, as equipes participam no Conselho Municipal dos Direitos da Mulher, Conselho Municipal dos Direitos da Crian\u00e7a e do Adolescente, Conselho Municipal dos Direitos do Idoso, F\u00f3rum Nacional e Regional das Pastorais Sociais. Como tamb\u00e9m, temos um representante no Comit\u00ea no Tr\u00e1fico de Pessoas para fins de explora\u00e7\u00e3o sexual.<\/p>\n<blockquote><p><strong>Pastoral ajuda mulher a superar situa\u00e7\u00f5es dif\u00edceis<\/strong><\/p>\n<p>Honorina de Santana Santos, de 53 anos, \u00e9 uma das mulheres acompanhadas pela Pastoral da Mulher Marginalizada, na cidade de S\u00e3o Paulo. Ela diz ser muito grata por todo o acolhimento, orienta\u00e7\u00f5es e aux\u00edlios que recebeu desde que procurou a casa pela primeira vez.<\/p>\n<p><em>\u201cSou grata pelos caf\u00e9s, lanches, almo\u00e7os e mais grata ainda pelo bom atendimento psicol\u00f3gico que recebo. O acolhimento que todas n\u00f3s mulheres recebemos l\u00e1, os encaminhamentos, as rodas de conversa, os cursos e as doa\u00e7\u00f5es nos fortalecem e fazem muita diferen\u00e7a em nossas vidas porque a mulher que chega l\u00e1 j\u00e1 vem amargurada e quando entra naquela porta, senta naquelas poltronas e o que ela ouve a transforma, faz ela sair restaurada, aliviada. Essa pastoral faz a diferen\u00e7a na vida de uma pessoa\u201d<\/em>, relata.<\/p><\/blockquote>\n","protected":false},"excerpt":{"rendered":"<p>Agentes de pastoral, ministras extraordin\u00e1rias da sagrada comunh\u00e3o, sacrist\u00e3s, musicistas, secret\u00e1rias, assessoras, conselheiras e lideran\u00e7as de comunidades. Essas s\u00e3o algumas das fun\u00e7\u00f5es exercidas pelas mulheres na Igreja no Brasil. Um levantamento de 2018 do Conselho Nacional do Laicato do Brasil (CNLB), um dos organismos mais expressivos dos leigos no Brasil, estima que as mulheres sejam [&hellip;]<\/p>\n","protected":false},"author":1,"featured_media":57465,"comment_status":"open","ping_status":"closed","sticky":false,"template":"","format":"standard","meta":{"footnotes":""},"categories":[7],"tags":[],"class_list":["post-57464","post","type-post","status-publish","format-standard","has-post-thumbnail","hentry","category-cnbb"],"_links":{"self":[{"href":"https:\/\/catolicanet.net\/wp-cnet\/wp-json\/wp\/v2\/posts\/57464","targetHints":{"allow":["GET"]}}],"collection":[{"href":"https:\/\/catolicanet.net\/wp-cnet\/wp-json\/wp\/v2\/posts"}],"about":[{"href":"https:\/\/catolicanet.net\/wp-cnet\/wp-json\/wp\/v2\/types\/post"}],"author":[{"embeddable":true,"href":"https:\/\/catolicanet.net\/wp-cnet\/wp-json\/wp\/v2\/users\/1"}],"replies":[{"embeddable":true,"href":"https:\/\/catolicanet.net\/wp-cnet\/wp-json\/wp\/v2\/comments?post=57464"}],"version-history":[{"count":2,"href":"https:\/\/catolicanet.net\/wp-cnet\/wp-json\/wp\/v2\/posts\/57464\/revisions"}],"predecessor-version":[{"id":57468,"href":"https:\/\/catolicanet.net\/wp-cnet\/wp-json\/wp\/v2\/posts\/57464\/revisions\/57468"}],"wp:featuredmedia":[{"embeddable":true,"href":"https:\/\/catolicanet.net\/wp-cnet\/wp-json\/wp\/v2\/media\/57465"}],"wp:attachment":[{"href":"https:\/\/catolicanet.net\/wp-cnet\/wp-json\/wp\/v2\/media?parent=57464"}],"wp:term":[{"taxonomy":"category","embeddable":true,"href":"https:\/\/catolicanet.net\/wp-cnet\/wp-json\/wp\/v2\/categories?post=57464"},{"taxonomy":"post_tag","embeddable":true,"href":"https:\/\/catolicanet.net\/wp-cnet\/wp-json\/wp\/v2\/tags?post=57464"}],"curies":[{"name":"wp","href":"https:\/\/api.w.org\/{rel}","templated":true}]}}