{"id":57446,"date":"2020-03-09T09:07:18","date_gmt":"2020-03-09T12:07:18","guid":{"rendered":"https:\/\/catolicanet.net\/wp-cnet\/?p=57446"},"modified":"2020-03-09T11:11:27","modified_gmt":"2020-03-09T14:11:27","slug":"jesus-saciou-a-samaritana-com-a-sede-de-fe-e-o-fogo-do-amor","status":"publish","type":"post","link":"https:\/\/catolicanet.net\/wp-cnet\/jesus-saciou-a-samaritana-com-a-sede-de-fe-e-o-fogo-do-amor\/","title":{"rendered":"Jesus saciou a samaritana com a sede de f\u00e9 e o fogo do amor!"},"content":{"rendered":"<p style=\"text-align: justify;\">No terceiro domingo da Quaresma a Palavra de Deus que hoje nos \u00e9 proposta afirma, essencialmente, que o nosso Deus est\u00e1 sempre presente ao longo da nossa caminhada pela hist\u00f3ria e que s\u00f3 Ele nos oferece um horizonte de vida eterna, de realiza\u00e7\u00e3o plena, de felicidade perfeita. Ora\u00e7\u00e3o, penit\u00eancia e acusa\u00e7\u00e3o de si mesmos s\u00e3o indispens\u00e1veis para combater o mal e nos saciarmos da sede da f\u00e9 e do fogo do amor que s\u00f3 Cristo pode nos dar!<\/p>\n<p style=\"text-align: justify;\">Contemplamos na liturgia deste terceiro domingo da Quaresma o Cristo que \u00e9 a \u00e1gua para a nossa sede. Ele \u00e9 a pr\u00f3pria fonte, \u00e0 qual todos podemos acorrer com nossa sede de vida, de sentido, de esperan\u00e7a e de f\u00e9. A Sua Palavra e a Sua Presen\u00e7a nos fortalecem no empenho de promover e cuidar da vida do\u00a0 mundo(em conson\u00e2ncia com a Campanha da Fraternidade 2020) que tem sede de paz, dignidade e partilha.<\/p>\n<p style=\"text-align: justify;\">A primeira leitura(cf. Ex 17,3-7) mostra como Deus acompanhou a caminhada dos hebreus pelo deserto do Sinai e como, nos momentos de crise, respondeu \u00e0s necessidades do seu Povo. O quadro revela a pedagogia de Deus e d\u00e1-nos a chave para entender a l\u00f3gica de Deus, manifestada em cada passo da hist\u00f3ria da salva\u00e7\u00e3o.<\/p>\n<p style=\"text-align: justify;\">A segunda leitura(cf. Rm 5,1-2.5-8) repete, noutros termos, o ensinamento da primeira: Deus acompanha o seu Povo em marcha pela hist\u00f3ria; e, apesar do pecado e da infidelidade, insiste em oferecer ao seu Povo &#8211; de forma gratuita e incondicional &#8211; a salva\u00e7\u00e3o.<\/p>\n<p style=\"text-align: justify;\">O Evangelho(cf. Jo 4,5-42) tamb\u00e9m n\u00e3o se afasta desta tem\u00e1tica&#8230; Garante-nos que, atrav\u00e9s de Jesus, Deus oferece ao homem a felicidade (n\u00e3o a felicidade ilus\u00f3ria, parcial e fal\u00edvel, mas a vida eterna). Quem acolhe o dom de Deus e aceita Jesus como &#8220;o salvador do mundo&#8221; torna-se um Homem Novo, que vive do Esp\u00edrito e que caminha ao encontro da vida plena e definitiva. No tempo de Jesus, um judeu dirigir-se \u00e0 uma mulher samaritana(cf. Jo 4,7-9) era o c\u00famulo da impureza \u2013 qualquer contato com um samaritano tornava o judeu impuro. \u00c9 misterioso o fato de que a mulher vai buscar \u00e1gua no po\u00e7o na hora do almo\u00e7o, quando Jesus estava l\u00e1(v. 5). Quando Jesus fala de \u00c1gua Viva, a mulher entende \u00e1gua comum do po\u00e7o(v. 11), mas, \u00e0 medida que Jesus aprofunda o sentido do que disse, a mulher descobre que \u00e1gua de vida eterna \u00e9 o pr\u00f3prio homem diante dela(v. 19). Ela se esqueceu de que fora ao po\u00e7o buscar \u00e1gua material e descobre aquele que \u00e9 fonte de \u00e1gua que d\u00e1 vida eterna e abre seu cora\u00e7\u00e3o a ele(v. 15-18). Jesus, tamb\u00e9m, abriu seu cora\u00e7\u00e3o \u00e0quela mulher que nunca havia visto, revelando-lhe sua verdadeira identidade(v. 25). Por que aquela desconhecida conseguiu o que ningu\u00e9m, nem seus amigos, havia conseguido? Porque possu\u00eda uma simplicidade de cora\u00e7\u00e3o mesmo sendo pecadora; deixou Jesus educar seu desejo material e ele a conduziu ao desejo da vida do Esp\u00edrito; foi sincera e transparente, n\u00e3o escondeu seu pecado. Muitos de n\u00f3s nunca tivemos uma verdadeira experi\u00eancia de Deus, porque temos dificuldade em nos reconhecer pecadores, abrir nosso cora\u00e7\u00e3o para ele.<\/p>\n<p style=\"text-align: justify;\">Jesus rompe com todas as barreiras discriminat\u00f3rias baseadas em cren\u00e7as religiosas. Porque para Ele o novo povo deve adorar a Deus em Esp\u00edrito e Verdade. Jesus \u00e9 a revela\u00e7\u00e3o de que Deus est\u00e1 presente em todos os valores de todos os povos e culturas, conferindo uma dimens\u00e3o de eternidade a todo ato de amor que promove a vida. Senhor Deus, nosso Pai, n\u00f3s queremos te conhecer. Mas muitas vezes os nossos olhos n\u00e3o vos enxergam. Assim como a Samaritana queremos te reconhecer, acolher\u00a0 em Jesus, vosso filho. D\u00e1-me a gra\u00e7a.<\/p>\n<p style=\"text-align: justify;\">O pref\u00e1cio da Missa de hoje \u00e9 significativo: \u201cAo pedir \u00e0 Samaritana que lhe desse de beber, Jesus lhe dava o dom de crer. E, saciada sua sede de f\u00e9 lhe acrescentou\u00a0 o fogo do amor\u201d. Aprendamos com a samaritana! Sejamos abertos a Jesus e ele ter\u00e1 a liberdade de se revelar a n\u00f3s e nos purificar com sua gra\u00e7a santificante e transformadora.<\/p>\n","protected":false},"excerpt":{"rendered":"<p>No terceiro domingo da Quaresma a Palavra de Deus que hoje nos \u00e9 proposta afirma, essencialmente, que o nosso Deus est\u00e1 sempre presente ao longo da nossa caminhada pela hist\u00f3ria e que s\u00f3 Ele nos oferece um horizonte de vida eterna, de realiza\u00e7\u00e3o plena, de felicidade perfeita. Ora\u00e7\u00e3o, penit\u00eancia e acusa\u00e7\u00e3o de si mesmos s\u00e3o [&hellip;]<\/p>\n","protected":false},"author":10,"featured_media":55817,"comment_status":"open","ping_status":"closed","sticky":false,"template":"","format":"standard","meta":{"footnotes":""},"categories":[9],"tags":[],"class_list":["post-57446","post","type-post","status-publish","format-standard","has-post-thumbnail","hentry","category-artigos"],"_links":{"self":[{"href":"https:\/\/catolicanet.net\/wp-cnet\/wp-json\/wp\/v2\/posts\/57446","targetHints":{"allow":["GET"]}}],"collection":[{"href":"https:\/\/catolicanet.net\/wp-cnet\/wp-json\/wp\/v2\/posts"}],"about":[{"href":"https:\/\/catolicanet.net\/wp-cnet\/wp-json\/wp\/v2\/types\/post"}],"author":[{"embeddable":true,"href":"https:\/\/catolicanet.net\/wp-cnet\/wp-json\/wp\/v2\/users\/10"}],"replies":[{"embeddable":true,"href":"https:\/\/catolicanet.net\/wp-cnet\/wp-json\/wp\/v2\/comments?post=57446"}],"version-history":[{"count":1,"href":"https:\/\/catolicanet.net\/wp-cnet\/wp-json\/wp\/v2\/posts\/57446\/revisions"}],"predecessor-version":[{"id":57447,"href":"https:\/\/catolicanet.net\/wp-cnet\/wp-json\/wp\/v2\/posts\/57446\/revisions\/57447"}],"wp:featuredmedia":[{"embeddable":true,"href":"https:\/\/catolicanet.net\/wp-cnet\/wp-json\/wp\/v2\/media\/55817"}],"wp:attachment":[{"href":"https:\/\/catolicanet.net\/wp-cnet\/wp-json\/wp\/v2\/media?parent=57446"}],"wp:term":[{"taxonomy":"category","embeddable":true,"href":"https:\/\/catolicanet.net\/wp-cnet\/wp-json\/wp\/v2\/categories?post=57446"},{"taxonomy":"post_tag","embeddable":true,"href":"https:\/\/catolicanet.net\/wp-cnet\/wp-json\/wp\/v2\/tags?post=57446"}],"curies":[{"name":"wp","href":"https:\/\/api.w.org\/{rel}","templated":true}]}}