{"id":57444,"date":"2020-03-08T10:51:18","date_gmt":"2020-03-08T13:51:18","guid":{"rendered":"https:\/\/catolicanet.net\/wp-cnet\/?p=57444"},"modified":"2020-03-09T11:06:49","modified_gmt":"2020-03-09T14:06:49","slug":"importancia-da-proximidade","status":"publish","type":"post","link":"https:\/\/catolicanet.net\/wp-cnet\/importancia-da-proximidade\/","title":{"rendered":"Import\u00e2ncia da proximidade"},"content":{"rendered":"<p style=\"text-align: justify;\">N\u00e3o faz bem viver totalmente isolado, enclausurado e sem comunica\u00e7\u00e3o com quem transita nos arredores. A pr\u00e1tica de Jesus era bem diferente, porque Ele ia ao encontro das pessoas, principalmente de quem estava na condi\u00e7\u00e3o de marginalizado por causa de suas defici\u00eancias. O di\u00e1logo sadio pode construir realidades novas e abrir caminhos para a supera\u00e7\u00e3o desse tipo de sofrimento.<\/p>\n<p style=\"text-align: justify;\">O isolamento maior, e muito pior, \u00e9 quando a pessoa, marcada por uma aridez de atitudes, fica distante da presen\u00e7a divina. Deus est\u00e1 sempre ao seu lado, mas sup\u00f5e abertura da mente e do cora\u00e7\u00e3o para acolh\u00ea-Lo no trajeto normal da vida. Muitos alimentam uma ansiedade sem limites e nunca se satisfazem com o que s\u00e3o e nem com o que t\u00eam, porque falta um di\u00e1logo filial com Deus.<\/p>\n<p style=\"text-align: justify;\">A realidade familiar dos dias de hoje expressa claramente uma crise de proximidade, porque n\u00e3o adiante estar morando debaixo de um mesmo teto, ou viver numa mesma comunidade, se as pessoas n\u00e3o conseguem criar espa\u00e7os para uma fraterna conviv\u00eancia e di\u00e1logo. Essa proximidade s\u00f3 consegue acontecer quando houver esfor\u00e7o e ren\u00fancia de cada um de seus membros.<\/p>\n<p style=\"text-align: justify;\">Sabemos pela Sagrada Escritura que Jesus, al\u00e9m de ir ao encontro das pessoas e criar di\u00e1logo com elas, como fez com aquela samaritana no po\u00e7o de Jac\u00f3 (Jo 4,6ss), Ele est\u00e1 sempre na espera de ser procurado por quem vive com a vida vazia, sem sentido e desanimado, para preencher as suas necessidades. Muitos se deixam engolir pelas tribula\u00e7\u00f5es, pela dor e por trag\u00e9dias, sem esperan\u00e7a.<\/p>\n<p style=\"text-align: justify;\">Na pr\u00e1tica estamos vendo uma sociedade cada vez mais polarizada, de um lado formada por pessoas ricas e poderosas, e de outro, os mais fragilizados, com muita dificuldade para dialogar e criar proximidade. Falta o essencial para que exista uma realidade mais humanizada, onde a vida tem verdadeiro sentido. Mas isso \u00e9 quase imposs\u00edvel sem abertura a um di\u00e1logo transversal com Cristo.<\/p>\n<p style=\"text-align: justify;\">A Campanha da Fraternidade deste ano reflete o tema \u201cFraternidade e vida, dom e compromisso\u201d. No lema fala das atitudes de proximidade, porque mostra a pr\u00e1tica do bom samaritano, que chega, v\u00ea a pessoa machucada ca\u00edda na estrada, tem compaix\u00e3o, aproxima-se, cura suas feridas e cuida dela. Ele se fez pr\u00f3ximo de quem estava totalmente abandonado e ca\u00eddo pelo ch\u00e3o.<\/p>\n","protected":false},"excerpt":{"rendered":"<p>N\u00e3o faz bem viver totalmente isolado, enclausurado e sem comunica\u00e7\u00e3o com quem transita nos arredores. A pr\u00e1tica de Jesus era bem diferente, porque Ele ia ao encontro das pessoas, principalmente de quem estava na condi\u00e7\u00e3o de marginalizado por causa de suas defici\u00eancias. O di\u00e1logo sadio pode construir realidades novas e abrir caminhos para a supera\u00e7\u00e3o [&hellip;]<\/p>\n","protected":false},"author":11,"featured_media":55820,"comment_status":"open","ping_status":"closed","sticky":false,"template":"","format":"standard","meta":{"footnotes":""},"categories":[9],"tags":[],"class_list":["post-57444","post","type-post","status-publish","format-standard","has-post-thumbnail","hentry","category-artigos"],"_links":{"self":[{"href":"https:\/\/catolicanet.net\/wp-cnet\/wp-json\/wp\/v2\/posts\/57444","targetHints":{"allow":["GET"]}}],"collection":[{"href":"https:\/\/catolicanet.net\/wp-cnet\/wp-json\/wp\/v2\/posts"}],"about":[{"href":"https:\/\/catolicanet.net\/wp-cnet\/wp-json\/wp\/v2\/types\/post"}],"author":[{"embeddable":true,"href":"https:\/\/catolicanet.net\/wp-cnet\/wp-json\/wp\/v2\/users\/11"}],"replies":[{"embeddable":true,"href":"https:\/\/catolicanet.net\/wp-cnet\/wp-json\/wp\/v2\/comments?post=57444"}],"version-history":[{"count":1,"href":"https:\/\/catolicanet.net\/wp-cnet\/wp-json\/wp\/v2\/posts\/57444\/revisions"}],"predecessor-version":[{"id":57445,"href":"https:\/\/catolicanet.net\/wp-cnet\/wp-json\/wp\/v2\/posts\/57444\/revisions\/57445"}],"wp:featuredmedia":[{"embeddable":true,"href":"https:\/\/catolicanet.net\/wp-cnet\/wp-json\/wp\/v2\/media\/55820"}],"wp:attachment":[{"href":"https:\/\/catolicanet.net\/wp-cnet\/wp-json\/wp\/v2\/media?parent=57444"}],"wp:term":[{"taxonomy":"category","embeddable":true,"href":"https:\/\/catolicanet.net\/wp-cnet\/wp-json\/wp\/v2\/categories?post=57444"},{"taxonomy":"post_tag","embeddable":true,"href":"https:\/\/catolicanet.net\/wp-cnet\/wp-json\/wp\/v2\/tags?post=57444"}],"curies":[{"name":"wp","href":"https:\/\/api.w.org\/{rel}","templated":true}]}}