{"id":57392,"date":"2020-03-05T08:35:53","date_gmt":"2020-03-05T11:35:53","guid":{"rendered":"https:\/\/catolicanet.net\/wp-cnet\/?p=57392"},"modified":"2020-03-05T08:35:53","modified_gmt":"2020-03-05T11:35:53","slug":"a-transfiguracao-do-senhor","status":"publish","type":"post","link":"https:\/\/catolicanet.net\/wp-cnet\/a-transfiguracao-do-senhor\/","title":{"rendered":"A TRANSFIGURA\u00c7\u00c3O DO SENHOR"},"content":{"rendered":"<p style=\"text-align: justify;\">No epis\u00f3dio da transfigura\u00e7\u00e3o de Jesus chama aten\u00e7\u00e3o a presen\u00e7a de tr\u00eas ap\u00f3stolos: Pedro, Tiago e Jo\u00e3o (Mt 17,1-9). N\u00e3o se sabe a raz\u00e3o pela qual foram eles os escolhidos para acompanharem o Mestre divino at\u00e9 o monte Tabor. Isto vem lembrar que, embora as preces comunit\u00e1rias na fam\u00edlia, na par\u00f3quia sejam de suma import\u00e2ncia, \u00e9 preciso que haja no decorrer do dia ora\u00e7\u00f5es pessoais, porque Deus tem planos especiais para cada um. Muitas vezes o seu seguidor \u00e9 levado a repetir com S\u00e3o Pedro: \u201cSenhor, \u00e9 bom ficarmos aqui\u201d (Mt 17, 1-9). \u00c9 preciso, por\u00e9m, perseveran\u00e7a e saber captar o que Ele quer especialmente para cada um, oferecendo diversos meios para nos ajud\u00e1-lo, levando-o a melhor conhec\u00ea-lo. Por isto o Pai, como no Tabor, falar\u00e1 a cada um: \u201cEste \u00e9 o meu Filho amado, ouvi-o\u201d. Diz o Evangelista que, ao escutar isto, \u201cos disc\u00edpulos ca\u00edram de rosto por terra e foram tomados de grande medo\u201d. Ficaram impressionados. Tratava-se de um fen\u00f4meno sobrenatural do qual participavam Mois\u00e9s e Elias. As vestes de Jesus se tinham \u201ctornado brancas como a luz\u201d. Foi natural que o espanto tomasse conta daqueles tr\u00eas privilegiados ap\u00f3stolos. Isto mostra o quanto Deus quer mesmo participar da vida de cada um. Jesus, por\u00e9m, sempre dir\u00e1: \u201cN\u00e3o tenhais medo\u201d. \u00c9 que sua presen\u00e7a \u00e9 sempre alentadora. Ela inspira confian\u00e7a. Ele oferece todas as condi\u00e7\u00f5es para estarmos diante do Deus tr\u00eas vezes santo, que Ele ensinou ser o nosso Pai celeste. Cristo transfigurado foi mais uma prova de que a revela\u00e7\u00e3o \u00e9, antes de tudo e, sobretudo, amor que difunde felicidade. A luminosidade que envolveu Jesus na montanha sagrada indicou a gl\u00f3ria do pr\u00f3prio Deus. Este Deus havia dado ordens \u00e0 humanidade atrav\u00e9s dos mandamentos transmitidos por Mois\u00e9s e pelas mensagens passadas pelos profetas ent\u00e3o representados por Elias. Ambos eram assim duas figuras emblem\u00e1ticas da Antiga Alian\u00e7a. Ali, por\u00e9m, estava como protagonista Jesus, o Messias enviado por Deus para salvar a humanidade. Entretanto, a luz divina que fulgiu no momento da transfigura\u00e7\u00e3o foi moment\u00e2nea, pois viriam depois as trevas que envolveriam o Filho de Deus no alto da cruz. Ele morreria, mas \u201cDeus de Deus, Luz da Luz\u201d ressurgiria gloriosamente para definitivamente iluminar todos os que lhe pertencem, salvos pelo sangue redentor. \u00c9 que a gl\u00f3ria de Deus n\u00e3o brilha somente no c\u00e9u, no mundo invis\u00edvel, ela se expande tamb\u00e9m no mundo vis\u00edvel atrav\u00e9s dos seguidores de Jesus. Ele mesmo os chamou de \u201cluz do mundo\u201d. Portando, profundo o sentido da Transfigura\u00e7\u00e3o no Tabor, levando cada crist\u00e3o a se sentir extraordin\u00e1rio e excepcional neste mundo que deve ser por ele iluminado. Dignidade enorme ter parte na luz de Cristo. Ser luminoso, colocando seus passos nos passos do Transfigurado. Ter assim um cora\u00e7\u00e3o luminoso, fruto da pr\u00e1tica das virtudes. \u00c9 por ser esta luz que o seguidor de Cristo n\u00e3o se envergonha de ser um aut\u00eantico crist\u00e3o, n\u00e3o se calando, quando deve falar; enfrentando todas as dificuldades com \u00e2nimo; sendo exemplo para os desanimados. Deste modo, os crist\u00e3os mostram que na Nova Alian\u00e7a n\u00e3o se trata de acolher uma nova lei ou uma nova profecia, mas crer na obra da gra\u00e7a manifestada em Cristo, observando tudo que Ele ensinou. Trata-se de viver segundo a f\u00e9 e a moral do Evangelho, mas uma f\u00e9 proveniente da total entrega \u00e0 Pessoa de Cristo, o bem-amado do Pai, vitorioso sobre a morte. Ent\u00e3o, n\u00e3o obstante o mal que desfigura o mundo, a vida divina ter\u00e1 a \u00faltima palavra gra\u00e7as \u00e0 a\u00e7\u00e3o dos crist\u00e3os, mesmo porque Jesus disse claramente: \u201cEu venci o mundo (Jo 16,33). A religi\u00e3o crist\u00e3 \u00e9 a religi\u00e3o da rela\u00e7\u00e3o viva e atual com Jesus que no Tabor deixou transparecer um pouco de sua infinita grandeza. Isto aconteceu para revigorar seus disc\u00edpulos que deveriam enfrentar as for\u00e7as do mal. Desta maneira, participando da alian\u00e7a que o Pai estabeleceu com seu divino Filho eles, ap\u00f3s iluminarem esta terra com seus exemplos, participar\u00e3o da vida e da luz perenes l\u00e1 no c\u00e9u. Ao iluminar este mundo, o crist\u00e3o est\u00e1 a mostrar que h\u00e1 uma realidade al\u00e9m desta exist\u00eancia vis\u00edvel. Assim sendo, a Transfigura\u00e7\u00e3o de Jesus \u00e9 uma celebra\u00e7\u00e3o que irradia f\u00e9 e esperan\u00e7a e d\u00e1 for\u00e7a para que cada um ven\u00e7a os desafios do cotidiano rumo ao Tabor eterno,<\/p>\n","protected":false},"excerpt":{"rendered":"<p>No epis\u00f3dio da transfigura\u00e7\u00e3o de Jesus chama aten\u00e7\u00e3o a presen\u00e7a de tr\u00eas ap\u00f3stolos: Pedro, Tiago e Jo\u00e3o (Mt 17,1-9). N\u00e3o se sabe a raz\u00e3o pela qual foram eles os escolhidos para acompanharem o Mestre divino at\u00e9 o monte Tabor. Isto vem lembrar que, embora as preces comunit\u00e1rias na fam\u00edlia, na par\u00f3quia sejam de suma import\u00e2ncia, [&hellip;]<\/p>\n","protected":false},"author":7,"featured_media":55813,"comment_status":"open","ping_status":"closed","sticky":false,"template":"","format":"standard","meta":{"footnotes":""},"categories":[9],"tags":[],"class_list":["post-57392","post","type-post","status-publish","format-standard","has-post-thumbnail","hentry","category-artigos"],"_links":{"self":[{"href":"https:\/\/catolicanet.net\/wp-cnet\/wp-json\/wp\/v2\/posts\/57392","targetHints":{"allow":["GET"]}}],"collection":[{"href":"https:\/\/catolicanet.net\/wp-cnet\/wp-json\/wp\/v2\/posts"}],"about":[{"href":"https:\/\/catolicanet.net\/wp-cnet\/wp-json\/wp\/v2\/types\/post"}],"author":[{"embeddable":true,"href":"https:\/\/catolicanet.net\/wp-cnet\/wp-json\/wp\/v2\/users\/7"}],"replies":[{"embeddable":true,"href":"https:\/\/catolicanet.net\/wp-cnet\/wp-json\/wp\/v2\/comments?post=57392"}],"version-history":[{"count":1,"href":"https:\/\/catolicanet.net\/wp-cnet\/wp-json\/wp\/v2\/posts\/57392\/revisions"}],"predecessor-version":[{"id":57393,"href":"https:\/\/catolicanet.net\/wp-cnet\/wp-json\/wp\/v2\/posts\/57392\/revisions\/57393"}],"wp:featuredmedia":[{"embeddable":true,"href":"https:\/\/catolicanet.net\/wp-cnet\/wp-json\/wp\/v2\/media\/55813"}],"wp:attachment":[{"href":"https:\/\/catolicanet.net\/wp-cnet\/wp-json\/wp\/v2\/media?parent=57392"}],"wp:term":[{"taxonomy":"category","embeddable":true,"href":"https:\/\/catolicanet.net\/wp-cnet\/wp-json\/wp\/v2\/categories?post=57392"},{"taxonomy":"post_tag","embeddable":true,"href":"https:\/\/catolicanet.net\/wp-cnet\/wp-json\/wp\/v2\/tags?post=57392"}],"curies":[{"name":"wp","href":"https:\/\/api.w.org\/{rel}","templated":true}]}}