{"id":57357,"date":"2020-03-04T09:08:37","date_gmt":"2020-03-04T12:08:37","guid":{"rendered":"https:\/\/catolicanet.net\/wp-cnet\/?p=57357"},"modified":"2020-03-04T14:11:56","modified_gmt":"2020-03-04T17:11:56","slug":"cardeal-sandri-apoiamos-a-terra-santa-em-seus-varios-desafios","status":"publish","type":"post","link":"https:\/\/catolicanet.net\/wp-cnet\/cardeal-sandri-apoiamos-a-terra-santa-em-seus-varios-desafios\/","title":{"rendered":"Cardeal Sandri: apoiamos a Terra Santa em seus v\u00e1rios desafios"},"content":{"rendered":"<div class=\"article__subTitle\" style=\"text-align: justify;\">A coleta faz parte das atividades promovidas pela Cust\u00f3dia Franciscana da Terra Santa a fim de conservar e revitalizar os lugares sagrados do cristianismo na Terra de Jesus e em todo o Oriente M\u00e9dio.<\/div>\n<div class=\"title__separator\" style=\"text-align: justify;\"><\/div>\n<div class=\"article__text\">\n<p style=\"text-align: justify;\"><b>Cidade do Vaticano<\/b><\/p>\n<p style=\"text-align: justify;\">\u201cCristo se identifica com a agonia e o sofrimento daqueles que, na hist\u00f3ria, parecem n\u00e3o conhecer nada a n\u00e3o ser uma intermin\u00e1vel Sexta-feira Santa: pessoas que vivem na solid\u00e3o, na guerra e na fome, rejeitadas e abandonadas.\u201d<\/p>\n<p style=\"text-align: justify;\">\u00c9 o que escreve o prefeito da <b>Congrega\u00e7\u00e3o para as Igrejas Orientais, cardeal Leonardo Sandri,<\/b> na carta para a <b>coleta \u201cpro Terra Sancta\u201d que se realiza na Sexta-feira da Paix\u00e3o<\/b>, em todas as Igrejas do mundo, por vontade do Papa Paulo VI.<\/p>\n<p style=\"text-align: justify;\">A coleta faz parte das atividades promovidas pela Cust\u00f3dia Franciscana da Terra Santa a fim de conservar e revitalizar os lugares sagrados do cristianismo na Terra de Jesus e em todo o Oriente M\u00e9dio.<\/p>\n<p style=\"text-align: justify;\">S\u00e3o confiados \u00e0 miss\u00e3o franciscana o apoio e o desenvolvimento da minoria crist\u00e3, a valoriza\u00e7\u00e3o das \u00e1reas arqueol\u00f3gicas e dos santu\u00e1rios, a contribui\u00e7\u00e3o nos casos de emerg\u00eancia, bem como a liturgia nos lugares de culto, obras apost\u00f3licas e assist\u00eancia a peregrinos.<\/p>\n<h2 style=\"text-align: justify;\">Atividades da Cust\u00f3dia Franciscana da Terra Santa<\/h2>\n<p style=\"text-align: justify;\">O cardeal Sandri ressalta na carta que \u201ca Terra Santa, e de modo particular a comunidade crist\u00e3 que ali reside, teve sempre um lugar importante e especial no cora\u00e7\u00e3o da Igreja Universal que, como recorda S\u00e3o Paulo, no momento em que se compromete a expressar a pr\u00f3pria solidariedade, tamb\u00e9m econ\u00f4mica, com Jerusal\u00e9m, cumpre um ato de restitui\u00e7\u00e3o: de Jerusal\u00e9m toda a Igreja recebeu o dom e a alegria do Evangelho e da Salva\u00e7\u00e3o em Cristo Jesus\u201d. \u201cA consci\u00eancia do dom recebido motiva, ainda, a doar com alegria e generosidade\u201d, frisa o purpurado.<\/p>\n<p style=\"text-align: justify;\">O prefeito da Congrega\u00e7\u00e3o para as Igrejas Orientais recorda as duras prova\u00e7\u00f5es vividas pela Igreja na Terra Santa e em todo o Oriente M\u00e9dio, ao longo dos s\u00e9culos. \u201cProva\u00e7\u00f5es essas que continuam: a trag\u00e9dia da cont\u00ednua e progressiva redu\u00e7\u00e3o do n\u00famero dos fi\u00e9is locais, com o consequente risco de ver desaparecer as diversas tradi\u00e7\u00f5es crist\u00e3s que remontam aos primeiros s\u00e9culos. Longas e desgastantes guerras produziram e continuam causando milh\u00f5es de refugiados condicionando, fortemente, o futuro de inteiras gera\u00e7\u00f5es, que se veem privadas dos bens mais elementares como o direito a uma inf\u00e2ncia serena, a uma instru\u00e7\u00e3o escol\u00e1stica organizada, a uma juventude dedicada \u00e0 procura de um trabalho, \u00e0 forma\u00e7\u00e3o de uma fam\u00edlia, \u00e0 descoberta da pr\u00f3pria voca\u00e7\u00e3o, a uma vida adulta produtiva, digna, e a uma terceira idade serena\u201d.<\/p>\n<h2 style=\"text-align: justify;\">Dar voz a quem n\u00e3o a tem<\/h2>\n<p style=\"text-align: justify;\">Nesse contexto dif\u00edcil, \u201ca Igreja continua trabalhando na salvaguarda da presen\u00e7a crist\u00e3 e no dar voz a quem n\u00e3o a tem\u201d, sublinha o cardeal Sandri. \u201cEsta salvaguarda se realiza no \u00e2mbito da pastoral e da liturgia, que \u00e9 fundamental para a vida das nossas pequenas comunidades. Continua trabalhando, de modo s\u00e9rio, na promo\u00e7\u00e3o de uma educa\u00e7\u00e3o de qualidade atrav\u00e9s de escolas, que s\u00e3o fundamentais para a salvaguarda da identidade crist\u00e3, e na constru\u00e7\u00e3o de uma conviv\u00eancia fraterna, especialmente com os mu\u00e7ulmanos, segundo as indica\u00e7\u00f5es contidas na Declara\u00e7\u00e3o de Abu Dhabi\u201d.<\/p>\n<p style=\"text-align: justify;\">Segundo o purpurado, \u201ca Igreja continua, gra\u00e7as \u00e0 generosidade dos fi\u00e9is de todo o mundo, colocando \u00e0 disposi\u00e7\u00e3o casas para os jovens que desejam formar uma nova fam\u00edlia, como tamb\u00e9m, criando oportunidades de trabalho. Prov\u00ea ainda, a uma ajuda material concreta nos lugares onde existe pobreza cont\u00ednua, como tamb\u00e9m, \u00e0s necessidades de sa\u00fade e emerg\u00eancia humanit\u00e1ria ligada ao fluxo de refugiados e de trabalhadores migrantes estrangeiros\u201d.<\/p>\n<p style=\"text-align: justify;\">O cardeal Sandri ressalta ainda que \u201co cuidado pelos Santu\u00e1rios seria imposs\u00edvel manter sem a coleta feita para a Terra Santa\u201d. Segundo ele, h\u00e1 uma \u201cimport\u00e2ncia fundamental, seja porque esses s\u00e3o os lugares que conservam a mem\u00f3ria da revela\u00e7\u00e3o divina, do mist\u00e9rio da encarna\u00e7\u00e3o e da nossa Reden\u00e7\u00e3o, seja porque naqueles lugares a comunidade crist\u00e3 local encontra o fundamento da sua pr\u00f3pria identidade\u201d.<\/p>\n<p style=\"text-align: justify;\">Gra\u00e7as \u00e0 presen\u00e7a dos santu\u00e1rios, a comunidade crist\u00e3 local encontra um trabalho digno, acolhendo milh\u00f5es de peregrinos, cada vez mais numerosos, que visitam os Lugares Santos.<\/p>\n<p style=\"text-align: justify;\"><iframe loading=\"lazy\"  id=\"_ytid_64747\"  width=\"696\" height=\"392\"  data-origwidth=\"696\" data-origheight=\"392\"  data-relstop=\"1\" src=\"https:\/\/www.youtube.com\/embed\/urPOoAVCHd4?enablejsapi=1&autoplay=0&cc_load_policy=0&cc_lang_pref=&iv_load_policy=1&loop=0&rel=0&fs=1&playsinline=0&autohide=2&theme=dark&color=red&controls=1&disablekb=0&\" class=\"__youtube_prefs__  no-lazyload\" title=\"YouTube player\"  allow=\"fullscreen; accelerometer; autoplay; clipboard-write; encrypted-media; gyroscope; picture-in-picture; web-share\" referrerpolicy=\"strict-origin-when-cross-origin\" allowfullscreen data-no-lazy=\"1\" data-skipgform_ajax_framebjll=\"\"><\/iframe><\/p>\n<\/div>\n","protected":false},"excerpt":{"rendered":"<p>A coleta faz parte das atividades promovidas pela Cust\u00f3dia Franciscana da Terra Santa a fim de conservar e revitalizar os lugares sagrados do cristianismo na Terra de Jesus e em todo o Oriente M\u00e9dio. Cidade do Vaticano \u201cCristo se identifica com a agonia e o sofrimento daqueles que, na hist\u00f3ria, parecem n\u00e3o conhecer nada a [&hellip;]<\/p>\n","protected":false},"author":1,"featured_media":57358,"comment_status":"open","ping_status":"closed","sticky":false,"template":"","format":"standard","meta":{"footnotes":""},"categories":[3],"tags":[],"class_list":["post-57357","post","type-post","status-publish","format-standard","has-post-thumbnail","hentry","category-vaticano"],"_links":{"self":[{"href":"https:\/\/catolicanet.net\/wp-cnet\/wp-json\/wp\/v2\/posts\/57357","targetHints":{"allow":["GET"]}}],"collection":[{"href":"https:\/\/catolicanet.net\/wp-cnet\/wp-json\/wp\/v2\/posts"}],"about":[{"href":"https:\/\/catolicanet.net\/wp-cnet\/wp-json\/wp\/v2\/types\/post"}],"author":[{"embeddable":true,"href":"https:\/\/catolicanet.net\/wp-cnet\/wp-json\/wp\/v2\/users\/1"}],"replies":[{"embeddable":true,"href":"https:\/\/catolicanet.net\/wp-cnet\/wp-json\/wp\/v2\/comments?post=57357"}],"version-history":[{"count":3,"href":"https:\/\/catolicanet.net\/wp-cnet\/wp-json\/wp\/v2\/posts\/57357\/revisions"}],"predecessor-version":[{"id":57361,"href":"https:\/\/catolicanet.net\/wp-cnet\/wp-json\/wp\/v2\/posts\/57357\/revisions\/57361"}],"wp:featuredmedia":[{"embeddable":true,"href":"https:\/\/catolicanet.net\/wp-cnet\/wp-json\/wp\/v2\/media\/57358"}],"wp:attachment":[{"href":"https:\/\/catolicanet.net\/wp-cnet\/wp-json\/wp\/v2\/media?parent=57357"}],"wp:term":[{"taxonomy":"category","embeddable":true,"href":"https:\/\/catolicanet.net\/wp-cnet\/wp-json\/wp\/v2\/categories?post=57357"},{"taxonomy":"post_tag","embeddable":true,"href":"https:\/\/catolicanet.net\/wp-cnet\/wp-json\/wp\/v2\/tags?post=57357"}],"curies":[{"name":"wp","href":"https:\/\/api.w.org\/{rel}","templated":true}]}}