{"id":57353,"date":"2020-03-04T09:04:13","date_gmt":"2020-03-04T12:04:13","guid":{"rendered":"https:\/\/catolicanet.net\/wp-cnet\/?p=57353"},"modified":"2020-03-04T14:08:01","modified_gmt":"2020-03-04T17:08:01","slug":"resfriado-do-papa-esta-seguindo-seu-decurso-afirma-sala-de-imprensa","status":"publish","type":"post","link":"https:\/\/catolicanet.net\/wp-cnet\/resfriado-do-papa-esta-seguindo-seu-decurso-afirma-sala-de-imprensa\/","title":{"rendered":"&#8220;Resfriado do Papa est\u00e1 seguindo seu decurso&#8221;, afirma Sala de Imprensa"},"content":{"rendered":"<div class=\"article__subTitle\" style=\"text-align: justify;\">\u201cO resfriado diagnosticado no Santo Padre nos dias passados est\u00e1 seguindo o seu decurso, sem sintomas relacionados a outras patologias. Enquanto isso, o Papa Francisco celebra diariamente a Santa Missa e acompanha os exerc\u00edcios espirituais que est\u00e3o se realizando na Casa Divino Mestre em Ariccia&#8221;.<\/div>\n<div class=\"title__separator\" style=\"text-align: justify;\"><\/div>\n<div class=\"article__text\">\n<p style=\"text-align: justify;\"><b>Vatican News<\/b><\/p>\n<p style=\"text-align: justify;\">Respondendo a jornalistas, o diretor da Sala de Imprensa da Santa S\u00e9, Matteo Bruni, falou sobre as condi\u00e7\u00f5es de sa\u00fade do Papa Francisco:<\/p>\n<p style=\"text-align: justify;\">\u201cO resfriado diagnosticado no Santo Padre nos dias passados est\u00e1 fazendo o seu decurso, sem sintomas relacionados a outras patologias. Enquanto isso, o Papa Francisco celebra diariamente a Santa Missa e acompanha os exerc\u00edcios espirituais que est\u00e3o se realizando na Casa Divino Mestre em Ariccia&#8221;.<\/p>\n<p style=\"text-align: justify;\">Nesta quarta-feira, n\u00e3o se realiza a tradicional Audi\u00eancia Geral, mas n\u00e3o devido \u00e0 sa\u00fade do Pont\u00edfice e sim porque o evento semanal j\u00e1 havia sido cancelado em decorr\u00eancia do retiro quaresmal.<\/p>\n<p style=\"text-align: justify;\">O primeiro compromisso cancelado pelo Papa foi quinta-feira passada, quando n\u00e3o foi \u00e0 Bas\u00edlica de S\u00e3o Jo\u00e3o de Latr\u00e3o para participar da liturgia penitencial de in\u00edcio de Quaresma com o clero da diocese de Roma.<\/p>\n<p style=\"text-align: justify;\">Desde ent\u00e3o, todas as audi\u00eancias a grupos foram canceladas e Francisco manteve somente os encontros marcados na Casa Santa Marta.<\/p>\n<p style=\"text-align: justify;\">No domingo, rezou a ora\u00e7\u00e3o do Angelus com os fi\u00e9is e na ocasi\u00e3o comunicou sua decis\u00e3o de n\u00e3o partir para Ariccia com seus colaboradores da C\u00faria Romana para os Exerc\u00edcios Espirituais.<\/p>\n<p style=\"text-align: justify;\">&#8220;Uno-me espiritualmente \u00e0 C\u00faria e a todas as pessoas que est\u00e3o vivendo momentos de ora\u00e7\u00e3o, fazendo os exerc\u00edcios espirituais em casa&#8221;.<\/p>\n<\/div>\n","protected":false},"excerpt":{"rendered":"<p>\u201cO resfriado diagnosticado no Santo Padre nos dias passados est\u00e1 seguindo o seu decurso, sem sintomas relacionados a outras patologias. Enquanto isso, o Papa Francisco celebra diariamente a Santa Missa e acompanha os exerc\u00edcios espirituais que est\u00e3o se realizando na Casa Divino Mestre em Ariccia&#8221;. Vatican News Respondendo a jornalistas, o diretor da Sala de [&hellip;]<\/p>\n","protected":false},"author":1,"featured_media":57355,"comment_status":"open","ping_status":"closed","sticky":false,"template":"","format":"standard","meta":{"footnotes":""},"categories":[3],"tags":[],"class_list":["post-57353","post","type-post","status-publish","format-standard","has-post-thumbnail","hentry","category-vaticano"],"_links":{"self":[{"href":"https:\/\/catolicanet.net\/wp-cnet\/wp-json\/wp\/v2\/posts\/57353","targetHints":{"allow":["GET"]}}],"collection":[{"href":"https:\/\/catolicanet.net\/wp-cnet\/wp-json\/wp\/v2\/posts"}],"about":[{"href":"https:\/\/catolicanet.net\/wp-cnet\/wp-json\/wp\/v2\/types\/post"}],"author":[{"embeddable":true,"href":"https:\/\/catolicanet.net\/wp-cnet\/wp-json\/wp\/v2\/users\/1"}],"replies":[{"embeddable":true,"href":"https:\/\/catolicanet.net\/wp-cnet\/wp-json\/wp\/v2\/comments?post=57353"}],"version-history":[{"count":1,"href":"https:\/\/catolicanet.net\/wp-cnet\/wp-json\/wp\/v2\/posts\/57353\/revisions"}],"predecessor-version":[{"id":57356,"href":"https:\/\/catolicanet.net\/wp-cnet\/wp-json\/wp\/v2\/posts\/57353\/revisions\/57356"}],"wp:featuredmedia":[{"embeddable":true,"href":"https:\/\/catolicanet.net\/wp-cnet\/wp-json\/wp\/v2\/media\/57355"}],"wp:attachment":[{"href":"https:\/\/catolicanet.net\/wp-cnet\/wp-json\/wp\/v2\/media?parent=57353"}],"wp:term":[{"taxonomy":"category","embeddable":true,"href":"https:\/\/catolicanet.net\/wp-cnet\/wp-json\/wp\/v2\/categories?post=57353"},{"taxonomy":"post_tag","embeddable":true,"href":"https:\/\/catolicanet.net\/wp-cnet\/wp-json\/wp\/v2\/tags?post=57353"}],"curies":[{"name":"wp","href":"https:\/\/api.w.org\/{rel}","templated":true}]}}