{"id":57330,"date":"2020-03-03T08:37:33","date_gmt":"2020-03-03T11:37:33","guid":{"rendered":"https:\/\/catolicanet.net\/wp-cnet\/?p=57330"},"modified":"2020-03-03T08:37:33","modified_gmt":"2020-03-03T11:37:33","slug":"pio-xii-na-era-digital-antecipacoes-dos-arquivos","status":"publish","type":"post","link":"https:\/\/catolicanet.net\/wp-cnet\/pio-xii-na-era-digital-antecipacoes-dos-arquivos\/","title":{"rendered":"Pio XII na era digital, antecipa\u00e7\u00f5es dos Arquivos"},"content":{"rendered":"<div class=\"article__subTitle\" style=\"text-align: justify;\">Entre os documentos da Se\u00e7\u00e3o para as Rela\u00e7\u00f5es com os Estados, encontra-se em formato digital o fasc\u00edculo sobre os \u201cJudeus\u201d com 4 mil nomes: a hist\u00f3ria de Liebman, o papel do escritor Waugh. Mons. Ottaviani concedia certificados falsos aos perseguidos<\/div>\n<div class=\"title__separator\" style=\"text-align: justify;\"><\/div>\n<div class=\"article__text\">\n<p style=\"text-align: justify;\"><b>Johan Ickx<\/b><\/p>\n<p style=\"text-align: justify;\">O arquivo Hist\u00f3rico da Se\u00e7\u00e3o para as Rela\u00e7\u00f5es com os Estados da Secretaria de Estado (ASRS) conserva os documentos da Sagrada Congrega\u00e7\u00e3o dos Assuntos Eclesi\u00e1sticos Extraordin\u00e1rios (fundo AA.EE.SS.) e do Conselho para os Assuntos P\u00fablicos da Igreja. No que se refere aos arquivos da Santa S\u00e9, em virtude da sua natureza \u201cpol\u00edtica\u201d, em contato direto com as nunciaturas, os governos e as institui\u00e7\u00f5es internacionais, pela variedade tem\u00e1tica, \u00e9 o que mais atrai interesse e curiosidade.<\/p>\n<p style=\"text-align: justify;\">O Pontificado de Pio XII (1939-1958) atravessou um per\u00edodo decisivo na hist\u00f3ria do s\u00e9culo XX, desde a Segunda Guerra Mundial \u00e0 Guerra Fria, vinte anos marcados pela multiplica\u00e7\u00e3o de rela\u00e7\u00f5es n\u00e3o apenas sob o perfil bilateral, mas tamb\u00e9m multilateral, com o nascimento de importantes realidades internacionais. A correspond\u00eancia oficial do per\u00edodo b\u00e9lico conservada neste Arquivo Hist\u00f3rico j\u00e1 foi editada nos livros dos <i>Actes e Documents de la Seconde Guerre mondiale, <\/i>a pedido do Papa Paulo VI pelos quatro jesu\u00edtas Graham, Schneider, Martini e Blet.<\/p>\n<div style=\"text-align: justify;\">\n<aside class=\"article__readmore\">\n<div class=\"teaser--labelEvidence teaser teaser--type-article\">\n<article>\n<div class=\"teaser__labelWrapper\"><\/div>\n<\/article>\n<\/div>\n<\/aside>\n<\/div>\n<div style=\"text-align: justify;\">\n<aside class=\"article__readmore\">\n<div class=\"teaser--labelEvidence teaser teaser--type-article\">\n<article>\n<div class=\"teaser__contentWrapper\">\n<div><b style=\"color: #111111; font-family: Roboto, sans-serif; font-size: 27px;\">Dia hist\u00f3rico, 2 de mar\u00e7o de 2020<\/b><\/div>\n<\/div>\n<\/article>\n<\/div>\n<\/aside>\n<\/div>\n<p style=\"text-align: justify;\">Em 2 de mar\u00e7o de 2020, a pedido do Papa Francisco, o Arquivo Hist\u00f3rico da Se\u00e7\u00e3o para a Rela\u00e7\u00e3o com os Estados abriu \u00e0 consulta dos estudiosos de todo o mundo os documentos do pontificado de Pio XII. H\u00e1 quase dez anos, em vista desta abertura, os Superiores da Secretaria de Estado decidiram encaminhar um projeto de digitaliza\u00e7\u00e3o de toda a documenta\u00e7\u00e3o relacionada ao pontificado. Um grande desafio tecnol\u00f3gico para o Arquivo Hist\u00f3rico que teve que encontrar m\u00e9todos de hardware e software que a longo prazo pudessem dar conta da grande quantidade de documentos. S\u00e3o 1 milh\u00e3o e 300 mil documentos digitais que ser\u00e3o progressivamente completados com outros 700 mil documentos.<\/p>\n<p style=\"text-align: justify;\">Um verdadeiro desafio para o Arquivo, tanto no per\u00edodo inicial, porque estavam sendo modificadas completamente as modalidades de arquivamento, com o\u00a0 uso de tecnologias modernas, assim como durante toda a fase de prepara\u00e7\u00e3o.<\/p>\n<h2 style=\"text-align: justify;\"><b>Personagens inesperados<\/b><\/h2>\n<p style=\"text-align: justify;\">Entre as s\u00e9ries arquiv\u00edsticas tradicionais, com denomina\u00e7\u00e3o da Na\u00e7\u00e3o \u00e0 qual se referem, os documentos destacam um particular surpreendente: a s\u00e9rie arquiv\u00edstica \u201cJudeus\u201d, 170 fasc\u00edculos com a hist\u00f3ria de cerca de 4 mil nomes. Entre estes na sua grande maioria s\u00e3o pedidos de ajuda por parte de cat\u00f3licos com descend\u00eancia judaica, mas n\u00e3o faltam os judeus. Encontra-se personagens inesperados: o jovem pesquisador de estudos human\u00edsticos Paul Oskar Kristeller, homem de fama mundial pelos seus estudos human\u00edsticos que pede ajuda \u00e0 Santa S\u00e9. Embora no seu arquivo permane\u00e7a desconhecida ou obscurada a ajuda dada para a sua fuga da Europa para os EUA. Tamb\u00e9m encontra-se Tullio Liebman, considerado o fundador da \u201cEscola processual\u00edstica de S\u00e3o Paulo\u201d e no p\u00f3s-guerra foi professor de fama mundial nas Universidades de Pavia, Turim e Mil\u00e3o, foi ajudado pelos colaboradores de Pio XII, e tamb\u00e9m p\u00f4de fugir para a Am\u00e9rica do Sul. Ser\u00e1 preciso muito tempo para reconstruir a atmosfera e o ambiente destas a\u00e7\u00f5es. Mas pelo menos o estudioso poder\u00e1 abrir outras s\u00e9ries como por exemplo It\u00e1lia 1352b, onde encontrar\u00e1 o fasc\u00edculo \u201cAcusa\u00e7\u00f5es contra Mons. Ottaviani por ter concedido documentos falsos para judeus e t\u00ea-los abrigado em edif\u00edcios extra-territoriais\u201d.<\/p>\n<div style=\"text-align: justify;\">\n<aside class=\"article__readmore\">\n<div class=\"teaser--labelEvidence teaser teaser--type-article\">\n<article>\n<div class=\"teaser__labelWrapper\"><\/div>\n<\/article>\n<\/div>\n<\/aside>\n<\/div>\n<div style=\"text-align: justify;\">\n<aside class=\"article__readmore\">\n<div class=\"teaser--labelEvidence teaser teaser--type-article\">\n<article>\n<div class=\"teaser__contentWrapper\">\n<div><b style=\"color: #111111; font-family: Roboto, sans-serif; font-size: 27px;\">\u00d3dio nazista contra a Igreja<\/b><\/div>\n<\/div>\n<\/article>\n<\/div>\n<\/aside>\n<\/div>\n<p style=\"text-align: justify;\">Al\u00e9m desta s\u00e9rie muito particular, quase todas as s\u00e9ries com denomina\u00e7\u00f5es de na\u00e7\u00f5es cont\u00e9m documentos com pedidos de perseguidos que pediam documentos, alimentos e ajuda pr\u00e1tica para poder fugir das crescentes persegui\u00e7\u00f5es racistas. Os pap\u00e9is evidenciam quantos e quais foram os esfor\u00e7os feitos para tentar responder \u00e0s s\u00faplicas de salva\u00e7\u00e3o dos perseguidos e dos necessitados em perigo de vida, assim como ser\u00e1 evidenciado o \u00f3dio nazista contra a Igreja Cat\u00f3lica e o pr\u00f3prio Papa. Ao mesmo tempo ser\u00e1 evidente a oposi\u00e7\u00e3o e contrariedade de muitos Estados em abrir as fronteiras aos que fugiam.<\/p>\n<p style=\"text-align: justify;\">Consultando a vers\u00e3o virtual dos documentos na Sala inform\u00e1tica, muitas vezes o estudioso pode encontrar algum novo documento sobre eventos privados ou narra\u00e7\u00f5es hist\u00f3ricas, como o de 16 de outubro de 1943 e a deporta\u00e7\u00e3o dos Judeus de Roma. A comovedora carta endere\u00e7ada ao Papa Pio XII por alguns judeus que estavam detidos na SS e Gestapo do Collegium Militare no Palazzo Salviati na Via della Lungara (Roma) j\u00e1 foi publicada por v\u00e1rios autores (K\u00fchlwein, Riccardi). Poderia chamar a aten\u00e7\u00e3o do estudioso atento uma folha com o Presseervice de Whashington de 20 de outubro que informa que \u201cna noite entre 15 e 16 de outubro um consider\u00e1vel n\u00famero de Judeus foram presos em v\u00e1rias zonas de Roma STOP depois de ficarem detidos por 24 horas no col\u00e9gio militar foram transportados para uma destina\u00e7\u00e3o desconhecida STOP aqui \u00e9 dito que a Santa S\u00e9 interessou-se para que acontecimentos semelhantes n\u00e3o se repetissem e a favor de casos particulares\u201d. Neste caso \u00e9 a nota nas margens da p\u00e1gina de um dia depois com a t\u00edpica grafia de Pio XII que abre uma nova frente interpretativa: \u201c\u00c9 prudente que Presservice mande estas not\u00edcias?&#8221;, escreveu o Papa Pio XII, bem consciente de que n\u00e3o melhora despertar os c\u00e3es que dormem, principalmente os n\u00e3o nazistas, sobre as a\u00e7\u00f5es humanit\u00e1rias que partiam do Pal\u00e1cio Apost\u00f3lico. Com um \u201cRealmente n\u00e3o\u201d seco e claro escrito pelo monsenhor Tardini, Secret\u00e1rio da Congrega\u00e7\u00e3o para os Assuntos Eclesi\u00e1sticos Extraordin\u00e1rios, mais uma vez a linha da absoluta discri\u00e7\u00e3o por parte da Santa S\u00e9 com rela\u00e7\u00e3o \u00e0s suas a\u00e7\u00f5es foi evocada sem meios termos.<\/p>\n<div style=\"text-align: justify;\">\n<div class=\"article__embed article__embed--unwrap\">\n<figure><picture><source srcset=\"\/content\/dam\/vaticannews\/multimedia\/2020\/03\/02\/Pio-XII---Archivi-Vaticani-2AEM.jpg\/_jcr_content\/renditions\/cq5dam.thumbnail.cropped.1500.844.jpeg 2x, \/content\/dam\/vaticannews\/multimedia\/2020\/03\/02\/Pio-XII---Archivi-Vaticani-2AEM.jpg\/_jcr_content\/renditions\/cq5dam.thumbnail.cropped.750.422.jpeg 1x\" media=\"(min-width: 1024px)\" data-original-set=\"\/content\/dam\/vaticannews\/multimedia\/2020\/03\/02\/Pio-XII---Archivi-Vaticani-2AEM.jpg\/_jcr_content\/renditions\/cq5dam.thumbnail.cropped.1500.844.jpeg 2x, \/content\/dam\/vaticannews\/multimedia\/2020\/03\/02\/Pio-XII---Archivi-Vaticani-2AEM.jpg\/_jcr_content\/renditions\/cq5dam.thumbnail.cropped.750.422.jpeg 1x\" \/><source srcset=\"\/content\/dam\/vaticannews\/multimedia\/2020\/03\/02\/Pio-XII---Archivi-Vaticani-2AEM.jpg\/_jcr_content\/renditions\/cq5dam.thumbnail.cropped.1000.563.jpeg 2x, \/content\/dam\/vaticannews\/multimedia\/2020\/03\/02\/Pio-XII---Archivi-Vaticani-2AEM.jpg\/_jcr_content\/renditions\/cq5dam.thumbnail.cropped.500.281.jpeg 1x\" media=\"(min-width: 768px)\" data-original-set=\"\/content\/dam\/vaticannews\/multimedia\/2020\/03\/02\/Pio-XII---Archivi-Vaticani-2AEM.jpg\/_jcr_content\/renditions\/cq5dam.thumbnail.cropped.1000.563.jpeg 2x, \/content\/dam\/vaticannews\/multimedia\/2020\/03\/02\/Pio-XII---Archivi-Vaticani-2AEM.jpg\/_jcr_content\/renditions\/cq5dam.thumbnail.cropped.500.281.jpeg 1x\" \/><source srcset=\"\/content\/dam\/vaticannews\/multimedia\/2020\/03\/02\/Pio-XII---Archivi-Vaticani-2AEM.jpg\/_jcr_content\/renditions\/cq5dam.thumbnail.cropped.500.281.jpeg\" data-original-set=\"\/content\/dam\/vaticannews\/multimedia\/2020\/03\/02\/Pio-XII---Archivi-Vaticani-2AEM.jpg\/_jcr_content\/renditions\/cq5dam.thumbnail.cropped.500.281.jpeg\" \/><\/picture><\/figure>\n<p><img loading=\"lazy\" decoding=\"async\" class=\"size-large wp-image-57331 aligncenter\" src=\"https:\/\/catolicanet.net\/wp-cnet\/wp-content\/uploads\/cq5dam.thumbnail.cropped.1500.844-77-1024x576.jpeg\" alt=\"\" width=\"696\" height=\"392\" srcset=\"https:\/\/catolicanet.net\/wp-cnet\/wp-content\/uploads\/cq5dam.thumbnail.cropped.1500.844-77-1024x576.jpeg 1024w, https:\/\/catolicanet.net\/wp-cnet\/wp-content\/uploads\/cq5dam.thumbnail.cropped.1500.844-77-300x169.jpeg 300w, https:\/\/catolicanet.net\/wp-cnet\/wp-content\/uploads\/cq5dam.thumbnail.cropped.1500.844-77-768x432.jpeg 768w, https:\/\/catolicanet.net\/wp-cnet\/wp-content\/uploads\/cq5dam.thumbnail.cropped.1500.844-77-600x338.jpeg 600w, https:\/\/catolicanet.net\/wp-cnet\/wp-content\/uploads\/cq5dam.thumbnail.cropped.1500.844-77-696x392.jpeg 696w, https:\/\/catolicanet.net\/wp-cnet\/wp-content\/uploads\/cq5dam.thumbnail.cropped.1500.844-77-1068x601.jpeg 1068w, https:\/\/catolicanet.net\/wp-cnet\/wp-content\/uploads\/cq5dam.thumbnail.cropped.1500.844-77-746x420.jpeg 746w, https:\/\/catolicanet.net\/wp-cnet\/wp-content\/uploads\/cq5dam.thumbnail.cropped.1500.844-77.jpeg 1500w\" sizes=\"auto, (max-width: 696px) 100vw, 696px\" \/><\/p>\n<div class=\"photo_embed--Title\">C\u00f3pia de um documento de Pio XII conservado nos Arquivos Vaticanos<\/div>\n<\/div>\n<\/div>\n<h2 style=\"text-align: justify;\"><b>Informa\u00e7\u00f5es das R\u00e1dios<\/b><\/h2>\n<p style=\"text-align: justify;\">\u00c9 muito peculiar dentro do rico patrim\u00f4nio arquiv\u00edstico da ASRS, os livros do SARE, Servi\u00e7o de Escuta das R\u00e1dio Estrangeiras: de 1943 at\u00e9 1954 um grupo de religiosas escutavam e transcreviam os programas das principais r\u00e1dios, informando aos superiores da Secretaria de Estado not\u00edcias frescas em escala mundial. Tratava-se de v\u00e1rias emissoras em v\u00e1rias na\u00e7\u00f5es em v\u00e1rios continentes. Estas irm\u00e3s trabalhavam no Pal\u00e1cio Apost\u00f3lico. O fruto de seu trabalho s\u00e3o livros cheios de informa\u00e7\u00f5es de \u00faltima hora.<\/p>\n<p style=\"text-align: justify;\">Tamb\u00e9m entre os documentos, n\u00e3o h\u00e1 d\u00favida que apare\u00e7a pequenas surpresas. Quem teria imaginado que o capit\u00e3o Evelyn Waugh, c\u00e9lebre autor do romance \u201cMem\u00f3rias de Brideshead\u201d, teria sido n\u00e3o apenas um \u201ccorreio\u201d, mas uma fonte de recomenda\u00e7\u00f5es para a Santa S\u00e9 sobre a situa\u00e7\u00e3o da Igreja Cat\u00f3lica na Iugosl\u00e1via no p\u00f3s-guerra?<\/p>\n<h2 style=\"text-align: justify;\"><b>Primeiro nazistas depois comunistas<\/b><\/h2>\n<p style=\"text-align: justify;\">Por causa da terr\u00edvel situa\u00e7\u00e3o dos tempos b\u00e9licos, muitas realidades hist\u00f3ricas da segunda parte do pontificado de Pio XII ficaram em segundo plano. Este \u00e9 o caso na s\u00e9rie \u201cIt\u00e1lia\u201d onde aparecem no invent\u00e1rio, por exemplo, o referendo sobre a monarquia; incidentes e agress\u00f5es verbais e f\u00edsicas contra o clero, antes por parte dos fascistas depois da guerra por parte dos comunistas. Mas tamb\u00e9m a aten\u00e7\u00e3o e o compromisso para a reconstru\u00e7\u00e3o das igrejas e o patrim\u00f4nio art\u00edstico n\u00e3o passam inobservados.<\/p>\n<p style=\"text-align: justify;\">\u00c9 tamb\u00e9m muito vasto o material sobre os pa\u00edses do Leste europeu. A devasta\u00e7\u00e3o e destrui\u00e7\u00e3o das dioceses e do clero sob a ocupa\u00e7\u00e3o dos nazistas e depois da guerra sob o comunismo. Impressiona nas v\u00e1rias s\u00e9ries a quantidade de documentos que se referem aos grandes julgamentos de fachada contra a hierarquia eclesi\u00e1stica sob o regime sovi\u00e9tico (Cardeais Alojzije Stepinac, Card. Josef Beran, Card. J\u00f3zsef Mindszenty). Mas tamb\u00e9m cartas que narram as v\u00e3s tentativas por parte de Pio XII de encontrar um \u2018modus vivendi\u2019, em preced\u00eancia uma palavra chave da chamada Ostpolitik que agora v\u00eam \u00e0 luz.<\/p>\n<p style=\"text-align: justify;\">Outras s\u00e9ries arquiv\u00edsticas testemunham a situa\u00e7\u00e3o da Igreja Cat\u00f3lica nos pa\u00edses da Am\u00e9rica do Sul: al\u00e9m da imigra\u00e7\u00e3o durante e depois dos anos de guerra, evidencia-se a funda\u00e7\u00e3o de novas dioceses, muitas vezes em situa\u00e7\u00f5es muito complexas, e a expans\u00e3o das miss\u00f5es nos anos do p\u00f3s-guerra. Enriquece-se de documentos in\u00e9ditos tamb\u00e9m o cap\u00edtulo do colonialismo e p\u00f3s-colonialismo do p\u00f3s-guerra na \u00c1frica, Oriente M\u00e9dio e \u00c1sia, assim como o do nascimento de novos Estados, como Israel.<\/p>\n<\/div>\n","protected":false},"excerpt":{"rendered":"<p>Entre os documentos da Se\u00e7\u00e3o para as Rela\u00e7\u00f5es com os Estados, encontra-se em formato digital o fasc\u00edculo sobre os \u201cJudeus\u201d com 4 mil nomes: a hist\u00f3ria de Liebman, o papel do escritor Waugh. Mons. Ottaviani concedia certificados falsos aos perseguidos Johan Ickx O arquivo Hist\u00f3rico da Se\u00e7\u00e3o para as Rela\u00e7\u00f5es com os Estados da Secretaria [&hellip;]<\/p>\n","protected":false},"author":1,"featured_media":57332,"comment_status":"open","ping_status":"closed","sticky":false,"template":"","format":"standard","meta":{"footnotes":""},"categories":[3],"tags":[],"class_list":["post-57330","post","type-post","status-publish","format-standard","has-post-thumbnail","hentry","category-vaticano"],"_links":{"self":[{"href":"https:\/\/catolicanet.net\/wp-cnet\/wp-json\/wp\/v2\/posts\/57330","targetHints":{"allow":["GET"]}}],"collection":[{"href":"https:\/\/catolicanet.net\/wp-cnet\/wp-json\/wp\/v2\/posts"}],"about":[{"href":"https:\/\/catolicanet.net\/wp-cnet\/wp-json\/wp\/v2\/types\/post"}],"author":[{"embeddable":true,"href":"https:\/\/catolicanet.net\/wp-cnet\/wp-json\/wp\/v2\/users\/1"}],"replies":[{"embeddable":true,"href":"https:\/\/catolicanet.net\/wp-cnet\/wp-json\/wp\/v2\/comments?post=57330"}],"version-history":[{"count":1,"href":"https:\/\/catolicanet.net\/wp-cnet\/wp-json\/wp\/v2\/posts\/57330\/revisions"}],"predecessor-version":[{"id":57333,"href":"https:\/\/catolicanet.net\/wp-cnet\/wp-json\/wp\/v2\/posts\/57330\/revisions\/57333"}],"wp:featuredmedia":[{"embeddable":true,"href":"https:\/\/catolicanet.net\/wp-cnet\/wp-json\/wp\/v2\/media\/57332"}],"wp:attachment":[{"href":"https:\/\/catolicanet.net\/wp-cnet\/wp-json\/wp\/v2\/media?parent=57330"}],"wp:term":[{"taxonomy":"category","embeddable":true,"href":"https:\/\/catolicanet.net\/wp-cnet\/wp-json\/wp\/v2\/categories?post=57330"},{"taxonomy":"post_tag","embeddable":true,"href":"https:\/\/catolicanet.net\/wp-cnet\/wp-json\/wp\/v2\/tags?post=57330"}],"curies":[{"name":"wp","href":"https:\/\/api.w.org\/{rel}","templated":true}]}}