{"id":57323,"date":"2020-03-03T08:32:11","date_gmt":"2020-03-03T11:32:11","guid":{"rendered":"https:\/\/catolicanet.net\/wp-cnet\/?p=57323"},"modified":"2020-03-03T08:32:11","modified_gmt":"2020-03-03T11:32:11","slug":"jurkovic-na-onu-portadores-de-deficiencia-nao-ha-vida-mais-sagrada-que-outra","status":"publish","type":"post","link":"https:\/\/catolicanet.net\/wp-cnet\/jurkovic-na-onu-portadores-de-deficiencia-nao-ha-vida-mais-sagrada-que-outra\/","title":{"rendered":"Jurkovi\u010d na Onu: portadores de defici\u00eancia, n\u00e3o h\u00e1 vida mais sagrada que outra"},"content":{"rendered":"<div class=\"article__subTitle\" style=\"text-align: justify;\">Recordando v\u00e1rios discursos do Papa Francisco sobre esse tema, dom Jurkovi\u010d ressaltou que n\u00e3o obstante os progressos significativos no reconhecimento dos direitos das pessoas portadoras de defici\u00eancia, as percep\u00e7\u00f5es negativas arraigadas no valor de suas vidas continuam sendo um obst\u00e1culo social.<\/div>\n<div class=\"title__separator\" style=\"text-align: justify;\"><\/div>\n<div class=\"article__text\">\n<p style=\"text-align: justify;\"><b>Gabriella Ceraso \u2013 Cidade do Vaticano\u00a0<\/b><\/p>\n<p style=\"text-align: justify;\">N\u00e3o existe vida humana mais sagrada que outra, assim como n\u00e3o existe vida qualitativamente mais significativa que outra. Integrar as pessoas com defici\u00eancia, pois elas s\u00e3o portadoras de direitos inalien\u00e1veis, riqueza e contribui\u00e7\u00e3o humana e social, esses sempre foram os pedidos da Santa S\u00e9.<\/p>\n<p style=\"text-align: justify;\">Foi o que disse o observador permanente da Santa S\u00e9, dom Ivan Jurkovi\u010d, a outras organiza\u00e7\u00f5es internacionais, em Genebra, durante a 43\u00aa sess\u00e3o do Conselho de Direitos Humanos que abordou o tema dos direitos da pessoas com defici\u00eancia.<\/p>\n<p style=\"text-align: justify;\">Recordando v\u00e1rios discursos do Papa Francisco sobre esse tema, dom Jurkovi\u010d ressaltou que n\u00e3o obstante os progressos significativos no reconhecimento dos direitos dessas pessoas, as percep\u00e7\u00f5es negativas arraigadas no valor de suas vidas continuam sendo um obst\u00e1culo social.<\/p>\n<p style=\"text-align: justify;\">O Papa Francisco definiu isso como uma \u201cvis\u00e3o muitas vezes narcisista e utilitarista\u201d que leva, infelizmente, \u201cmuitos a considerar marginais as pessoas com defici\u00eancia, sem ver nelas a riqueza humana e espiritual multiforme\u201d.<\/p>\n<h2 style=\"text-align: justify;\">A bio\u00e9tica a servi\u00e7o do ser humano n\u00e3o do lucro<\/h2>\n<p style=\"text-align: justify;\">Outro ponto delicado que dom Jurkovi\u010d evidenciou foi \u201ca rela\u00e7\u00e3o estreita mas conflituosa\u201d entre as perspectivas da bio\u00e9tica e a promo\u00e7\u00e3o dos direitos das pessoas portadoras de defici\u00eancia que, ao inv\u00e9s, deveriam encontrar um fundamento coerente no reconhecimento e no respeito da dignidade intr\u00ednseca da pessoa humana.<\/p>\n<p style=\"text-align: justify;\">Tamb\u00e9m nesse caso, emerge o magist\u00e9rio do Papa Francisco que incentiva \u201cao respeito pela integridade do ser humano e \u00e0 assist\u00eancia de sa\u00fade desde a concep\u00e7\u00e3o at\u00e9 a morte natural, considerando a pessoa como um fim e n\u00e3o como um meio\u201d, frisou o prelado.<\/p>\n<p style=\"text-align: justify;\">\u201cA bio\u00e9tica, disse o Papa em 2016 \u00e0 Comiss\u00e3o Italiana de Bio\u00e9tica, nasceu para confrontar, atrav\u00e9s de um esfor\u00e7o cr\u00edtico, as raz\u00f5es e condi\u00e7\u00f5es exigidas pela dignidade da pessoa humana com o desenvolvimento das ci\u00eancias e tecnologias biol\u00f3gicas e m\u00e9dicas, que em seu ritmo acelerado, correm o risco de perder toda refer\u00eancia que n\u00e3o seja a utilidade e o lucro\u201d.<\/p>\n<h2 style=\"text-align: justify;\">As leis n\u00e3o s\u00e3o suficientes, \u00e9 necess\u00e1ria uma mentalidade diferente<\/h2>\n<p style=\"text-align: justify;\">Dom Jurkovi\u010d expressou grande preocupa\u00e7\u00e3o com as pr\u00e1ticas atuais de \u201crastreamento gen\u00e9tico pr\u00e9-natal\u201d que, segundo ele, podem refor\u00e7ar a mensagem de que as pessoas portadoras de defici\u00eancia \u201cnunca deveriam ter nascido\u201d e, portanto, levar a medidas de aborto for\u00e7ado de crian\u00e7as com doen\u00e7as debilitantes.<\/p>\n<p style=\"text-align: justify;\">Portanto, a Santa S\u00e9 recusa inequivocamente qualquer forma de eutan\u00e1sia e suic\u00eddio assistido e expressa sua firme convic\u00e7\u00e3o de que \u201cn\u00e3o h\u00e1 vida humana mais sagrada que outra e qualitativamente mais significativa que outra\u201d.<\/p>\n<p style=\"text-align: justify;\">Assinar esta posi\u00e7\u00e3o na sede da ONU s\u00e3o mais uma vez as palavras do Papa extra\u00eddas, neste caso, da mensagem para o Dia Mundial da Defici\u00eancia 2019: \u201cFazer boas leis e quebrar barreiras f\u00edsicas \u00e9 importante, mas n\u00e3o s\u00e3o suficientes, se tamb\u00e9m n\u00e3o mudar a mentalidade, se n\u00e3o se superar a cultura difundida que continua produzindo desigualdades, impedindo que as pessoas com defici\u00eancia participem ativamente da vida cotidiana\u201d.<\/p>\n<\/div>\n","protected":false},"excerpt":{"rendered":"<p>Recordando v\u00e1rios discursos do Papa Francisco sobre esse tema, dom Jurkovi\u010d ressaltou que n\u00e3o obstante os progressos significativos no reconhecimento dos direitos das pessoas portadoras de defici\u00eancia, as percep\u00e7\u00f5es negativas arraigadas no valor de suas vidas continuam sendo um obst\u00e1culo social. Gabriella Ceraso \u2013 Cidade do Vaticano\u00a0 N\u00e3o existe vida humana mais sagrada que outra, [&hellip;]<\/p>\n","protected":false},"author":1,"featured_media":57324,"comment_status":"open","ping_status":"closed","sticky":false,"template":"","format":"standard","meta":{"footnotes":""},"categories":[3],"tags":[],"class_list":["post-57323","post","type-post","status-publish","format-standard","has-post-thumbnail","hentry","category-vaticano"],"_links":{"self":[{"href":"https:\/\/catolicanet.net\/wp-cnet\/wp-json\/wp\/v2\/posts\/57323","targetHints":{"allow":["GET"]}}],"collection":[{"href":"https:\/\/catolicanet.net\/wp-cnet\/wp-json\/wp\/v2\/posts"}],"about":[{"href":"https:\/\/catolicanet.net\/wp-cnet\/wp-json\/wp\/v2\/types\/post"}],"author":[{"embeddable":true,"href":"https:\/\/catolicanet.net\/wp-cnet\/wp-json\/wp\/v2\/users\/1"}],"replies":[{"embeddable":true,"href":"https:\/\/catolicanet.net\/wp-cnet\/wp-json\/wp\/v2\/comments?post=57323"}],"version-history":[{"count":2,"href":"https:\/\/catolicanet.net\/wp-cnet\/wp-json\/wp\/v2\/posts\/57323\/revisions"}],"predecessor-version":[{"id":57326,"href":"https:\/\/catolicanet.net\/wp-cnet\/wp-json\/wp\/v2\/posts\/57323\/revisions\/57326"}],"wp:featuredmedia":[{"embeddable":true,"href":"https:\/\/catolicanet.net\/wp-cnet\/wp-json\/wp\/v2\/media\/57324"}],"wp:attachment":[{"href":"https:\/\/catolicanet.net\/wp-cnet\/wp-json\/wp\/v2\/media?parent=57323"}],"wp:term":[{"taxonomy":"category","embeddable":true,"href":"https:\/\/catolicanet.net\/wp-cnet\/wp-json\/wp\/v2\/categories?post=57323"},{"taxonomy":"post_tag","embeddable":true,"href":"https:\/\/catolicanet.net\/wp-cnet\/wp-json\/wp\/v2\/tags?post=57323"}],"curies":[{"name":"wp","href":"https:\/\/api.w.org\/{rel}","templated":true}]}}