{"id":57319,"date":"2020-03-03T08:30:17","date_gmt":"2020-03-03T11:30:17","guid":{"rendered":"https:\/\/catolicanet.net\/wp-cnet\/?p=57319"},"modified":"2020-03-03T08:30:17","modified_gmt":"2020-03-03T11:30:17","slug":"dom-scicluna-em-missao-no-mexico-na-luta-contra-os-abusos","status":"publish","type":"post","link":"https:\/\/catolicanet.net\/wp-cnet\/dom-scicluna-em-missao-no-mexico-na-luta-contra-os-abusos\/","title":{"rendered":"Dom Scicluna em miss\u00e3o no M\u00e9xico na luta contra os abusos"},"content":{"rendered":"<div class=\"article__subTitle\" style=\"text-align: justify;\">O cardeal Prefeito da congrega\u00e7\u00e3o para a Doutrina da F\u00e9, Luis Ladaria Ferrer enviou o secret\u00e1rio adjunto da Congrega\u00e7\u00e3o para a Doutrina da F\u00e9 ao M\u00e9xico para consultoria t\u00e9cnica<\/div>\n<div class=\"title__separator\" style=\"text-align: justify;\"><\/div>\n<div class=\"article__text\">\n<p style=\"text-align: justify;\"><b>VATICAN NEWS<\/b><\/p>\n<p style=\"text-align: justify;\">O arcebispo Scicluna ir\u00e1 ao M\u00e9xico para ajudar os bispos do pa\u00eds na luta contra os abusos. A not\u00edcia foi dada pelo bispos mexicanos \u201ca todos os fi\u00e9is\u201d, recordando que a Confer\u00eancia Episcopal e o seu Conselho Nacional para a prote\u00e7\u00e3o dos menores est\u00e1 lutando \u201cde modo respons\u00e1vel, transparente e claro contra a cultura do abuso e o sistema de acobertar\u201d.<\/p>\n<p style=\"text-align: justify;\">Os bispos agradecem o cardeal prefeito da Congrega\u00e7\u00e3o para a Doutrina da F\u00e9, Luis Ladaria Ferrer por ter decidido enviar o secret\u00e1rio adjunto do dicast\u00e9rio, o arcebispo de Malta Charles J. Scicluna, para uma \u201cmiss\u00e3o de colabora\u00e7\u00e3o com a nossa Igreja\u201d.<\/p>\n<p style=\"text-align: justify;\">A miss\u00e3o, informa o diretor da Sala de Imprensa da Santa S\u00e9 Matteo Bruni, \u201cser\u00e1 um servi\u00e7o de consultoria t\u00e9cnica, uma ajuda fraterna, um di\u00e1logo que ajude a Igreja no M\u00e9xico a se confirmar nos passos j\u00e1 realizados na dire\u00e7\u00e3o certa para a devida resposta \u00e0s v\u00edtimas de abuso sexual de menores por parte de cl\u00e9rigos\u201d.<\/p>\n<p style=\"text-align: justify;\">O arcebispo Scicluna, ajudado na sua miss\u00e3o pelo monsenhor Jordi Bertolomeu, \u201cestar\u00e1 dispon\u00edvel para encontros com os bispos, os superiores maiores e todos os que quiserem ajudar. A miss\u00e3o ser\u00e1 realizada de 20 a 27 de mar\u00e7o de 2020\u201d.<\/p>\n<p style=\"text-align: justify;\">Segundo o comunicado dos bispos mexicanos \u201cPara que a Igreja seja capaz de contribuir de modo eficaz \u00e0 luta contra este flagelo que se verifica em v\u00e1rios \u00e2mbitos da sociedade (fam\u00edlia, escola e trabalho, entre outros), a primeira coisa que deve fazer \u00e9 se comprometer em erradicar completamente este fen\u00f4meno do seu interno\u201d.<\/p>\n<p style=\"text-align: justify;\">A nunciatura apost\u00f3lica da Cidade do M\u00e9xico guiada pelo arcebispo Franco Coppola, disse que a sede diplom\u00e1tica estar\u00e1 a disposi\u00e7\u00e3o de todos os que desejam compartilhar suas experi\u00eancias ou receber orienta\u00e7\u00e3o e assist\u00eancia, garantindo total reserva e confidencialidade tanto das pessoas que ser\u00e3o acolhidas quando no conte\u00fado das conversas.<\/p>\n<p style=\"text-align: justify;\">Poucos dias atr\u00e1s foi lan\u00e7ada a not\u00edcia da forma\u00e7\u00e3o de uma for\u00e7a-tarefa vaticana chamada para ajudar os bispos de todo o mundo comprometidos com a reda\u00e7\u00e3o das normas para combater os abusos. A um ano de dist\u00e2ncia do Congresso convocado pelo Papa Francisco no Vaticano em fevereiro de 2019 foram tomadas muitas iniciativas como a promulga\u00e7\u00e3o de novas leis e a decis\u00e3o de abolir o segredo pontif\u00edcio nos casos de abuso.<\/p>\n<\/div>\n","protected":false},"excerpt":{"rendered":"<p>O cardeal Prefeito da congrega\u00e7\u00e3o para a Doutrina da F\u00e9, Luis Ladaria Ferrer enviou o secret\u00e1rio adjunto da Congrega\u00e7\u00e3o para a Doutrina da F\u00e9 ao M\u00e9xico para consultoria t\u00e9cnica VATICAN NEWS O arcebispo Scicluna ir\u00e1 ao M\u00e9xico para ajudar os bispos do pa\u00eds na luta contra os abusos. A not\u00edcia foi dada pelo bispos mexicanos [&hellip;]<\/p>\n","protected":false},"author":1,"featured_media":57320,"comment_status":"open","ping_status":"closed","sticky":false,"template":"","format":"standard","meta":{"footnotes":""},"categories":[3],"tags":[],"class_list":["post-57319","post","type-post","status-publish","format-standard","has-post-thumbnail","hentry","category-vaticano"],"_links":{"self":[{"href":"https:\/\/catolicanet.net\/wp-cnet\/wp-json\/wp\/v2\/posts\/57319","targetHints":{"allow":["GET"]}}],"collection":[{"href":"https:\/\/catolicanet.net\/wp-cnet\/wp-json\/wp\/v2\/posts"}],"about":[{"href":"https:\/\/catolicanet.net\/wp-cnet\/wp-json\/wp\/v2\/types\/post"}],"author":[{"embeddable":true,"href":"https:\/\/catolicanet.net\/wp-cnet\/wp-json\/wp\/v2\/users\/1"}],"replies":[{"embeddable":true,"href":"https:\/\/catolicanet.net\/wp-cnet\/wp-json\/wp\/v2\/comments?post=57319"}],"version-history":[{"count":2,"href":"https:\/\/catolicanet.net\/wp-cnet\/wp-json\/wp\/v2\/posts\/57319\/revisions"}],"predecessor-version":[{"id":57322,"href":"https:\/\/catolicanet.net\/wp-cnet\/wp-json\/wp\/v2\/posts\/57319\/revisions\/57322"}],"wp:featuredmedia":[{"embeddable":true,"href":"https:\/\/catolicanet.net\/wp-cnet\/wp-json\/wp\/v2\/media\/57320"}],"wp:attachment":[{"href":"https:\/\/catolicanet.net\/wp-cnet\/wp-json\/wp\/v2\/media?parent=57319"}],"wp:term":[{"taxonomy":"category","embeddable":true,"href":"https:\/\/catolicanet.net\/wp-cnet\/wp-json\/wp\/v2\/categories?post=57319"},{"taxonomy":"post_tag","embeddable":true,"href":"https:\/\/catolicanet.net\/wp-cnet\/wp-json\/wp\/v2\/tags?post=57319"}],"curies":[{"name":"wp","href":"https:\/\/api.w.org\/{rel}","templated":true}]}}