{"id":5728,"date":"2015-04-16T13:08:38","date_gmt":"2015-04-16T16:08:38","guid":{"rendered":"http:\/\/catolicanet.net\/wp-cnet\/um-erro-teologico-a-ser-corrigido\/"},"modified":"2017-04-07T13:12:06","modified_gmt":"2017-04-07T16:12:06","slug":"um-erro-teologico-a-ser-corrigido","status":"publish","type":"post","link":"https:\/\/catolicanet.net\/wp-cnet\/um-erro-teologico-a-ser-corrigido\/","title":{"rendered":"Um erro teol\u00f3gico a ser corrigido"},"content":{"rendered":"<p style=\"text-align: justify;\">H\u00e1 uma m\u00fasica bastante difundida que encerra um erro teol\u00f3gico denominado empana\u00e7\u00e3o. \u201cO t\u00edtulo \u00e9 \u201cAntes da morte e ressurrei\u00e7\u00e3o\u201d e o erro est\u00e1 no refr\u00e3o que diz: \u201cE quando amanhecer \/ o dia eterno, a plena vis\u00e3o\/ ressurgiremos por crer\/ nesta vida escondida no p\u00e3o. O certo \u00e9 \u201cpor crer nesta vida que \u00e9 este p\u00e3o\u201d. Ap\u00f3s a consagra\u00e7\u00e3o h\u00e1 apenas os acidentes do p\u00e3o, pois a h\u00f3stia \u00e9 o Corpo de Cristo. Este na \u00faltima ceia \u201ctomou o p\u00e3o, pronunciou a b\u00ean\u00e7\u00e3o, partiu-o e deu-o aos disc\u00edpulos, dizendo: \u201cTomai, comei, isto \u00e9 o meu corpo\u201d (Mt,26, 26). Portanto, j\u00e1 n\u00e3o h\u00e1 mais a subst\u00e2ncia de p\u00e3o, mas Ele realmente presente. S\u00e3o Paulo arguia os Cor\u00edntios: \u201cO p\u00e3o que partimos n\u00e3o \u00e9 uma comunh\u00e3o no Corpo de Cristo?\u201d (1 Cor 10,16). \u00c9 que Jesus deixara claro aos judeus: &#8220;Eu sou o p\u00e3o vivo que desceu do c\u00e9u, se algu\u00e9m comer deste p\u00e3o viver\u00e1 eternamente e o p\u00e3o que eu darei \u00e9 a minha carne para vida do mundo. Quem come a minha carne e bebe o meu sangue tem a vida eterna e eu o ressuscitarei no ultimo dia, pois a minha carne \u00e9 um verdadeiro alimento e o meu sangue \u00e9 uma verdadeira bebida. Quem come a minha carne e bebe o meu sangue permanece em mim e eu nele\u201d (Jo\u00a0 6, 48-57). Ele n\u00e3o est\u00e1 escondido no p\u00e3o, pois no momento da consagra\u00e7\u00e3o h\u00e1 a transubstancia\u00e7\u00e3o do p\u00e3o em seu Corpo e Divindade, ficando apenas as apar\u00eancias do p\u00e3o. A vida de Jesus na Eucaristia \u00e9 sua vida como est\u00e1 l\u00e1 no C\u00e9u, em pleno clar\u00e3o beat\u00edfico, num amor\u00a0 sem fim. Cristo fica deste modo no meio de n\u00f3s com sua intelig\u00eancia iluminada com a luminosidade do Verbo, na deslumbrante vis\u00e3o da Sant\u00edssima Trindade. Ao receber a h\u00f3stia consagrada o comungante est\u00e1 a acolher Aquele que ilumina os anjos e os arcanjos, a Virgem Maria e todos os santos. \u00c9 o oceano infinito do amor do Verbo Eterno de Deus que passa a estar no cora\u00e7\u00e3o do fiel com\u00a0 toda a alma sacerdotal do Verbo Encarnado. Pena que nem sempre se pensa em t\u00e3o grande maravilha! Como atestou S\u00e3o Paulo. \u201cEle \u00e9 a imagem de Deus invis\u00edvel, o Primog\u00eanito de toda a cria\u00e7\u00e3o. Nele foram criadas todas as coisas nos c\u00e9us e na terra, as criaturas vis\u00edveis e as invis\u00edveis. Tronos, domina\u00e7\u00f5es, principados, potestades: tudo foi criado por ele e para ele. Ele existe antes de todas as coisas, e todas as coisas subsistem nele (Col 1,15-17) e na Eucaristia Ele vem at\u00e9 n\u00f3s\u00a0 para nos inebriar com esta sua presen\u00e7a e nos salvar! O Conc\u00edlio de Trento resume a f\u00e9 cat\u00f3lica declarando: \u00ab Porque Cristo, nosso Redentor, disse que o que Ele oferecia sob a esp\u00e9cie do p\u00e3o era verdadeiramente o seu corpo, sempre na Igreja se teve esta convic\u00e7\u00e3o que o sagrado Conc\u00edlio de novo declara: pela consagra\u00e7\u00e3o do p\u00e3o e do vinho opera-se a convers\u00e3o de toda a subst\u00e2ncia do p\u00e3o na subst\u00e2ncia do corpo de Cristo nosso Senhor, e de toda a subst\u00e2ncia do vinho na subst\u00e2ncia do seu sangue; a esta mudan\u00e7a, a Igreja cat\u00f3lica chama, de modo conveniente e apropriado, transubstancia\u00e7\u00e3o \u00bb. Seremos salvos por crer nesta vida que \u00e9 este p\u00e3o! <\/p>\n<p><strong>* Professor no Semin\u00e1rio de Mariana durante 40 anos.<\/strong><\/p>\n","protected":false},"excerpt":{"rendered":"<p>H\u00e1 uma m\u00fasica bastante difundida que encerra um erro teol\u00f3gico denominado empana\u00e7\u00e3o. \u201cO t\u00edtulo \u00e9 \u201cAntes da morte e ressurrei\u00e7\u00e3o\u201d e o erro est\u00e1 no refr\u00e3o que diz: \u201cE quando amanhecer \/ o dia eterno, a plena vis\u00e3o\/ ressurgiremos por crer\/ nesta vida escondida no p\u00e3o. O certo \u00e9 \u201cpor crer nesta vida que \u00e9 [&hellip;]<\/p>\n","protected":false},"author":7,"featured_media":0,"comment_status":"closed","ping_status":"closed","sticky":false,"template":"","format":"standard","meta":{"footnotes":""},"categories":[9],"tags":[],"class_list":["post-5728","post","type-post","status-publish","format-standard","hentry","category-artigos"],"_links":{"self":[{"href":"https:\/\/catolicanet.net\/wp-cnet\/wp-json\/wp\/v2\/posts\/5728","targetHints":{"allow":["GET"]}}],"collection":[{"href":"https:\/\/catolicanet.net\/wp-cnet\/wp-json\/wp\/v2\/posts"}],"about":[{"href":"https:\/\/catolicanet.net\/wp-cnet\/wp-json\/wp\/v2\/types\/post"}],"author":[{"embeddable":true,"href":"https:\/\/catolicanet.net\/wp-cnet\/wp-json\/wp\/v2\/users\/7"}],"replies":[{"embeddable":true,"href":"https:\/\/catolicanet.net\/wp-cnet\/wp-json\/wp\/v2\/comments?post=5728"}],"version-history":[{"count":1,"href":"https:\/\/catolicanet.net\/wp-cnet\/wp-json\/wp\/v2\/posts\/5728\/revisions"}],"predecessor-version":[{"id":10426,"href":"https:\/\/catolicanet.net\/wp-cnet\/wp-json\/wp\/v2\/posts\/5728\/revisions\/10426"}],"wp:attachment":[{"href":"https:\/\/catolicanet.net\/wp-cnet\/wp-json\/wp\/v2\/media?parent=5728"}],"wp:term":[{"taxonomy":"category","embeddable":true,"href":"https:\/\/catolicanet.net\/wp-cnet\/wp-json\/wp\/v2\/categories?post=5728"},{"taxonomy":"post_tag","embeddable":true,"href":"https:\/\/catolicanet.net\/wp-cnet\/wp-json\/wp\/v2\/tags?post=5728"}],"curies":[{"name":"wp","href":"https:\/\/api.w.org\/{rel}","templated":true}]}}