{"id":5723,"date":"2015-04-15T17:00:38","date_gmt":"2015-04-15T20:00:38","guid":{"rendered":"http:\/\/catolicanet.net\/wp-cnet\/jornada-mundial-de-oracao-para-as-vocacoes-2015\/"},"modified":"2017-04-07T13:15:22","modified_gmt":"2017-04-07T16:15:22","slug":"jornada-mundial-de-oracao-para-as-vocacoes-2015","status":"publish","type":"post","link":"https:\/\/catolicanet.net\/wp-cnet\/jornada-mundial-de-oracao-para-as-vocacoes-2015\/","title":{"rendered":"Jornada Mundial de Ora\u00e7\u00e3o para as Voca\u00e7\u00f5es 2015"},"content":{"rendered":"<p><img decoding=\"async\" src=\"http:\/\/catolicanet.com.br\/images\/stories\/noticias\/jornada.jpg\" border=\"0\" align=\"left\" \/>A a\u00e7\u00e3o mission\u00e1ria e evangelizadora da Igreja constitui o fulcro da mensagem do Papa Francisco por ocasi\u00e3o da quinquag\u00e9sima segunda Jornada Mundial de Ora\u00e7\u00e3o para as Voca\u00e7\u00f5es. O \u00eaxodo, experi\u00eancia fundamental da voca\u00e7\u00e3o\u201d. Este \u00e9 o t\u00edtulo escolhido pelo Santo Padre para a Jornada mundial de Ora\u00e7\u00e3o para as Voca\u00e7\u00f5es deste ano 2015 e que ser\u00e1 celebrada no pr\u00f3ximo dia 26 de Abril.<\/p>\n<p><<Numa Igreja=\"Igreja\" mission\u00e1ria,=\"mission\u00e1ria,\" escreve=\"escreve\" Francisco,=\"Francisco,\" a=\"a\" voca\u00e7\u00e3o=\"voca\u00e7\u00e3o\" crist\u00e3=\"crist\u00e3\" s\u00f3=\"s\u00f3\" pode=\"pode\" nascer=\"nascer\" dentro=\"dentro\" da=\"da\" experi\u00eancia=\"experi\u00eancia\" da=\"da\" miss\u00e3o=\"miss\u00e3o\" \/>>. E isto \u00e9 poss\u00edvel s\u00f3 se se \u00e9 capaz da sair de si pr\u00f3prio realizando um verdadeiro \u201c\u00eaxodo\u201d compar\u00e1vel ao \u00caxodo b\u00edblico que o povo de Deus realizou libertando-se da escravatura para encontrar uma vida nova em Cristo.<\/p>\n<p>Por conseguinte, recorda o Santo Padre, <<na raiz=\"raiz\" de=\"de\" cada=\"cada\" voca\u00e7\u00e3o=\"voca\u00e7\u00e3o\" crist\u00e3=\"crist\u00e3\" est\u00e1=\"est\u00e1\" a=\"a\" sa\u00edda=\"sa\u00edda\" da=\"da\" \u201ccomodidade=\"\u201ccomodidade\" e=\"e\" rigidez=\"rigidez\" do=\"do\" pr\u00f3prio=\"pr\u00f3prio\" ego=\"ego\" para=\"para\" colocarmos=\"colocarmos\" Cristo=\"Cristo\" no=\"no\" centro=\"centro\" da=\"da\" nossa=\"nossa\" vida=\"vida\" \/>>. Esta sa\u00edda de si pr\u00f3prio, n\u00e3o significa por\u00e9m, esclarece Francisco, desprezar a pr\u00f3pria vida, o pr\u00f3prio sentimento e a pr\u00f3pria humanidade. Pelo contr\u00e1rio, a voca\u00e7\u00e3o \u00e9 uma chamada de amor que nos obriga a sair de n\u00f3s mesmos consentindo assim o in\u00edcio de \u201cum \u00eaxodo permanente do eu fechado em si pr\u00f3prio para a sua liberta\u00e7\u00e3o no dom de si pr\u00f3prio\u201d.<\/p>\n<p>Esta din\u00e2mica do \u00eaxodo, escreve ainda o Papa, n\u00e3o concerne unicamente ao indiv\u00edduo chamado, mas concerne tamb\u00e9m a a\u00e7\u00e3o mission\u00e1ria e evangelizadora de toda a Igreja : uma Igreja \u201cem sa\u00edda\u201d, capaz portanto de ir al\u00e9m, ao encontro dos filhos e das filhas de Deus nas suas situa\u00e7\u00f5es reais e compartilhar\u00a0 as suas feridas\u201d. \u201c A Igreja que evangeliza, sai ao encontro do homem, anuncia a palavra libertadora do Evangelho, cura a gra\u00e7a de Deus as feridas das almas e dos corpos, ajuda os pobres e necessitados. Por conseguinte, conclui o Papa, a voca\u00e7\u00e3o crist\u00e3 representa um empenho concreto ao servi\u00e7o da constru\u00e7\u00e3o do Reino de Deus na terra e conduz necessariamente ao empenho solid\u00e1rio sobretudo para com os mais pobres.<\/p>\n<p>Finalmente, aos jovens, o Papa Francisco exorta a n\u00e3o ter medo das inc\u00f3gnitas da vida quotidiana que arriscam de paralisar os seus sonhos, e portanto a n\u00e3o ter medo de sair de si pr\u00f3prios e de p\u00f4r-se em caminho nas sendas de Jesus do mesmo modo como j\u00e1 tinha feito a Virgem Maria, modelo da voca\u00e7\u00e3o e que n\u00e3o teve medo de pronunciar o seu sim \u201cfiat\u201d \u00e0 chamada do Senhor.<\/p>\n<p>Fonte: R\u00e1dio Vaticano<\/p>\n","protected":false},"excerpt":{"rendered":"<p>A a\u00e7\u00e3o mission\u00e1ria e evangelizadora da Igreja constitui o fulcro da mensagem do Papa Francisco por ocasi\u00e3o da quinquag\u00e9sima segunda Jornada Mundial de Ora\u00e7\u00e3o para as Voca\u00e7\u00f5es. O \u00eaxodo, experi\u00eancia fundamental da voca\u00e7\u00e3o\u201d. Este \u00e9 o t\u00edtulo escolhido pelo Santo Padre para a Jornada mundial de Ora\u00e7\u00e3o para as Voca\u00e7\u00f5es deste ano 2015 e que [&hellip;]<\/p>\n","protected":false},"author":1,"featured_media":0,"comment_status":"closed","ping_status":"closed","sticky":false,"template":"","format":"standard","meta":{"footnotes":""},"categories":[3],"tags":[],"class_list":["post-5723","post","type-post","status-publish","format-standard","hentry","category-vaticano"],"_links":{"self":[{"href":"https:\/\/catolicanet.net\/wp-cnet\/wp-json\/wp\/v2\/posts\/5723","targetHints":{"allow":["GET"]}}],"collection":[{"href":"https:\/\/catolicanet.net\/wp-cnet\/wp-json\/wp\/v2\/posts"}],"about":[{"href":"https:\/\/catolicanet.net\/wp-cnet\/wp-json\/wp\/v2\/types\/post"}],"author":[{"embeddable":true,"href":"https:\/\/catolicanet.net\/wp-cnet\/wp-json\/wp\/v2\/users\/1"}],"replies":[{"embeddable":true,"href":"https:\/\/catolicanet.net\/wp-cnet\/wp-json\/wp\/v2\/comments?post=5723"}],"version-history":[{"count":1,"href":"https:\/\/catolicanet.net\/wp-cnet\/wp-json\/wp\/v2\/posts\/5723\/revisions"}],"predecessor-version":[{"id":10430,"href":"https:\/\/catolicanet.net\/wp-cnet\/wp-json\/wp\/v2\/posts\/5723\/revisions\/10430"}],"wp:attachment":[{"href":"https:\/\/catolicanet.net\/wp-cnet\/wp-json\/wp\/v2\/media?parent=5723"}],"wp:term":[{"taxonomy":"category","embeddable":true,"href":"https:\/\/catolicanet.net\/wp-cnet\/wp-json\/wp\/v2\/categories?post=5723"},{"taxonomy":"post_tag","embeddable":true,"href":"https:\/\/catolicanet.net\/wp-cnet\/wp-json\/wp\/v2\/tags?post=5723"}],"curies":[{"name":"wp","href":"https:\/\/api.w.org\/{rel}","templated":true}]}}