{"id":5722,"date":"2015-04-15T16:55:17","date_gmt":"2015-04-15T19:55:17","guid":{"rendered":"http:\/\/catolicanet.net\/wp-cnet\/qo-que-salva-o-mundo-e-o-amor-de-deusq-disse-cardeal-damasceno-na-missa-de-abertura-da-53o-assembleia-da-cnbb\/"},"modified":"2017-04-07T13:16:29","modified_gmt":"2017-04-07T16:16:29","slug":"qo-que-salva-o-mundo-e-o-amor-de-deusq-disse-cardeal-damasceno-na-missa-de-abertura-da-53o-assembleia-da-cnbb","status":"publish","type":"post","link":"https:\/\/catolicanet.net\/wp-cnet\/qo-que-salva-o-mundo-e-o-amor-de-deusq-disse-cardeal-damasceno-na-missa-de-abertura-da-53o-assembleia-da-cnbb\/","title":{"rendered":"&#8220;O que salva o mundo \u00e9 o amor de Deus&#8221;, disse cardeal Damasceno na missa de abertura da 53\u00aa Assembleia da CNBB"},"content":{"rendered":"<p>\u00a0<\/p>\n<p><img decoding=\"async\" src=\"http:\/\/catolicanet.com.br\/images\/stories\/noticias\/amor deus.jpg\" border=\"0\" \/><\/p>\n<p>A Presid\u00eancia da Confer\u00eancia Nacional dos Bispos do Brasil (CNBB) deu in\u00edcio \u00e0s atividades 53\u00aa Assembleia Geral (AG) da entidade com a celebra\u00e7\u00e3o da missa, na manh\u00e3 desta quarta-feira, 15, na Bas\u00edlica do Santu\u00e1rio Nacional de Nossa Senhora Aparecida, em Aparecida (SP). O arcebispo local e presidente da CNBB, cardeal Raymundo Damasceno Assis, pediu as ora\u00e7\u00f5es dos fi\u00e9is pelos \u201cbons frutos da Assembleia\u201d.<\/p>\n<p>Dom Damasceno explicou em sua homilia que a \u201caten\u00e7\u00e3o priorit\u00e1ria\u201d do episcopado estar\u00e1 voltada para dois temas: a atualiza\u00e7\u00e3o das Diretrizes Gerais da A\u00e7\u00e3o Evangelizadora da Igreja no Brasil (DGAE) para o quadri\u00eanio 2015-2019 e a elei\u00e7\u00e3o da Presid\u00eancia da CNBB, dos presidentes das 12 Comiss\u00f5es Episcopais Pastorais, dos delegados da entidade para representa\u00e7\u00e3o no Conselho Episcopal Latino-Americano (Celam) e para o S\u00ednodo dos Bispos, marcado para outubro, no Vaticano.<\/p>\n<p>O cardeal explicou que as DGAE auxiliar\u00e3o no \u201cprocesso de planejamento pastoral para as Igrejas particulares e para o secretariado geral da CNBB&#8221;.<\/p>\n<p> A 53\u00aa AG tamb\u00e9m ter\u00e1 como tema priorit\u00e1rio o Estudo 107 da CNBB, &#8220;Crist\u00e3os Leigos e Leigas na Igreja e na Sociedade&#8221;. <\/p>\n<p>Miss\u00e3o da Igreja<\/p>\n<p>Ao refletir sobre a liturgia do dia e sobre o Tempo Pascal, o presidente da CNBB ressaltou a miss\u00e3o de Jesus na hist\u00f3ria da salva\u00e7\u00e3o e luz da ressurrei\u00e7\u00e3o, \u201cmanifesta\u00e7\u00e3o total da miseric\u00f3rdia salvadora, boa nova por excel\u00eancia e melhor an\u00fancio que pode ser feito\u201d.<\/p>\n<p>\u201cDeus amou tanto o mundo que deu seu filho unig\u00eanito para que n\u00e3o morra todo que nele cr\u00ea, mas tenha a vida eterna\u201d. As palavras do in\u00edcio do Evangelho de hoje, levam, segundo dom Damasceno, \u00e0 \u201ccompreens\u00e3o do significado da miss\u00e3o do Filho de Deus\u201d.<\/p>\n<p>\u201cO que salva o mundo \u00e9 o amor de Deus. S\u00f3 amor pode iluminar o mist\u00e9rio pascal e gra\u00e7as ao mist\u00e9rio pascal podemos constatar a inten\u00e7\u00e3o divina que \u00e9 oferta universal de Salva\u00e7\u00e3o\u201d, afirmou dom Damasceno.<\/p>\n<p>Ao recordar a experi\u00eancia dos disc\u00edpulos com o Cristo ressuscitado, indicou a miss\u00e3o da Igreja. \u201cTendo experimentado o amor misericordioso de Deus, que enche nossa vida de luz e alegria, que nos confere o sentido para viver, anunciamos a todos a mesma gra\u00e7a. N\u00e3o h\u00e1 situa\u00e7\u00e3o que n\u00e3o pode ser iluminada com a luz da ressurrei\u00e7\u00e3o. Diante do amor de Deus e sua infinita miseric\u00f3rdia, todos os aspectos da vida humana podem ser transfigurados, principalmente o pecado e a morte\u201d, disse o cardeal.<\/p>\n<p>Inten\u00e7\u00f5es<\/p>\n<p>No in\u00edcio da celebra\u00e7\u00e3o, o bispo auxiliar de Bras\u00edlia e secret\u00e1rio geral da Confer\u00eancia, dom Leonardo Steiner, informou a nomea\u00e7\u00e3o do bispo auxiliar de Belo Horizonte (MG), dom Wilson Luis Angotti Filho, para a diocese de Taubat\u00e9, ap\u00f3s acolhimento da ren\u00fancia de dom Carmo Jo\u00e3o Rhoden. Tamb\u00e9m hoje foi nomeado pelo papa Francisco o c\u00f4nego Edson Jos\u00e9 Oriolo dos Santos como bispo titular de \u201cSegia\u201d e auxiliar de Belo Horizonte (MG). Oriolo \u00e9 o atual p\u00e1roco da Catedral Metropolitana de Pouso Alegre.<\/p>\n<p>Dom Leonardo indicou como inten\u00e7\u00e3o da celebra\u00e7\u00e3o eucar\u00edstica a mem\u00f3ria do bispo em\u00e9rito de Caetit\u00e9 (BA), dom Ant\u00f4nio Alberto Guimar\u00e3es Rezende, falecido na segunda-feira, dia 13. Tamb\u00e9m foi lembrado o s\u00e9timo dia de falecimento do bispo de Paranagu\u00e1 (PR) e referencial da Pastoral Afro-Brasileira, dom Jo\u00e3o Alves dos Santos, ocorrido no dia 09.<\/p>\n<p>\u00a0<\/p>\n<p>Fonte: CNBB<\/p>\n","protected":false},"excerpt":{"rendered":"<p>\u00a0 A Presid\u00eancia da Confer\u00eancia Nacional dos Bispos do Brasil (CNBB) deu in\u00edcio \u00e0s atividades 53\u00aa Assembleia Geral (AG) da entidade com a celebra\u00e7\u00e3o da missa, na manh\u00e3 desta quarta-feira, 15, na Bas\u00edlica do Santu\u00e1rio Nacional de Nossa Senhora Aparecida, em Aparecida (SP). O arcebispo local e presidente da CNBB, cardeal Raymundo Damasceno Assis, pediu [&hellip;]<\/p>\n","protected":false},"author":1,"featured_media":0,"comment_status":"closed","ping_status":"closed","sticky":false,"template":"","format":"standard","meta":{"footnotes":""},"categories":[7],"tags":[],"class_list":["post-5722","post","type-post","status-publish","format-standard","hentry","category-cnbb"],"_links":{"self":[{"href":"https:\/\/catolicanet.net\/wp-cnet\/wp-json\/wp\/v2\/posts\/5722","targetHints":{"allow":["GET"]}}],"collection":[{"href":"https:\/\/catolicanet.net\/wp-cnet\/wp-json\/wp\/v2\/posts"}],"about":[{"href":"https:\/\/catolicanet.net\/wp-cnet\/wp-json\/wp\/v2\/types\/post"}],"author":[{"embeddable":true,"href":"https:\/\/catolicanet.net\/wp-cnet\/wp-json\/wp\/v2\/users\/1"}],"replies":[{"embeddable":true,"href":"https:\/\/catolicanet.net\/wp-cnet\/wp-json\/wp\/v2\/comments?post=5722"}],"version-history":[{"count":1,"href":"https:\/\/catolicanet.net\/wp-cnet\/wp-json\/wp\/v2\/posts\/5722\/revisions"}],"predecessor-version":[{"id":10432,"href":"https:\/\/catolicanet.net\/wp-cnet\/wp-json\/wp\/v2\/posts\/5722\/revisions\/10432"}],"wp:attachment":[{"href":"https:\/\/catolicanet.net\/wp-cnet\/wp-json\/wp\/v2\/media?parent=5722"}],"wp:term":[{"taxonomy":"category","embeddable":true,"href":"https:\/\/catolicanet.net\/wp-cnet\/wp-json\/wp\/v2\/categories?post=5722"},{"taxonomy":"post_tag","embeddable":true,"href":"https:\/\/catolicanet.net\/wp-cnet\/wp-json\/wp\/v2\/tags?post=5722"}],"curies":[{"name":"wp","href":"https:\/\/api.w.org\/{rel}","templated":true}]}}