{"id":57216,"date":"2020-02-28T09:59:57","date_gmt":"2020-02-28T12:59:57","guid":{"rendered":"https:\/\/catolicanet.net\/wp-cnet\/?p=57216"},"modified":"2020-02-28T09:59:57","modified_gmt":"2020-02-28T12:59:57","slug":"reliquia-da-cruz-de-cristo-encontrada-na-catedral-de-fortaleza-sera-venerada-na-quaresma","status":"publish","type":"post","link":"https:\/\/catolicanet.net\/wp-cnet\/reliquia-da-cruz-de-cristo-encontrada-na-catedral-de-fortaleza-sera-venerada-na-quaresma\/","title":{"rendered":"Rel\u00edquia da Cruz de Cristo encontrada na Catedral de Fortaleza ser\u00e1 venerada na Quaresma"},"content":{"rendered":"<p style=\"text-align: justify;\">Na Quarta-feira de Cinzas, 26 de fevereiro, os cat\u00f3licos de Fortaleza (CE) receberam um grande presente: foi-lhes apresentada a rel\u00edquia da Vera Cruz, a Cruz de Cristo, encontrada recentemente na Catedral Metropolitana, e que ser\u00e1 exposta para venera\u00e7\u00e3o durante a Quaresma.<\/p>\n<p style=\"text-align: justify;\">De acordo com a Arquidiocese de Fortaleza, o Arcebispo, Dom Jos\u00e9 Ant\u00f4nio Aparecido Tosi Marques, anunciou ao final da Missa de Cinzas \u201cque foi encontrara uma Rel\u00edquia da Cruz de Cristo no subsolo da Catedral\u201d. Juntamente com a rel\u00edquia, foi encontrado o certificado atestando sua autenticidade.<\/p>\n<p style=\"text-align: justify;\">A rel\u00edquia da Vera Cruz foi enviada de Roma e recebida em 29 de mar\u00e7o de 1928 pelo primeiro Arcebispo de Fortaleza, Dom Manuel da Silva Gomes.<\/p>\n<p style=\"text-align: justify;\">O p\u00e1roco da Catedral Metropolitana de Fortaleza, Padre Clairton Alexandrino de Oliveira, contou a ACI Digital que est\u00e3o realizando uma grande obra no subsolo do templo, onde h\u00e1 muita coisa antiga. \u201cTenho o cuidado de examinar tudo e, ent\u00e3o, achei dentro de uma caixa um crucifixo de prata e com ele estava a mensagem em latim atestando a veracidade da rel\u00edquia\u201d.<\/p>\n<p style=\"text-align: justify;\">A descoberta da rel\u00edquia se deu em dezembro passado, \u201cperto do Natal\u201d, recordou o sacerdote. Segundo ele, ap\u00f3s comunicar ao Arcebispo, este sugeriu que fosse anunciado aos fi\u00e9is na Sexta-feira Santa.<\/p>\n<p style=\"text-align: justify;\">Mas, \u201csugeri a ele que fiz\u00e9ssemos uma catequese com o povo durante a Quaresma, aproveitando para fazer a Via Sacra, meditar, e o Arcebispo concordou\u201d, contou Pe. Clairton.<\/p>\n<p style=\"text-align: justify;\">Desse modo, a rel\u00edquia foi apresentada aos fi\u00e9is na Quarta-feira de Cinzas, in\u00edcio da Quaresma, e durante todo este tempo lit\u00fargico ser\u00e1 exposta para venera\u00e7\u00e3o todas as quartas-feiras e sextas-feiras, \u201cno hor\u00e1rio da morte de Cristo, ou seja, \u00e0s 15h\u201d, quando ser\u00e1 rezada a Via Sacra.<\/p>\n<p style=\"text-align: justify;\">\u201cEsta \u00e9 uma oportunidade extraordin\u00e1ria que a provid\u00eancia divina nos d\u00e1 nesse mundo de tanto relativismo. \u00c9 oportunidade para meditarmos sobre o verdadeiro significado da reden\u00e7\u00e3o, de pensarmos at\u00e9 onde foi o amor de Deus por n\u00f3s, que deu seu Filho na Cruz para derramar seu sangue por n\u00f3s. No altar da Cruz, a morte foi derrotada e a <a href=\"https:\/\/www.acidigital.com\/vida\/index.html\">vida<\/a> teve a vit\u00f3ria\u201d, expressou o p\u00e1roco.<\/p>\n<p style=\"text-align: justify;\">Para o sacerdote, poder venerar a rel\u00edquia da Vera Cruz durante a Quaresma \u00e9 um convite a \u201cviver bem\u201d este tempo lit\u00fargico. \u201cDevemos passar pela cruz e assumir a cruz para, com Cristo, alcan\u00e7armos a vit\u00f3ria\u201d, completou.<\/p>\n<p style=\"text-align: justify;\"><strong>Rel\u00edquia da Vera Cruz<\/strong><\/p>\n<p style=\"text-align: justify;\">Ao ressaltar que a rel\u00edquia encontrada na Catedral de Fortaleza \u00e9 \u201catestada pelo Vaticano\u201d, Pe. Clairton recordou que a Cruz de Cristo foi encontrada por volta do ano 326, em Jerusal\u00e9m, por Santa Helena.<\/p>\n<p style=\"text-align: justify;\">Escritores antigos, como S\u00e3o Cris\u00f3stomo e Santo Ambr\u00f3sio, narraram que, depois de realizar muitas escava\u00e7\u00f5es, foram encontradas tr\u00eas cruzes.<\/p>\n<p style=\"text-align: justify;\">Sem saber qual era a de Jesus, levaram at\u00e9 o Monte Calv\u00e1rio uma mulher agonizante e, ao toc\u00e1-la com duas das cruzes, nada lhe ocorreu. Mas, ao toc\u00e1-la com a terceira cruz, a enferma se recuperou instantaneamente.<\/p>\n<p style=\"text-align: justify;\">Mac\u00e1rio, ent\u00e3o Bispo de Jerusal\u00e9m, Santa Helena e milhares de fi\u00e9is levaram a cruz em prociss\u00e3o pelas ruas da cidade.<\/p>\n<p style=\"text-align: justify;\">Parte da Cruz ficou em Jerusal\u00e9m e outros fragmentos foram levados a Roma e, mais tarde, distribu\u00eddos a outros locais, tendo um deles sido enviado \u00e0 Fortaleza na d\u00e9cada de 1920.<\/p>\n","protected":false},"excerpt":{"rendered":"<p>Na Quarta-feira de Cinzas, 26 de fevereiro, os cat\u00f3licos de Fortaleza (CE) receberam um grande presente: foi-lhes apresentada a rel\u00edquia da Vera Cruz, a Cruz de Cristo, encontrada recentemente na Catedral Metropolitana, e que ser\u00e1 exposta para venera\u00e7\u00e3o durante a Quaresma. De acordo com a Arquidiocese de Fortaleza, o Arcebispo, Dom Jos\u00e9 Ant\u00f4nio Aparecido Tosi [&hellip;]<\/p>\n","protected":false},"author":1,"featured_media":57217,"comment_status":"open","ping_status":"closed","sticky":false,"template":"","format":"standard","meta":{"footnotes":""},"categories":[4],"tags":[],"class_list":["post-57216","post","type-post","status-publish","format-standard","has-post-thumbnail","hentry","category-cotidiano"],"_links":{"self":[{"href":"https:\/\/catolicanet.net\/wp-cnet\/wp-json\/wp\/v2\/posts\/57216","targetHints":{"allow":["GET"]}}],"collection":[{"href":"https:\/\/catolicanet.net\/wp-cnet\/wp-json\/wp\/v2\/posts"}],"about":[{"href":"https:\/\/catolicanet.net\/wp-cnet\/wp-json\/wp\/v2\/types\/post"}],"author":[{"embeddable":true,"href":"https:\/\/catolicanet.net\/wp-cnet\/wp-json\/wp\/v2\/users\/1"}],"replies":[{"embeddable":true,"href":"https:\/\/catolicanet.net\/wp-cnet\/wp-json\/wp\/v2\/comments?post=57216"}],"version-history":[{"count":1,"href":"https:\/\/catolicanet.net\/wp-cnet\/wp-json\/wp\/v2\/posts\/57216\/revisions"}],"predecessor-version":[{"id":57218,"href":"https:\/\/catolicanet.net\/wp-cnet\/wp-json\/wp\/v2\/posts\/57216\/revisions\/57218"}],"wp:featuredmedia":[{"embeddable":true,"href":"https:\/\/catolicanet.net\/wp-cnet\/wp-json\/wp\/v2\/media\/57217"}],"wp:attachment":[{"href":"https:\/\/catolicanet.net\/wp-cnet\/wp-json\/wp\/v2\/media?parent=57216"}],"wp:term":[{"taxonomy":"category","embeddable":true,"href":"https:\/\/catolicanet.net\/wp-cnet\/wp-json\/wp\/v2\/categories?post=57216"},{"taxonomy":"post_tag","embeddable":true,"href":"https:\/\/catolicanet.net\/wp-cnet\/wp-json\/wp\/v2\/tags?post=57216"}],"curies":[{"name":"wp","href":"https:\/\/api.w.org\/{rel}","templated":true}]}}