{"id":57213,"date":"2020-02-28T09:57:37","date_gmt":"2020-02-28T12:57:37","guid":{"rendered":"https:\/\/catolicanet.net\/wp-cnet\/?p=57213"},"modified":"2020-02-28T09:57:37","modified_gmt":"2020-02-28T12:57:37","slug":"ha-exatos-7-anos-bento-xvi-se-despedia-dos-fieis-como-papa-pela-ultima-vez","status":"publish","type":"post","link":"https:\/\/catolicanet.net\/wp-cnet\/ha-exatos-7-anos-bento-xvi-se-despedia-dos-fieis-como-papa-pela-ultima-vez\/","title":{"rendered":"H\u00e1 exatos 7 anos Bento XVI se despedia dos fi\u00e9is como Papa pela \u00faltima vez"},"content":{"rendered":"<p style=\"text-align: justify;\">Depois de anunciar a sua decis\u00e3o de renunciar ao minist\u00e9rio em 11 de fevereiro, 2013, o Papa Em\u00e9rito Bento XVI fez a sua ren\u00fancia no dia 28 de fevereiro do mesmo ano, se transladou do Pal\u00e1cio Pontif\u00edcio do Vaticano a Castel Gandolfo.<\/p>\n<p style=\"text-align: justify;\">Em 28 de fevereiro de 2013, \u00e0s 17h07 (hora local), Bento XVI deixou o Vaticano e seguiu de helic\u00f3ptero at\u00e9 Castel Gandolfo. Na varanda da casa de ver\u00e3o dos pont\u00edfices, ele, que havia sido Papa durante oito anos, se dirigiu aos peregrinos reunidos na pra\u00e7a para lhes dizer: &#8220;Eu sou simplesmente um peregrino que iniciou a \u00faltima etapa da sua peregrina\u00e7\u00e3o nesta terra&#8221;.<\/p>\n<p style=\"text-align: justify;\">Logo depois de ser transladado a Castel Gandolfo, foram fechadas as portas do local, come\u00e7ou a Sede Vacante.<\/p>\n<p style=\"text-align: justify;\">Bento XVI viveu em Castel Gandolfo durante dois meses, enquanto realizavam as adapta\u00e7\u00f5es apropriadas em sua nova resid\u00eancia, o antigo mosteiro &#8220;Mater Eclesiae&#8221;.<\/p>\n<p style=\"text-align: justify;\">Entretanto, durante esses 62 dias, n\u00e3o ficou sozinho. De fato, nas primeiras imagens &#8220;roubadas&#8221; do Pont\u00edfice, ele aparecia caminhando pelos jardins junto com o seu secret\u00e1rio, Dom Georg G\u00e4nswein.<\/p>\n<p style=\"text-align: justify;\">Al\u00e9m disso, recebeu algumas visitas, como a do seu sucessor Papa Francisco, que visitou Castel Gandolfo em 23 de mar\u00e7o. Naquele dia, as primeiras imagens de ambos se abra\u00e7ando na frente do helic\u00f3ptero e rezando na capela ajoelhados no mesmo banco deram a volta ao mundo.<\/p>\n<p style=\"text-align: justify;\">Um pouco mais de um m\u00eas depois, Bento XVI voltou ao Vaticano, onde Francisco o esperava para lhe dar as boas-vindas. A partir disso, Bento XVI come\u00e7ou uma nova vida no mosteiro \u2018Mater Ecclesiae\u2019 junto das quatro \u2018memores Domini\u2019 (Rossella, Loredana, Carmela e Cristina), leigas consagradas do Movimento Comunh\u00e3o e Liberta\u00e7\u00e3o que o ajudam desde ent\u00e3o e com o Prefeito da Casa Pontif\u00edcia e secret\u00e1rio particular do Papa Em\u00e9rito, Dom Georg G\u00e4nswein.<\/p>\n<p style=\"text-align: justify;\">Mas desde que vive no Vaticano, Joseph Ratzinger tamb\u00e9m visitou aquela que tinha sido sua casa durante os meses de ver\u00e3o e algumas semanas depois da sua ren\u00fancia; durante essas visitas, percorreu os jardins junto com Dom G\u00e4nswein, rezou o ros\u00e1rio e participou de um concerto de piano.<\/p>\n<p style=\"text-align: justify;\"><strong>Bento XVI em boa forma<\/strong><\/p>\n<p style=\"text-align: justify;\">Embora nas primeiras imagens divulgadas ap\u00f3s a sua ren\u00fancia, Bento XVI foi visto usando uma bengala e movendo-se com dificuldade, ele mesmo disse durante os meses seguintes que queria deixar claro que est\u00e1 &#8220;muito bem&#8221;. Assim assegurou o ator italiano Lino Banfi quando encontrou com ele no mosteiro \u2018Mater Ecclesiae\u2019, ocasi\u00e3o na qual tamb\u00e9m indicou que &#8220;toca piano, l\u00ea, estuda e reza&#8221;.<\/p>\n<p style=\"text-align: justify;\">Em outubro de 2017, Dom G\u00e4nswein desmentiu os rumores publicados no Facebook que Bento XVI estava \u00e0 beira da morte.<\/p>\n<p style=\"text-align: justify;\"><strong>Francisco visita Bento antes de cada viagem<\/strong><\/p>\n<p style=\"text-align: justify;\">Em meados de 2014, o Prefeito da Casa Pontif\u00edcia, Dom Georg Gaenswein, revelou que, antes de qualquer viagem internacional, o Papa Francisco visita Bento XVI, um gesto que mostra a boa rela\u00e7\u00e3o que existe entre ambos e como o atual Pont\u00edfice continua a vis\u00e3o do seu antecessor.<\/p>\n<p style=\"text-align: justify;\">Em 14 de fevereiro de 2015, Bento XVI participou da cria\u00e7\u00e3o de 20 novos cardeais pelo Papa Francisco, e no dia 8 de dezembro do mesmo ano foi o primeiro peregrino a cruzar a Porta Santa da Bas\u00edlica de S\u00e3o Pedro, durante a inaugura\u00e7\u00e3o do Ano Santo da Miseric\u00f3rdia.<\/p>\n<p style=\"text-align: justify;\">Do mesmo modo, em 28 de junho de 2016, Bento XVI pronunciou algumas palavras ao seu sucessor. Durante os 65 anos de ordena\u00e7\u00e3o sacerdotal do Papa Francisco, o Papa Em\u00e9rito afirmou que \u201ca sua bondade, desde o primeiro momento da elei\u00e7\u00e3o, em cada momento da minha vida aqui, me toca, me leva, realmente, interiormente\u201d.<\/p>\n<p style=\"text-align: justify;\">\u201cMais do que nos Jardins do Vaticano, com a sua beleza, a Sua bondade \u00e9 o lugar onde eu moro: Sinto-me protegido\u201d, acrescentou.<\/p>\n<p style=\"text-align: justify;\"><strong>Uma vida de ora\u00e7\u00e3o<\/strong><\/p>\n<p style=\"text-align: justify;\">Em 11 de fevereiro de 2017, quatro anos depois da ren\u00fancia de Bento XVI ao pontificado, o Pe. Federico Lombardi, ex porta-voz do Vaticano, afirmou que o Papa alem\u00e3o vive em ora\u00e7\u00e3o e com muita discri\u00e7\u00e3o o seu servi\u00e7o de acompanhamento \u00e0 Igreja e de solidariedade com seu sucessor, o Papa Francisco.<\/p>\n<p style=\"text-align: justify;\">O sacerdote jesu\u00edta, que foi Diretor da Sala de Imprensa durante o pontificado de Bento XVI, disse que, embora a for\u00e7a f\u00edsica de Joseph Ratzinger esteja debilitada devido \u00e0 sua idade, &#8220;as for\u00e7as mentais e espirituais est\u00e3o perfeitas&#8221;.<\/p>\n<p style=\"text-align: justify;\">&#8220;Realmente \u00e9 muito bonito ter o Papa Em\u00e9rito que reza pela Igreja, pelo seu Sucessor. \u00c9 uma presen\u00e7a que sentimos. Sabemos que ele est\u00e1 presente e, embora n\u00e3o o vejamos com frequ\u00eancia, quando o vemos, todos n\u00f3s ficamos muito contentes, porque o amamos. Portanto, o sentimos como uma presen\u00e7a que nos acompanha, nos consola e nos tranquiliza&#8221;, afirmou o sacerdote, atual presidente da Funda\u00e7\u00e3o Joseph Ratzinger.<\/p>\n","protected":false},"excerpt":{"rendered":"<p>Depois de anunciar a sua decis\u00e3o de renunciar ao minist\u00e9rio em 11 de fevereiro, 2013, o Papa Em\u00e9rito Bento XVI fez a sua ren\u00fancia no dia 28 de fevereiro do mesmo ano, se transladou do Pal\u00e1cio Pontif\u00edcio do Vaticano a Castel Gandolfo. Em 28 de fevereiro de 2013, \u00e0s 17h07 (hora local), Bento XVI deixou [&hellip;]<\/p>\n","protected":false},"author":1,"featured_media":57214,"comment_status":"open","ping_status":"closed","sticky":false,"template":"","format":"standard","meta":{"footnotes":""},"categories":[4,13],"tags":[],"class_list":["post-57213","post","type-post","status-publish","format-standard","has-post-thumbnail","hentry","category-cotidiano","category-featured"],"_links":{"self":[{"href":"https:\/\/catolicanet.net\/wp-cnet\/wp-json\/wp\/v2\/posts\/57213","targetHints":{"allow":["GET"]}}],"collection":[{"href":"https:\/\/catolicanet.net\/wp-cnet\/wp-json\/wp\/v2\/posts"}],"about":[{"href":"https:\/\/catolicanet.net\/wp-cnet\/wp-json\/wp\/v2\/types\/post"}],"author":[{"embeddable":true,"href":"https:\/\/catolicanet.net\/wp-cnet\/wp-json\/wp\/v2\/users\/1"}],"replies":[{"embeddable":true,"href":"https:\/\/catolicanet.net\/wp-cnet\/wp-json\/wp\/v2\/comments?post=57213"}],"version-history":[{"count":1,"href":"https:\/\/catolicanet.net\/wp-cnet\/wp-json\/wp\/v2\/posts\/57213\/revisions"}],"predecessor-version":[{"id":57215,"href":"https:\/\/catolicanet.net\/wp-cnet\/wp-json\/wp\/v2\/posts\/57213\/revisions\/57215"}],"wp:featuredmedia":[{"embeddable":true,"href":"https:\/\/catolicanet.net\/wp-cnet\/wp-json\/wp\/v2\/media\/57214"}],"wp:attachment":[{"href":"https:\/\/catolicanet.net\/wp-cnet\/wp-json\/wp\/v2\/media?parent=57213"}],"wp:term":[{"taxonomy":"category","embeddable":true,"href":"https:\/\/catolicanet.net\/wp-cnet\/wp-json\/wp\/v2\/categories?post=57213"},{"taxonomy":"post_tag","embeddable":true,"href":"https:\/\/catolicanet.net\/wp-cnet\/wp-json\/wp\/v2\/tags?post=57213"}],"curies":[{"name":"wp","href":"https:\/\/api.w.org\/{rel}","templated":true}]}}