{"id":57209,"date":"2020-02-28T09:52:32","date_gmt":"2020-02-28T12:52:32","guid":{"rendered":"https:\/\/catolicanet.net\/wp-cnet\/?p=57209"},"modified":"2020-02-28T09:52:32","modified_gmt":"2020-02-28T12:52:32","slug":"papa-doa-reliquias-dos-santos-clemente-e-potito-a-neofit","status":"publish","type":"post","link":"https:\/\/catolicanet.net\/wp-cnet\/papa-doa-reliquias-dos-santos-clemente-e-potito-a-neofit\/","title":{"rendered":"Papa doa rel\u00edquias dos Santos Clemente e Potito a Neofit"},"content":{"rendered":"<div class=\"article__subTitle\" style=\"text-align: justify;\">O patriarca da Igreja Ortodoxa B\u00falgara definiu o gesto de Francisco como &#8220;fraterno&#8221;. As rel\u00edquias repousar\u00e3o para venera\u00e7\u00e3o na Bas\u00edlica de Santa Sofia, na capital b\u00falgara. Neofit tamb\u00e9m recordou outras duas rel\u00edquias doadas por Pont\u00edfices Romanos \u00e0 Igreja Ortodoxa da Bulg\u00e1ria: S\u00e3o D\u00e1cio de Dorostol pelo Papa Jo\u00e3o Paulo II em 2002 e S\u00e3o Jorge m\u00e1rtir, doada por Bento XVI em 2006.<\/div>\n<div class=\"title__separator\" style=\"text-align: justify;\"><\/div>\n<div class=\"article__text\">\n<p style=\"text-align: justify;\"><b>Cidade do Vaticano<\/b><\/p>\n<p style=\"text-align: justify;\">Em nome do Papa Francisco, o n\u00fancio apost\u00f3lico na Bulg\u00e1ria, Dom Anselmo Guido Pecorari doou na manh\u00e3 desta quinta-feira, 27, ao patriarca da Igreja Ortodoxa da Bulg\u00e1ria, o metropolita de S\u00f3fia Neofit, rel\u00edquias de S\u00e3o Clemente, Papa e m\u00e1rtir, e S\u00e3o Potito, m\u00e1rtir, dois Santos muito reverenciados pelos ortodoxos.<\/p>\n<div class=\"article__text\" style=\"text-align: justify;\">\n<p>O gesto, que ocorre ap\u00f3s a Visita Apost\u00f3lica do Santo Padre \u00e0 Bulg\u00e1ria em maio passado, teve lugar na Resid\u00eancia Patriarcal em S\u00f3fia, no \u00e2mbito de um caloroso encontro entre a delega\u00e7\u00e3o da Igreja Cat\u00f3lica presente na Bulg\u00e1ria e a delega\u00e7\u00e3o do patriarcado b\u00falgaro e metropolita de S\u00f3fia.<\/p>\n<p>Al\u00e9m do representante Pontif\u00edcio, do lado cat\u00f3lico estavam presentes Dom Christo Proykov, presidente da Confer\u00eancia Inter ritual b\u00falgara; mons. Stefan Manolov, vig\u00e1rio geral da Diocese de S\u00f3fia-Plovdiv; mons. Strahil Kavalenov, vig\u00e1rio geral da Diocese de Nicopoli; o rev. Jaroslaw Babik, OFMCap, p\u00e1roco da igreja da co-catedral de S\u00e3o Jos\u00e9 em S\u00f3fia, al\u00e9m de outros sacerdotes e leigos envolvidos na visita do Papa Francisco \u00e0 Bulg\u00e1ria.<\/p>\n<p>O patriarca Neofit estava acompanhado pelo bispo Policarpo, vig\u00e1rio do patriarca da cidade de S\u00f3fia; pelo rev. Vasili, secret\u00e1rio geral da Arquidiocese de S\u00f3fia; pelo reitor da Bas\u00edlica de Santa Sofia, rev. Angel Angelov, al\u00e9m de outros sacerdotes e di\u00e1conos da Igreja Ortodoxa da Bulg\u00e1ria. A delega\u00e7\u00e3o cat\u00f3lica foi recebida com sinos no p\u00e1tio da sede da Arquidiocese de S\u00f3fia.<\/p>\n<p>Depois de ter entregue as rel\u00edquias, o n\u00fancio afirmou que &#8220;hoje a rel\u00edquia de S\u00e3o Clemente Papa retorna, com a de S\u00e3o Potito, a essas terras, onde os dois Santos m\u00e1rtires viveram e testemunharam a obra mission\u00e1ria dos Santos Cirilo e Met\u00f3dio\u201d.<\/p>\n<h2>Rel\u00edquias ficar\u00e3o na Bas\u00edlica de Santa Sofia<\/h2>\n<p>As rel\u00edquias dos Santos Clemente, Papa e M\u00e1rtir, e Potito m\u00e1rtir, ser\u00e3o preservadas e veneradas na antiga Bas\u00edlica de Santa Sofia, cuja constru\u00e7\u00e3o remonta ao tempo em que a Igreja ainda n\u00e3o estava dividida.<\/p>\n<p>As celebra\u00e7\u00f5es relacionadas \u00e0s rel\u00edquias continuar\u00e3o nos dias 24 e 25 de mar\u00e7o, quando ser\u00e3o oficialmente trasladadas da Metropolia de Sofia para a Bas\u00edlica de Santa Sofia, em programa ainda a ser definido.<\/p>\n<h2>Trabalhar e rezar pela unidade dos crist\u00e3os<\/h2>\n<p>Ao recordar a visita do Papa Francisco \u00e0 Bulg\u00e1ria em maio passado, Dom Pecorari citou as palavras do Santo Padre, que havia enfatizado\u201d o que une a Igreja Ortodoxa da Bulg\u00e1ria \u00e0 Igreja de Roma, mesmo n\u00e3o existindo a plena comunh\u00e3o, e na diversidade de Tradi\u00e7\u00f5es. O precioso dom das rel\u00edquias \u00e9 um sinal do desejo do Papa em buscar e rezar pela unidade dos crist\u00e3os e pelo respeito m\u00fatuo que caracteriza a rela\u00e7\u00e3o entre a Santa S\u00e9 e o Patriarcado Ortodoxo da Bulg\u00e1ria.&#8221;<\/p>\n<h2>Gesto fraterno<\/h2>\n<p>Ap\u00f3s receber o presente do Santo Padre, o patriarca Neofit expressou sua alegria espiritual pelo presente das rel\u00edquias &#8220;como um gesto fraterno \u00e0 Igreja Ortodoxa da Bulg\u00e1ria ap\u00f3s a visita de Sua Santidade o Papa Francisco \u00e0 Bulg\u00e1ria, em maio de 2019&#8221;.<\/p>\n<p>&#8220;\u00c9 uma grande b\u00ean\u00e7\u00e3o para nossa Igreja Ortodoxa b\u00falgara, como cust\u00f3dia e continuadora do trabalho dos Santos Irm\u00e3os Cirilo e Met\u00f3dio e seus Santos disc\u00edpulos, receber um fragmento das rel\u00edquias sagradas do vener\u00e1vel Papa Clemente, fundador da Igreja S\u00e9rdica e seu primeiro bispo, como uma ponte espiritual entre a Igreja da Bulg\u00e1ria e a Igreja de Roma\u201d, disse Neofit em seu pronunciamento, recordando entre outros, \u00a0a habitual peregrina\u00e7\u00e3o de membros da Igreja Ortodoxa B\u00falgara \u00e0 Bas\u00edlica de S\u00e3o Clemente em Roma todo dia 24 de maio, festa dos SS. Cirilo e Met\u00f3dio.<\/p>\n<h2>Nos passos de S\u00e3o Jo\u00e3o Paulo II e Bento XVI<\/h2>\n<p>O patriarca tamb\u00e9m recordou outras duas rel\u00edquias doadas por Pont\u00edfices Romanos \u00e0 Igreja Ortodoxa da Bulg\u00e1ria &#8211; S\u00e3o D\u00e1cio de Dorostol pelo Papa Jo\u00e3o Paulo II em 2002 e S\u00e3o Jorge m\u00e1rtir, doada por Bento XVI em 2006.<\/p>\n<p>&#8220;O testemunho da f\u00e9 dos Santos e dos m\u00e1rtires de Cristo \u00e9 uma prova clara de nossas boas rela\u00e7\u00f5es, que permanecem e continuar\u00e3o a existir na paz, na compreens\u00e3o e no respeito rec\u00edproco\u201d, reiterou Neofit.<\/p>\n<h2>Os dois Santos<\/h2>\n<p>Segundo uma antiga tradi\u00e7\u00e3o, S\u00e3o Clemente e S\u00e3o Potito est\u00e3o ligados \u00e0 antigo S\u00e9rdica, o nome original de S\u00f3fia, e S\u00e3o Clemente \u00e9 considerado o primeiro bispo da S\u00e9rdica. Os Santos irm\u00e3os Cirilo e Met\u00f3dio, autores do alfabeto cir\u00edlico, levaram a Roma solenemente apenas o corpo do Papa S\u00e3o Clemente. No &#8220;Grande Munus&#8221;, l\u00ea-se que: \u201c&#8230; (os dois irm\u00e3os) que partiram para Roma, levaram com eles as rel\u00edquias de S\u00e3o Clemente. Com a not\u00edcia, Adriano II, que sucedeu o falecido Nicolau, acompanhado pelo Clero e pelo povo para testemunhar uma grande honra, saiu ao encontro dos ilustres h\u00f3spedes.<\/p>\n<p>O corpo de S\u00e3o Clemente, glorificado por prod\u00edgios repentinos, com solene pompa foi levado para a Bas\u00edlica erguida na \u00e9poca de Constantino sobre as ru\u00ednas da casa paterna do corajoso m\u00e1rtir&#8230; &#8220;.<\/p>\n<p>S\u00e3o Potito era originalmente da S\u00e9rdica, tendo sido martirizado na \u00e9poca do imperador Antoninus Pius e enterrado na Ap\u00falia italiana, na atual cidade de Tricarico. Ele \u00e9 um dos 10 Santos de S\u00f3fia e seu nome est\u00e1 ligado a muitas curas milagrosas. Suas rel\u00edquias se encontram na Ap\u00falia. Ele \u00e9 considerado o primeiro m\u00e1rtir de Sofia.<\/p>\n<\/div>\n<div class=\"article__embed article__embed--out article__embed--dark article__embed--photogallery\" style=\"text-align: justify;\">\n<h2 class=\"assistive-text\"><img loading=\"lazy\" decoding=\"async\" class=\"alignnone size-full wp-image-57211\" src=\"https:\/\/catolicanet.net\/wp-cnet\/wp-content\/uploads\/cq5dam.thumbnail.cropped.750.422-5.jpeg\" alt=\"\" width=\"750\" height=\"422\" srcset=\"https:\/\/catolicanet.net\/wp-cnet\/wp-content\/uploads\/cq5dam.thumbnail.cropped.750.422-5.jpeg 750w, https:\/\/catolicanet.net\/wp-cnet\/wp-content\/uploads\/cq5dam.thumbnail.cropped.750.422-5-300x169.jpeg 300w, https:\/\/catolicanet.net\/wp-cnet\/wp-content\/uploads\/cq5dam.thumbnail.cropped.750.422-5-600x338.jpeg 600w, https:\/\/catolicanet.net\/wp-cnet\/wp-content\/uploads\/cq5dam.thumbnail.cropped.750.422-5-696x392.jpeg 696w, https:\/\/catolicanet.net\/wp-cnet\/wp-content\/uploads\/cq5dam.thumbnail.cropped.750.422-5-746x420.jpeg 746w\" sizes=\"auto, (max-width: 750px) 100vw, 750px\" \/><\/h2>\n<\/div>\n<p style=\"text-align: justify;\">Delega\u00e7\u00f5es Cat\u00f3lica e Ortodoxa na Resid\u00eancia Patriarcal em S\u00f3fia<\/p>\n<\/div>\n","protected":false},"excerpt":{"rendered":"<p>O patriarca da Igreja Ortodoxa B\u00falgara definiu o gesto de Francisco como &#8220;fraterno&#8221;. As rel\u00edquias repousar\u00e3o para venera\u00e7\u00e3o na Bas\u00edlica de Santa Sofia, na capital b\u00falgara. Neofit tamb\u00e9m recordou outras duas rel\u00edquias doadas por Pont\u00edfices Romanos \u00e0 Igreja Ortodoxa da Bulg\u00e1ria: S\u00e3o D\u00e1cio de Dorostol pelo Papa Jo\u00e3o Paulo II em 2002 e S\u00e3o Jorge [&hellip;]<\/p>\n","protected":false},"author":1,"featured_media":57210,"comment_status":"open","ping_status":"closed","sticky":false,"template":"","format":"standard","meta":{"footnotes":""},"categories":[3],"tags":[],"class_list":["post-57209","post","type-post","status-publish","format-standard","has-post-thumbnail","hentry","category-vaticano"],"_links":{"self":[{"href":"https:\/\/catolicanet.net\/wp-cnet\/wp-json\/wp\/v2\/posts\/57209","targetHints":{"allow":["GET"]}}],"collection":[{"href":"https:\/\/catolicanet.net\/wp-cnet\/wp-json\/wp\/v2\/posts"}],"about":[{"href":"https:\/\/catolicanet.net\/wp-cnet\/wp-json\/wp\/v2\/types\/post"}],"author":[{"embeddable":true,"href":"https:\/\/catolicanet.net\/wp-cnet\/wp-json\/wp\/v2\/users\/1"}],"replies":[{"embeddable":true,"href":"https:\/\/catolicanet.net\/wp-cnet\/wp-json\/wp\/v2\/comments?post=57209"}],"version-history":[{"count":1,"href":"https:\/\/catolicanet.net\/wp-cnet\/wp-json\/wp\/v2\/posts\/57209\/revisions"}],"predecessor-version":[{"id":57212,"href":"https:\/\/catolicanet.net\/wp-cnet\/wp-json\/wp\/v2\/posts\/57209\/revisions\/57212"}],"wp:featuredmedia":[{"embeddable":true,"href":"https:\/\/catolicanet.net\/wp-cnet\/wp-json\/wp\/v2\/media\/57210"}],"wp:attachment":[{"href":"https:\/\/catolicanet.net\/wp-cnet\/wp-json\/wp\/v2\/media?parent=57209"}],"wp:term":[{"taxonomy":"category","embeddable":true,"href":"https:\/\/catolicanet.net\/wp-cnet\/wp-json\/wp\/v2\/categories?post=57209"},{"taxonomy":"post_tag","embeddable":true,"href":"https:\/\/catolicanet.net\/wp-cnet\/wp-json\/wp\/v2\/tags?post=57209"}],"curies":[{"name":"wp","href":"https:\/\/api.w.org\/{rel}","templated":true}]}}