{"id":57151,"date":"2020-02-26T15:34:22","date_gmt":"2020-02-26T18:34:22","guid":{"rendered":"https:\/\/catolicanet.net\/wp-cnet\/?p=57151"},"modified":"2020-02-26T15:34:22","modified_gmt":"2020-02-26T18:34:22","slug":"papa-quaresma-tempo-de-se-desligar-do-celular-e-se-conectar-com-o-evangelho","status":"publish","type":"post","link":"https:\/\/catolicanet.net\/wp-cnet\/papa-quaresma-tempo-de-se-desligar-do-celular-e-se-conectar-com-o-evangelho\/","title":{"rendered":"Papa: Quaresma, tempo de se desligar do celular e se conectar com o Evangelho"},"content":{"rendered":"<div class=\"article__subTitle\" style=\"text-align: justify;\">Francisco disse ainda que a Quaresma &#8220;\u00e9 o tempo de renunciar a palavras in\u00fateis, conversinhas, fofocas, mexericos e se aproximar do Senhor. \u00c9 o tempo de se dedicar a uma ecologia saud\u00e1vel do cora\u00e7\u00e3o, fazer uma limpeza nele&#8221;.<\/div>\n<div class=\"title__separator\" style=\"text-align: justify;\"><\/div>\n<div class=\"article__text\">\n<p style=\"text-align: justify;\"><b>Mariangela Jaguraba &#8211; Cidade do Vaticano<\/b><\/p>\n<p style=\"text-align: justify;\">\u201cQuaresma, entrar no deserto.\u201d Este foi o tema da catequese do Papa Francisco na Audi\u00eancia Geral desta Quarta-feira de Cinzas (26\/02), na Pra\u00e7a S\u00e3o Pedro.<\/p>\n<p style=\"text-align: justify;\">\u201cHoje, iniciamos o caminho quaresmal, caminho de quarenta dias em dire\u00e7\u00e3o \u00e0 P\u00e1scoa, rumo ao cora\u00e7\u00e3o do ano lit\u00fargico e da f\u00e9\u201d, sublinhou Francisco. \u201c\u00c9 um caminho que segue o de Jesus, que no in\u00edcio de seu minist\u00e9rio se retirou por quarenta dias para rezar e jejuar, tentado pelo diabo, no deserto.\u201d<\/p>\n<h2 style=\"text-align: justify;\">O deserto \u00e9 o lugar da Palavra de Deus<\/h2>\n<p style=\"text-align: justify;\">A seguir, o Papa se deteve no \u201csignificado espiritual do deserto, o que significa espiritualmente o deserto para todos n\u00f3s, tamb\u00e9m para n\u00f3s que vivemos na cidade\u201d e convidou os fi\u00e9is a imaginarem de estar num deserto. \u201cA primeira sensa\u00e7\u00e3o seria de estar envolvidos num grande sil\u00eancio: sem barulho, a n\u00e3o ser do vento e da nossa respira\u00e7\u00e3o\u201d, disse ele.<\/p>\n<p style=\"text-align: justify;\"><iframe loading=\"lazy\"  id=\"_ytid_72963\"  width=\"696\" height=\"392\"  data-origwidth=\"696\" data-origheight=\"392\"  data-relstop=\"1\" src=\"https:\/\/www.youtube.com\/embed\/MMoiPjTaDB0?enablejsapi=1&autoplay=0&cc_load_policy=0&cc_lang_pref=&iv_load_policy=1&loop=0&rel=0&fs=1&playsinline=0&autohide=2&theme=dark&color=red&controls=1&disablekb=0&\" class=\"__youtube_prefs__  no-lazyload\" title=\"YouTube player\"  allow=\"fullscreen; accelerometer; autoplay; clipboard-write; encrypted-media; gyroscope; picture-in-picture; web-share\" referrerpolicy=\"strict-origin-when-cross-origin\" allowfullscreen data-no-lazy=\"1\" data-skipgform_ajax_framebjll=\"\"><\/iframe><\/p>\n<p style=\"text-align: justify;\"><i>O deserto \u00e9 o lugar em que se toma dist\u00e2ncia do barulho que nos circunda. \u00c9 aus\u00eancia de palavras para dar espa\u00e7o a outra Palavra, a Palavra de Deus, que acaricia o nosso cora\u00e7\u00e3o como a brisa suave. O deserto \u00e9 o lugar da Palavra, com letra mai\u00fascula. Na B\u00edblia, o Senhor gosta de conversar conosco no deserto. No deserto, ele entrega a Mois\u00e9s as \u201cdez palavras&#8221;, os dez mandamentos. E quando o povo se afasta Dele, tornando-se como uma noiva infiel, Deus diz: \u00abVou lev\u00e1-la ao deserto e conquistar seu cora\u00e7\u00e3o. L\u00e1 me responder\u00e1, como nos dias de sua juventude\u00bb. No deserto, se ouve a Palavra de Deus, que \u00e9 como um som suave.<\/i><\/p>\n<h2 style=\"text-align: justify;\">Quaresma, tempo de se desligar do celular e abrir a B\u00edblia<\/h2>\n<p style=\"text-align: justify;\"><b>\u201cNo deserto, encontra-se a intimidade com Deus, o amor do Senhor. <\/b>Jesus gostava de retirar-se todos os dias para lugares desertos para rezar. Ele nos ensinou a procurar o Pai, que nos fala no sil\u00eancio\u201d, disse ainda Francisco, acrescentando:<\/p>\n<div style=\"text-align: justify;\">\n<div class=\"article__embed article__embed--border embed_style\">\n<blockquote><p>\u201cA Quaresma \u00e9 o tempo prop\u00edcio para abrir espa\u00e7o \u00e0 Palavra de Deus. \u00c9 o tempo para desligar a televis\u00e3o e abrir a B\u00edblia. \u00c9 o tempo para se desligar do telefone celular e se conectar com o Evangelho. \u00c9 o tempo de renunciar a palavras in\u00fateis, conversinhas, fofocas, mexericos e se aproximar do Senhor. \u00c9 o tempo de se dedicar a uma ecologia saud\u00e1vel do cora\u00e7\u00e3o, fazer uma limpeza nele. Vivemos num ambiente polu\u00eddo por muita viol\u00eancia verbal, por muitas palavras ofensivas e nocivas, que a rede amplifica.\u201d<\/p><\/blockquote>\n<\/div>\n<\/div>\n<p style=\"text-align: justify;\"><b>&#8220;Hoje, se insulta como se dissesse \u201cBom dia\u201d. Somos submergidos de palavras vazias, publicidades e an\u00fancios falsos. Nos acostumamos a ouvir tudo sobre todos e corremos o risco de cair num mundanismo que atrofia os nossos cora\u00e7\u00f5es. <\/b>Custamos para distinguir a voz do Senhor que nos fala, a voz da consci\u00eancia, do bem. Jesus, chamando-nos no deserto, nos convida a prestar aten\u00e7\u00e3o no que interessa, no que \u00e9 importante, no essencial.&#8221;<\/p>\n<h2 style=\"text-align: justify;\">O deserto \u00e9 o lugar essencial<\/h2>\n<p style=\"text-align: justify;\">Ao diabo que o tentou, Jesus respondeu: \u201cO homem n\u00e3o viver\u00e1 somente de p\u00e3o, mas de toda palavra que sai da boca de Deus\u201d. \u201cMais que o p\u00e3o, precisamos da Palavra de Deus, precisamos falar com Deus: rezar\u201d, disse ainda o Papa.<\/p>\n<p style=\"text-align: justify;\"><b>\u201cO deserto \u00e9 o lugar do essencial.\u00a0Olhemos para as nossas vidas: quantas coisas in\u00fateis nos circundam. Seguimos mil coisas que parecem necess\u00e1rias, mas na realidade n\u00e3o s\u00e3o<\/b>. Nos far\u00e1 bem nos libertar de muitas realidades sup\u00e9rfluas a fim de redescobrir o que interessa e reencontrar o rosto de quem est\u00e1 ao nosso lado.\u201d E sobre isso, Jesus nos d\u00e1 o exemplo, jejuando. <b>\u201cJejuar \u00e9 saber renunciar \u00e0s coisas v\u00e3s, sup\u00e9rfluas, para ir ao essencial.<\/b> Jejuar n\u00e3o \u00e9 apenas para emagrecer, jejuar \u00e9 ir ao essencial, \u00e9 buscar a beleza de uma vida mais simples\u201d, sublinhou Francisco.<\/p>\n<h2 style=\"text-align: justify;\">O deserto \u00e9 o lugar da solid\u00e3o<\/h2>\n<p style=\"text-align: justify;\">Por fim, o Papa disse que <b>o deserto \u201c\u00e9 o lugar da solid\u00e3o\u201d.<\/b>\u00a0&#8220;Ainda hoje, perto de n\u00f3s, existem muitos desertos, muitas pessoas sozinhas. S\u00e3o pessoas s\u00f3s e abandonadas&#8221;.<\/p>\n<div style=\"text-align: justify;\">\n<div class=\"article__embed article__embed--border embed_style\">\n<blockquote><p>\u201cQuantos pobres e idosos est\u00e3o ao nosso lado e vivem em sil\u00eancio, sem fazer barulho, marginalizados e descartados!\u201d<\/p><\/blockquote>\n<\/div>\n<\/div>\n<p style=\"text-align: justify;\">&#8220;Falar sobre eles n\u00e3o faz audi\u00eancia. Mas o deserto nos leva a eles, \u00e0queles que, em sil\u00eancio, pedem a nossa ajuda. Muitos olhares silenciosos que pedem a nossa ajuda. <b>O caminho no deserto quaresmal \u00e9 um caminho da caridade para com os vulner\u00e1veis. Ora\u00e7\u00e3o, jejum e obras de caridade: eis o caminho no deserto quaresmal\u201d<\/b>, concluiu o Papa.<\/p>\n<\/div>\n","protected":false},"excerpt":{"rendered":"<p>Francisco disse ainda que a Quaresma &#8220;\u00e9 o tempo de renunciar a palavras in\u00fateis, conversinhas, fofocas, mexericos e se aproximar do Senhor. \u00c9 o tempo de se dedicar a uma ecologia saud\u00e1vel do cora\u00e7\u00e3o, fazer uma limpeza nele&#8221;. Mariangela Jaguraba &#8211; Cidade do Vaticano \u201cQuaresma, entrar no deserto.\u201d Este foi o tema da catequese do [&hellip;]<\/p>\n","protected":false},"author":1,"featured_media":57152,"comment_status":"open","ping_status":"closed","sticky":false,"template":"","format":"standard","meta":{"footnotes":""},"categories":[3],"tags":[],"class_list":["post-57151","post","type-post","status-publish","format-standard","has-post-thumbnail","hentry","category-vaticano"],"_links":{"self":[{"href":"https:\/\/catolicanet.net\/wp-cnet\/wp-json\/wp\/v2\/posts\/57151","targetHints":{"allow":["GET"]}}],"collection":[{"href":"https:\/\/catolicanet.net\/wp-cnet\/wp-json\/wp\/v2\/posts"}],"about":[{"href":"https:\/\/catolicanet.net\/wp-cnet\/wp-json\/wp\/v2\/types\/post"}],"author":[{"embeddable":true,"href":"https:\/\/catolicanet.net\/wp-cnet\/wp-json\/wp\/v2\/users\/1"}],"replies":[{"embeddable":true,"href":"https:\/\/catolicanet.net\/wp-cnet\/wp-json\/wp\/v2\/comments?post=57151"}],"version-history":[{"count":1,"href":"https:\/\/catolicanet.net\/wp-cnet\/wp-json\/wp\/v2\/posts\/57151\/revisions"}],"predecessor-version":[{"id":57153,"href":"https:\/\/catolicanet.net\/wp-cnet\/wp-json\/wp\/v2\/posts\/57151\/revisions\/57153"}],"wp:featuredmedia":[{"embeddable":true,"href":"https:\/\/catolicanet.net\/wp-cnet\/wp-json\/wp\/v2\/media\/57152"}],"wp:attachment":[{"href":"https:\/\/catolicanet.net\/wp-cnet\/wp-json\/wp\/v2\/media?parent=57151"}],"wp:term":[{"taxonomy":"category","embeddable":true,"href":"https:\/\/catolicanet.net\/wp-cnet\/wp-json\/wp\/v2\/categories?post=57151"},{"taxonomy":"post_tag","embeddable":true,"href":"https:\/\/catolicanet.net\/wp-cnet\/wp-json\/wp\/v2\/tags?post=57151"}],"curies":[{"name":"wp","href":"https:\/\/api.w.org\/{rel}","templated":true}]}}