{"id":5714,"date":"2015-04-13T17:54:58","date_gmt":"2015-04-13T20:54:58","guid":{"rendered":"http:\/\/catolicanet.net\/wp-cnet\/50-anos-de-concilio-e-cnbb\/"},"modified":"2017-04-07T13:18:57","modified_gmt":"2017-04-07T16:18:57","slug":"50-anos-de-concilio-e-cnbb","status":"publish","type":"post","link":"https:\/\/catolicanet.net\/wp-cnet\/50-anos-de-concilio-e-cnbb\/","title":{"rendered":"50 anos de Conc\u00edlio e CNBB"},"content":{"rendered":"<p style=\"text-align: justify;\"> A CNBB est\u00e1 em assembl\u00e9ia. E\u00b4 a sua 53\u00aa, numa hist\u00f3ria de 63 anos. Se algu\u00e9m perguntar por que os numeroso n\u00e3o coincidem, a raz\u00e3o est\u00e1 no fato de que, nos seus primeiros anos, a CNBB fazia suas assembl\u00e9ias de dois em dois anos.\u00a0 <br \/> Esta que est\u00e1 agora se realizando quer assinalar uma data muito significativa: os 50 anos da conclus\u00e3o do Conc\u00edlio Vaticano II.\u00a0 <br \/> S\u00f3 para recordar os passos do Conc\u00edlio que veio mexer com toda a Igreja em pleno s\u00e9culo vinte, ele foi anunciado pelo Papa Jo\u00e3o 23, em 25 de janeiro de 1959, foi convocado oficialmente no Natal de 1961, foi inaugurado no dia 11\u00a0 de outubro de 1962, e se desdobrou em quatro sess\u00f5es anuais, tendo encerrado oficialmente seus trabalhos no dia 08 de dezembro de 1965.<br \/> Estamos, portanto, no ano em que se comemoram os 50 anos da conclus\u00e3o do maior evento da Igreja Cat\u00f3lica nos \u00faltimos s\u00e9culos, cujas conseq\u00fc\u00eancias ainda n\u00e3o se esgotaram. <br \/> De fato, o Conc\u00edlio permanece como refer\u00eancia indispens\u00e1vel para situar hoje tudo o que acontece dentro da Igreja. E poder\u00edamos alargar os horizontes, para perceber que o Conc\u00edlio criou um novo marco tamb\u00e9m no relacionamento com as outras Igrejas crist\u00e3s, e tamb\u00e9m com a sociedade. <br \/> Foi a partir do Conc\u00edlio que a Igreja foi colocando em pr\u00e1tica a grande intui\u00e7\u00e3o de Jo\u00e3o 23, de fazer\u00a0 um \u201caggiornamento\u201d \u2013 palavra que ele gostava de usar \u2013 isto \u00e9, uma renova\u00e7\u00e3o profunda da Igreja, para que ela pudesse se situar no mundo de hoje, com quem ela deseja dialogar e contribuir para a aproxima\u00e7\u00e3o entre na\u00e7\u00f5es e as culturas do nosso tempo. <br \/> A CNBB dedicou, na verdade, suas quatro \u00faltimas assembl\u00e9ias para lembrar o Conc\u00edlio, assumindo o ritmo que o pr\u00f3prio Conc\u00edlio imprimiu, com suas sess\u00f5es anuais. <br \/> Com a elei\u00e7\u00e3o do Papa Francisco, os ideais e as propostas do conc\u00edlio retomaram novo impulso, de maneira surpreendente.\u00a0 Pois n\u00e3o s\u00f3 ele se inspira em seus documentos, mas encontra maneiras de mostrar como a Igreja pode integrar em sua vida pr\u00e1tica as grandes intui\u00e7\u00f5es do Conc\u00edlio. <br \/> Agora, contando com o referencial te\u00f3rico do Conc\u00edlio j\u00e1 consolidado, depois de 50 anos de sua implementa\u00e7\u00e3o, e contando com os insistentes apelos do Papa Francisco, que deseja uma Igreja aberta, que saia \u00e0s ruas, e v\u00e1 ao encontro das pessoas, a CNBB tem uma indica\u00e7\u00e3o muito clara para ser traduzida em \u201cdiretrizes pastorais\u201d, como ela pretende oficialmente fazer nesta assembl\u00e9ia.<br \/> Portanto, finalmente, daria para dizer que a Igreja Cat\u00f3lica est\u00e1 em estado de \u201cp\u00f3s conc\u00edlio\u201d.\u00a0 Mesmo constatando que muitas das intui\u00e7\u00f5es comportam ainda outras iniciativas de renova\u00e7\u00e3o, que n\u00e3o encontraram ainda ambiente favor\u00e1vel para serem atuadas. <br \/> Perguntado um dia sobre quais seriam os desafios p\u00f3s conciliares da Igreja, o Cardeal Martini resumiu as urg\u00eancias em tr\u00eas grandes pontos. A Igreja deveria retomar o amplo processo de \u201cincultura\u00e7\u00e3o\u201d do Evangelho, que ela soube muito bem fazer nos primeiros s\u00e9culos no imp\u00e9rio romano. Em segundo lugar, deveria emprender, de vez, uma aproxima\u00e7\u00e3o com as outras denomina\u00e7\u00f5es crist\u00e3s, para acabar de vez com a desuni\u00e3o entre os crist\u00e3os. E internamente, a Igreja deveria empreender uma ampla renova\u00e7\u00e3o dos seus minist\u00e9rios, desde o minist\u00e9rio do papa at\u00e9 os minist\u00e9rios leigos. <br \/> Nas tr\u00eas dire\u00e7\u00f5es apontadas, a Igreja ainda o que fazer!\u00a0 Em todo o caso, continuando sua pr\u00e1tica dos gestos simb\u00f3licos, para dizer que agora n\u00f3s partimos do Conc\u00edlio, ele convocou um \u201cano santo extraordin\u00e1rio da miseric\u00f3rdia\u201d, a iniciar no pr\u00f3ximo dia 08 de dezembro. Se algu\u00e9m perguntar pela data, devemos logo apontar para o Conc\u00edlio. Ele se encerrou no dia 08 de dezembro de 1965. Ele continua inspirando as grandes iniciativas da Igreja. Tamb\u00e9m o seu novo \u201cano da miseric\u00f3rdia\u201d. Tudo em decorr\u00eancia do Conc\u00edlio!<\/p>\n","protected":false},"excerpt":{"rendered":"<p>A CNBB est\u00e1 em assembl\u00e9ia. E\u00b4 a sua 53\u00aa, numa hist\u00f3ria de 63 anos. Se algu\u00e9m perguntar por que os numeroso n\u00e3o coincidem, a raz\u00e3o est\u00e1 no fato de que, nos seus primeiros anos, a CNBB fazia suas assembl\u00e9ias de dois em dois anos.\u00a0 Esta que est\u00e1 agora se realizando quer assinalar uma data muito [&hellip;]<\/p>\n","protected":false},"author":9,"featured_media":0,"comment_status":"closed","ping_status":"closed","sticky":false,"template":"","format":"standard","meta":{"footnotes":""},"categories":[9],"tags":[],"class_list":["post-5714","post","type-post","status-publish","format-standard","hentry","category-artigos"],"_links":{"self":[{"href":"https:\/\/catolicanet.net\/wp-cnet\/wp-json\/wp\/v2\/posts\/5714","targetHints":{"allow":["GET"]}}],"collection":[{"href":"https:\/\/catolicanet.net\/wp-cnet\/wp-json\/wp\/v2\/posts"}],"about":[{"href":"https:\/\/catolicanet.net\/wp-cnet\/wp-json\/wp\/v2\/types\/post"}],"author":[{"embeddable":true,"href":"https:\/\/catolicanet.net\/wp-cnet\/wp-json\/wp\/v2\/users\/9"}],"replies":[{"embeddable":true,"href":"https:\/\/catolicanet.net\/wp-cnet\/wp-json\/wp\/v2\/comments?post=5714"}],"version-history":[{"count":1,"href":"https:\/\/catolicanet.net\/wp-cnet\/wp-json\/wp\/v2\/posts\/5714\/revisions"}],"predecessor-version":[{"id":10438,"href":"https:\/\/catolicanet.net\/wp-cnet\/wp-json\/wp\/v2\/posts\/5714\/revisions\/10438"}],"wp:attachment":[{"href":"https:\/\/catolicanet.net\/wp-cnet\/wp-json\/wp\/v2\/media?parent=5714"}],"wp:term":[{"taxonomy":"category","embeddable":true,"href":"https:\/\/catolicanet.net\/wp-cnet\/wp-json\/wp\/v2\/categories?post=5714"},{"taxonomy":"post_tag","embeddable":true,"href":"https:\/\/catolicanet.net\/wp-cnet\/wp-json\/wp\/v2\/tags?post=5714"}],"curies":[{"name":"wp","href":"https:\/\/api.w.org\/{rel}","templated":true}]}}