{"id":57130,"date":"2020-02-23T14:32:27","date_gmt":"2020-02-23T17:32:27","guid":{"rendered":"https:\/\/catolicanet.net\/wp-cnet\/?p=57130"},"modified":"2020-02-26T14:36:18","modified_gmt":"2020-02-26T17:36:18","slug":"dignidade-perdida","status":"publish","type":"post","link":"https:\/\/catolicanet.net\/wp-cnet\/dignidade-perdida\/","title":{"rendered":"Dignidade perdida"},"content":{"rendered":"<p style=\"text-align: justify;\">A partir da consulta de algum dicion\u00e1rio, pode-se dizer que \u201ca dignidade baseia-se no reconhecimento da pessoa digna de respeito\u201d. Realmente \u00e9 uma necessidade emocional presente na vida de cada ser humano, podendo ter reconhecimento p\u00fablico de se ter feito bem as coisas. Essa dignidade n\u00e3o pode ser perdida, porque \u00e9 ela que d\u00e1 sustenta\u00e7\u00e3o e fundamento para firmeza na esperan\u00e7a.<\/p>\n<p style=\"text-align: justify;\">Ningu\u00e9m pode viver perdido na vida, e muito menos sem dignidade. O sentido real do bem viver est\u00e1 centrado nos encontros que acontecem com o outro e com Deus. Muitas pessoas recuperam a dignidade no contato e no exerc\u00edcio das propostas de Jesus Cristo. \u00c9 o caminho da justi\u00e7a e da verdade. Um itiner\u00e1rio com marcas de falsidade e irresponsabilidade conduzem \u00e0 perda da dignidade.<\/p>\n<p style=\"text-align: justify;\">A pessoa humana, desde seu nascimento, est\u00e1 sujeita \u00e0 interven\u00e7\u00e3o divina e vai sendo modelada e fortalecida como ser vivente. N\u00e3o h\u00e1 vida e dignidade sem Deus. Isso pode ser perdido na medida em que aparecem as crises existenciais, que trazem como consequ\u00eancias desastrosas uma profunda desarmonia interior e muitas dificuldades nas rela\u00e7\u00f5es de conviv\u00eancia e fraternidade.<\/p>\n<p style=\"text-align: justify;\">Na Carta aos Romanos, Paulo mostra a exist\u00eancia da morte e da vida, representado pelas pessoas de Ad\u00e3o e Jesus. Enquanto Ad\u00e3o \u00e9 identificado como provocador de desarmonia, da perda de dignidade e da morte, Jesus faz um caminho inverso para recuperar o que o povo de Deus tenha perdido, isto \u00e9, a dignidade da vida e a sua capacidade de relacionamento com Deus (cf. Rm 5,12-19).<\/p>\n<p style=\"text-align: justify;\">A dignidade perdida representa esvaziamento de tudo \u00e0quilo que \u00e9 capaz de dar real sustenta\u00e7\u00e3o para a exist\u00eancia humana. \u00c9 realidade que atinge a vida f\u00edsica, a psicol\u00f3gica e a espiritual das pessoas. Assim elas fazem uma hist\u00f3ria sem conte\u00fado, vazia, sem sentido e sem saber para onde est\u00e3o caminhando. Esse vazio precisa ser preenchido e dar verdadeira sustenta\u00e7\u00e3o para a esperan\u00e7a.<\/p>\n<p style=\"text-align: justify;\">O mundo tem muitos sinais vis\u00edveis de morte e de vida. \u00c9 justamente nesse meio que as pessoas vivem, mas sofrendo todos os tipos de ataques e conflitos, ou mesmo de tenta\u00e7\u00f5es. Acabam sendo fragilizadas perante os confrontos. Nessa situa\u00e7\u00e3o, o ser humano precisa entender seus limites e confiar na a\u00e7\u00e3o de Deus. N\u00e3o existe dignidade adquirida apenas com as possibilidades humanas.<\/p>\n","protected":false},"excerpt":{"rendered":"<p>A partir da consulta de algum dicion\u00e1rio, pode-se dizer que \u201ca dignidade baseia-se no reconhecimento da pessoa digna de respeito\u201d. Realmente \u00e9 uma necessidade emocional presente na vida de cada ser humano, podendo ter reconhecimento p\u00fablico de se ter feito bem as coisas. Essa dignidade n\u00e3o pode ser perdida, porque \u00e9 ela que d\u00e1 sustenta\u00e7\u00e3o [&hellip;]<\/p>\n","protected":false},"author":11,"featured_media":55820,"comment_status":"open","ping_status":"closed","sticky":false,"template":"","format":"standard","meta":{"footnotes":""},"categories":[9],"tags":[],"class_list":["post-57130","post","type-post","status-publish","format-standard","has-post-thumbnail","hentry","category-artigos"],"_links":{"self":[{"href":"https:\/\/catolicanet.net\/wp-cnet\/wp-json\/wp\/v2\/posts\/57130","targetHints":{"allow":["GET"]}}],"collection":[{"href":"https:\/\/catolicanet.net\/wp-cnet\/wp-json\/wp\/v2\/posts"}],"about":[{"href":"https:\/\/catolicanet.net\/wp-cnet\/wp-json\/wp\/v2\/types\/post"}],"author":[{"embeddable":true,"href":"https:\/\/catolicanet.net\/wp-cnet\/wp-json\/wp\/v2\/users\/11"}],"replies":[{"embeddable":true,"href":"https:\/\/catolicanet.net\/wp-cnet\/wp-json\/wp\/v2\/comments?post=57130"}],"version-history":[{"count":1,"href":"https:\/\/catolicanet.net\/wp-cnet\/wp-json\/wp\/v2\/posts\/57130\/revisions"}],"predecessor-version":[{"id":57131,"href":"https:\/\/catolicanet.net\/wp-cnet\/wp-json\/wp\/v2\/posts\/57130\/revisions\/57131"}],"wp:featuredmedia":[{"embeddable":true,"href":"https:\/\/catolicanet.net\/wp-cnet\/wp-json\/wp\/v2\/media\/55820"}],"wp:attachment":[{"href":"https:\/\/catolicanet.net\/wp-cnet\/wp-json\/wp\/v2\/media?parent=57130"}],"wp:term":[{"taxonomy":"category","embeddable":true,"href":"https:\/\/catolicanet.net\/wp-cnet\/wp-json\/wp\/v2\/categories?post=57130"},{"taxonomy":"post_tag","embeddable":true,"href":"https:\/\/catolicanet.net\/wp-cnet\/wp-json\/wp\/v2\/tags?post=57130"}],"curies":[{"name":"wp","href":"https:\/\/api.w.org\/{rel}","templated":true}]}}