{"id":57105,"date":"2020-02-23T10:35:30","date_gmt":"2020-02-23T13:35:30","guid":{"rendered":"https:\/\/catolicanet.net\/wp-cnet\/?p=57105"},"modified":"2020-02-21T10:38:48","modified_gmt":"2020-02-21T13:38:48","slug":"pe-zezinho-fala-dos-cristaos-que-criticam-o-papa-o-problema-nao-era-jesus","status":"publish","type":"post","link":"https:\/\/catolicanet.net\/wp-cnet\/pe-zezinho-fala-dos-cristaos-que-criticam-o-papa-o-problema-nao-era-jesus\/","title":{"rendered":"Pe. Zezinho fala dos crist\u00e3os que criticam o Papa: \u201cO problema n\u00e3o era Jesus\u201d"},"content":{"rendered":"<h2 class=\"subtitle\" style=\"text-align: justify;\">O sacerdote tra\u00e7a um paralelo entre as cr\u00edticas sofridas por Jesus e pelo Papa Francisco<\/h2>\n<div class=\"base-post-content\" style=\"text-align: justify;\">Em seu <a href=\"https:\/\/www.facebook.com\/padrezezinhoscj\/posts\/1489924701156610\" target=\"_blank\" rel=\"noopener noreferrer\">perfil no Facebook<\/a>, o <strong>pe. Zezinho<\/strong> compartilhou as suas considera\u00e7\u00f5es pessoais sobre as <strong>cr\u00edticas<\/strong> feitas por cat\u00f3licos ao <strong>Papa Francisco<\/strong>. Eis o que pensa o pe. Zezinho:<\/p>\n<h3>O PROBLEMA N\u00c3O ERA JESUS<\/h3>\n<blockquote><p><em>Marcos diz em 8,11-13 que os fariseus desafiaram Jesus a dar-lhes um sinal de que sua miss\u00e3o era divina.<\/em><\/p>\n<p><em>Conhecendo os fariseus que o perseguiam onde fosse, ele sabia que deturpariam qualquer sinal. Diriam que seria um truque e que ele tinha parte com Belzebu, o chefe dos dem\u00f4nios\u2026<\/em><\/p>\n<p><em>Jesus n\u00e3o caiu na conversa. Foi embora sem dar nenhum sinal. Provavelmente os fariseus espalharam que eles venceram e que Jesus perdeu porque n\u00e3o vinha do c\u00e9u!<\/em><\/p>\n<p><em>Hoje em dia, por mais testemunho que algu\u00e9m d\u00ea de que est\u00e1 fazendo o que os evangelhos ensinam, os \u201cinimigos\u201d sempre apontar\u00e3o erros e defeitos. N\u00e3o acreditam e n\u00e3o querem acreditar. E brigar\u00e3o contra quem ousa pregar diferente deles\u2026<\/em><\/p>\n<p><em>Modernos fariseus est\u00e3o fazendo isso com o Papa. Os antigos fariseus diziam que Jesus estava enganando o povo. Os atuais fariseus garantem que o Papa Francisco est\u00e1 enganando os cat\u00f3licos e o mundo!<\/em><\/p>\n<p><em>Nenhum testemunho ou sinal os satisfar\u00e1! J\u00e1 decidiram que esperar\u00e3o o pr\u00f3ximo Papa.<\/em><\/p>\n<p><em>O problema s\u00e3o eles, n\u00e3o o Papa! O problema tamb\u00e9m n\u00e3o era Jesus, mas os fariseus daquele tempo!<\/em><\/p><\/blockquote>\n<\/div>\n","protected":false},"excerpt":{"rendered":"<p>O sacerdote tra\u00e7a um paralelo entre as cr\u00edticas sofridas por Jesus e pelo Papa Francisco Em seu perfil no Facebook, o pe. Zezinho compartilhou as suas considera\u00e7\u00f5es pessoais sobre as cr\u00edticas feitas por cat\u00f3licos ao Papa Francisco. Eis o que pensa o pe. Zezinho: O PROBLEMA N\u00c3O ERA JESUS Marcos diz em 8,11-13 que os [&hellip;]<\/p>\n","protected":false},"author":1,"featured_media":57106,"comment_status":"open","ping_status":"closed","sticky":false,"template":"","format":"standard","meta":{"footnotes":""},"categories":[4,13],"tags":[],"class_list":["post-57105","post","type-post","status-publish","format-standard","has-post-thumbnail","hentry","category-cotidiano","category-featured"],"_links":{"self":[{"href":"https:\/\/catolicanet.net\/wp-cnet\/wp-json\/wp\/v2\/posts\/57105","targetHints":{"allow":["GET"]}}],"collection":[{"href":"https:\/\/catolicanet.net\/wp-cnet\/wp-json\/wp\/v2\/posts"}],"about":[{"href":"https:\/\/catolicanet.net\/wp-cnet\/wp-json\/wp\/v2\/types\/post"}],"author":[{"embeddable":true,"href":"https:\/\/catolicanet.net\/wp-cnet\/wp-json\/wp\/v2\/users\/1"}],"replies":[{"embeddable":true,"href":"https:\/\/catolicanet.net\/wp-cnet\/wp-json\/wp\/v2\/comments?post=57105"}],"version-history":[{"count":1,"href":"https:\/\/catolicanet.net\/wp-cnet\/wp-json\/wp\/v2\/posts\/57105\/revisions"}],"predecessor-version":[{"id":57107,"href":"https:\/\/catolicanet.net\/wp-cnet\/wp-json\/wp\/v2\/posts\/57105\/revisions\/57107"}],"wp:featuredmedia":[{"embeddable":true,"href":"https:\/\/catolicanet.net\/wp-cnet\/wp-json\/wp\/v2\/media\/57106"}],"wp:attachment":[{"href":"https:\/\/catolicanet.net\/wp-cnet\/wp-json\/wp\/v2\/media?parent=57105"}],"wp:term":[{"taxonomy":"category","embeddable":true,"href":"https:\/\/catolicanet.net\/wp-cnet\/wp-json\/wp\/v2\/categories?post=57105"},{"taxonomy":"post_tag","embeddable":true,"href":"https:\/\/catolicanet.net\/wp-cnet\/wp-json\/wp\/v2\/tags?post=57105"}],"curies":[{"name":"wp","href":"https:\/\/api.w.org\/{rel}","templated":true}]}}