{"id":57086,"date":"2020-02-21T09:46:38","date_gmt":"2020-02-21T12:46:38","guid":{"rendered":"https:\/\/catolicanet.net\/wp-cnet\/?p=57086"},"modified":"2020-02-21T09:46:38","modified_gmt":"2020-02-21T12:46:38","slug":"papa-nomeia-novos-membros-para-dicasterios-da-curia-romana","status":"publish","type":"post","link":"https:\/\/catolicanet.net\/wp-cnet\/papa-nomeia-novos-membros-para-dicasterios-da-curia-romana\/","title":{"rendered":"Papa nomeia novos membros para dicast\u00e9rios da C\u00faria Romana"},"content":{"rendered":"<div class=\"article__subTitle\" style=\"text-align: justify;\">Entre os nomeados, o cardeal portugu\u00eas Jos\u00e9 Tolentino Cala\u00e7a de Mendon\u00e7a, Arquivista e Bibliotec\u00e1rio de Santa Romana Igreja, foi nomeado para o Pontif\u00edcio Conselho para a Cultura.<\/div>\n<div class=\"title__separator\" style=\"text-align: justify;\"><\/div>\n<div class=\"article__text\">\n<p style=\"text-align: justify;\"><b>Cidade do Vaticano<\/b><\/p>\n<p style=\"text-align: justify;\">O Santo Padre nomeou nesta sexta-feira, 21, dez cardeais como novos membros dos seguintes Dicast\u00e9rios da C\u00faria Romana:<\/p>\n<p style=\"text-align: justify;\">1) na Congrega\u00e7\u00e3o para as Igrejas Orientais, o cardeal Miguel \u00c1ngel Ayuso Guixot, presidente do Pontif\u00edcio Conselho para o Di\u00e1logo Inter-Religioso (Espanha);<\/p>\n<p style=\"text-align: justify;\">2) na Congrega\u00e7\u00e3o para a Evangeliza\u00e7\u00e3o dos Povos, os cardeais Ignatius Suharyo Hardjoatmodjo, arcebispo de Jacarta (Indon\u00e9sia) e Michael Czerny, subsecret\u00e1rio do Dicast\u00e9rio para o Servi\u00e7o do Desenvolvimento Humano Integral (Rep\u00fablica Tcheca);<\/p>\n<p style=\"text-align: justify;\">3) na Congrega\u00e7\u00e3o para o Clero, o cardeal Juan de la Caridad Garc\u00eda Rodr\u00edguez, arcebispo de San Crist\u00f3bal de La Habana (Cuba);<\/p>\n<p style=\"text-align: justify;\">4) na Congrega\u00e7\u00e3o para os Institutos de Vida Consagrada e as Sociedades de Vida Apost\u00f3lica, o cardeal Fridolin Ambongo Besungu, arcebispo de Kinshasa (Rep\u00fablica Democr\u00e1tica do Congo);<\/p>\n<p style=\"text-align: justify;\">5) no Dicast\u00e9rio para os Leigos, a Fam\u00edlia e a Vida, o cardeal \u00c1lvaro Leonel Ramazzini Imeri, bispo de Huehuetenango (Guatemala);<\/p>\n<p style=\"text-align: justify;\">6) no Dicast\u00e9rio para o Servi\u00e7o do Desenvolvimento Humano Integral, o cardeal Matteo Maria Zuppi, arcebispo de Bolonha (It\u00e1lia);<\/p>\n<p style=\"text-align: justify;\">7) no Pontif\u00edcio Conselho para o Di\u00e1logo Inter-Religioso, o cardeal Crist\u00f3bal L\u00f3pez Romero, arcebispo de Rabat (Marrocos);<\/p>\n<p style=\"text-align: justify;\">8) no Pontif\u00edcio Conselho para a Cultura, os cardeais <b>Jos\u00e9 Tolentino Cala\u00e7a de Mendon\u00e7a<\/b>, Arquivista e Bibliotec\u00e1rio de Santa Romana Igreja (Portugal) e Jean-Claude Hollerich, arcebispo do Luxemburgo (Luxemburgo).<\/p>\n<\/div>\n","protected":false},"excerpt":{"rendered":"<p>Entre os nomeados, o cardeal portugu\u00eas Jos\u00e9 Tolentino Cala\u00e7a de Mendon\u00e7a, Arquivista e Bibliotec\u00e1rio de Santa Romana Igreja, foi nomeado para o Pontif\u00edcio Conselho para a Cultura. Cidade do Vaticano O Santo Padre nomeou nesta sexta-feira, 21, dez cardeais como novos membros dos seguintes Dicast\u00e9rios da C\u00faria Romana: 1) na Congrega\u00e7\u00e3o para as Igrejas Orientais, [&hellip;]<\/p>\n","protected":false},"author":1,"featured_media":57087,"comment_status":"open","ping_status":"closed","sticky":false,"template":"","format":"standard","meta":{"footnotes":""},"categories":[3],"tags":[],"class_list":["post-57086","post","type-post","status-publish","format-standard","has-post-thumbnail","hentry","category-vaticano"],"_links":{"self":[{"href":"https:\/\/catolicanet.net\/wp-cnet\/wp-json\/wp\/v2\/posts\/57086","targetHints":{"allow":["GET"]}}],"collection":[{"href":"https:\/\/catolicanet.net\/wp-cnet\/wp-json\/wp\/v2\/posts"}],"about":[{"href":"https:\/\/catolicanet.net\/wp-cnet\/wp-json\/wp\/v2\/types\/post"}],"author":[{"embeddable":true,"href":"https:\/\/catolicanet.net\/wp-cnet\/wp-json\/wp\/v2\/users\/1"}],"replies":[{"embeddable":true,"href":"https:\/\/catolicanet.net\/wp-cnet\/wp-json\/wp\/v2\/comments?post=57086"}],"version-history":[{"count":1,"href":"https:\/\/catolicanet.net\/wp-cnet\/wp-json\/wp\/v2\/posts\/57086\/revisions"}],"predecessor-version":[{"id":57088,"href":"https:\/\/catolicanet.net\/wp-cnet\/wp-json\/wp\/v2\/posts\/57086\/revisions\/57088"}],"wp:featuredmedia":[{"embeddable":true,"href":"https:\/\/catolicanet.net\/wp-cnet\/wp-json\/wp\/v2\/media\/57087"}],"wp:attachment":[{"href":"https:\/\/catolicanet.net\/wp-cnet\/wp-json\/wp\/v2\/media?parent=57086"}],"wp:term":[{"taxonomy":"category","embeddable":true,"href":"https:\/\/catolicanet.net\/wp-cnet\/wp-json\/wp\/v2\/categories?post=57086"},{"taxonomy":"post_tag","embeddable":true,"href":"https:\/\/catolicanet.net\/wp-cnet\/wp-json\/wp\/v2\/tags?post=57086"}],"curies":[{"name":"wp","href":"https:\/\/api.w.org\/{rel}","templated":true}]}}