{"id":57082,"date":"2020-02-21T09:43:22","date_gmt":"2020-02-21T12:43:22","guid":{"rendered":"https:\/\/catolicanet.net\/wp-cnet\/?p=57082"},"modified":"2020-02-21T09:43:22","modified_gmt":"2020-02-21T12:43:22","slug":"papa-a-ortodoxos-acolher-como-dom-para-nos-o-que-o-espirito-semeou-no-outro","status":"publish","type":"post","link":"https:\/\/catolicanet.net\/wp-cnet\/papa-a-ortodoxos-acolher-como-dom-para-nos-o-que-o-espirito-semeou-no-outro\/","title":{"rendered":"Papa a ortodoxos: acolher como dom para n\u00f3s o que o Esp\u00edrito semeou no outro"},"content":{"rendered":"<div class=\"article__subTitle\" style=\"text-align: justify;\">\u201cA visita de voc\u00eas n\u00e3o \u00e9 somente ocasi\u00e3o para aprofundar o conhecimento da Igreja cat\u00f3lica, mas \u00e9 tamb\u00e9m para n\u00f3s cat\u00f3licos uma oportunidade para acolher o dom do Espirito que est\u00e1 em voc\u00eas. A presen\u00e7a de voc\u00eas nos permite essa troca de dons e \u00e9 motivo de alegria\u201d, disse o Papa esta sexta-feira (21\/02) a uma delega\u00e7\u00e3o de sacerdotes e monges das Igrejas ortodoxas orientais<\/div>\n<div class=\"title__separator\" style=\"text-align: justify;\"><\/div>\n<div class=\"article__text\">\n<p style=\"text-align: justify;\"><b>Raimundo de Lima &#8211; Cidade do Vaticano<\/b><\/p>\n<p style=\"text-align: justify;\">O Santo Padre concluiu sua s\u00e9rie de audi\u00eancias esta sexta-feira (21\/02) recebendo \u00e0s 12h20 locais, na Sala dos Papas, no Vaticano, uma delega\u00e7\u00e3o de jovens sacerdotes e monges das Igrejas ortodoxas orientais, em Roma estes dias numa visita de estudo.<\/p>\n<p style=\"text-align: justify;\">Ao dar as boas-vindas, o Pont\u00edfice manifestou sua alegria pela visita e dirigiu, atrav\u00e9s dos presentes, uma sauda\u00e7\u00e3o particular a seus \u201cvener\u00e1veis e queridos Irm\u00e3os, Chefes das Igrejas ortodoxas orientais.<\/p>\n<p style=\"text-align: justify;\">Francisco ressaltou que uma visita \u00e9 sempre uma troca de dons. Quando a M\u00e3e de Deus visitou Isabel, partilhou com ela a alegria pelo dom que tinha recebido de Deus. \u201cE Isabel, acolhendo a sauda\u00e7\u00e3o de Maria que lhe fez saltar o menino em seu ventre, ficou repleta do dom do Esp\u00edrito Santo e concedeu \u00e0 prima a sua b\u00ean\u00e7\u00e3o\u201d, ressaltou.<\/p>\n<h2 style=\"text-align: justify;\">Partilhar os dons do Esp\u00edrito Santo<\/h2>\n<p style=\"text-align: justify;\">\u201cComo Maria e Isabel, as Igrejas trazem em si v\u00e1rios dons do Esp\u00edrito \u2013 disse \u2013, a partilhar pela alegria e o bem rec\u00edprocos. Desse modo, quando n\u00f3s crist\u00e3os de diferentes Igrejas nos visitamos, encontrando-nos no amor do Senhor, temos a gra\u00e7a de partilhar esses dons.\u201d<\/p>\n<p style=\"text-align: justify;\"><i>\u201cQue possamos acolher o que o Esp\u00edrito semeou no outro como um dom para n\u00f3s. Nesse sentido, a visita de voc\u00eas n\u00e3o \u00e9 somente uma ocasi\u00e3o para aprofundar o conhecimento da Igreja cat\u00f3lica, mas \u00e9 tamb\u00e9m para n\u00f3s cat\u00f3licos uma oportunidade para acolher o dom do Espirito que est\u00e1 em voc\u00eas. A presen\u00e7a de voc\u00eas nos permite essa troca de dons e \u00e9 motivo de alegria\u201d<\/i><\/p>\n<h2 style=\"text-align: justify;\">Igrejas que marcaram no sangue a f\u00e9 em Cristo<\/h2>\n<p style=\"text-align: justify;\">Citando o ap\u00f3stolo Paulo, o Papa disse tamb\u00e9m ele agradecer a Deus pela gra\u00e7a concedida aos sacerdotes e monges da delega\u00e7\u00e3o em visita. \u201cTudo parte da\u00ed, do ver a gra\u00e7a, do reconhecer a obra gratuita de Deus, do crer que Ele \u00e9 o protagonista do bem que est\u00e1 em n\u00f3s.\u201d Esta \u00e9 beleza do olhar crist\u00e3o sobre a vida. E \u00e9 tamb\u00e9m a perspectiva na qual acolher o irm\u00e3o, como o Ap\u00f3stolo Paulo ensina, disse ainda, acrescentando:<\/p>\n<p style=\"text-align: justify;\"><i>\u201cPortanto, sou grato por voc\u00eas, pela gra\u00e7a que acolheram na vida e em suas tradi\u00e7\u00f5es, pelo sim do sacerd\u00f3cio de voc\u00eas e da vida mon\u00e1stica, pelo testemunho dado pelas v\u00e1rias Igrejas ortodoxas orientais, Igrejas que marcaram no sangue a f\u00e9 em Cristo e que continuam sendo sementes de f\u00e9 e de esperan\u00e7a tamb\u00e9m em regi\u00f5es marcadas, infelizmente, pela viol\u00eancia e pela guerra.\u201d<\/i><\/p>\n<h2 style=\"text-align: justify;\">N\u00e3o h\u00f3spedes, mas irm\u00e3os<\/h2>\n<p style=\"text-align: justify;\">Antes de despedir-se, o Santo Padre fez votos de que eles tivessem tido uma experi\u00eancia positiva da Igreja cat\u00f3lica e da cidade de Roma e que tenham se sentido n\u00e3o h\u00f3spedes, mas irm\u00e3os.<\/p>\n<div>\n<div class=\"article__embed article__embed--border embed_style\">\n<blockquote><p>\u201cO Senhor encontra contentamento nisso, na fraternidade entre n\u00f3s. Que a visita de voc\u00eas, e as que com a ajuda de Deus poder\u00e3o se seguir, possam agradar e dar gl\u00f3ria ao Senhor! Que a presen\u00e7a de voc\u00eas se torne uma pequena semente fecunda para fazer germinar a comunh\u00e3o vis\u00edvel entre n\u00f3s, aquela unidade plena que Jesus deseja ardentemente.\u201d<\/p><\/blockquote>\n<\/div>\n<\/div>\n<p>Francisco concluiu renovando seu cordial agradecimento pela visita, assegurando suas ora\u00e7\u00f5es por eles, confiando tamb\u00e9m as ora\u00e7\u00f5es deles para si e seu minist\u00e9rio. Por fim, convidou-os a rezar juntos, cada um na pr\u00f3pria l\u00edngua, o Pai-Nosso.<\/p>\n<\/div>\n","protected":false},"excerpt":{"rendered":"<p>\u201cA visita de voc\u00eas n\u00e3o \u00e9 somente ocasi\u00e3o para aprofundar o conhecimento da Igreja cat\u00f3lica, mas \u00e9 tamb\u00e9m para n\u00f3s cat\u00f3licos uma oportunidade para acolher o dom do Espirito que est\u00e1 em voc\u00eas. A presen\u00e7a de voc\u00eas nos permite essa troca de dons e \u00e9 motivo de alegria\u201d, disse o Papa esta sexta-feira (21\/02) a [&hellip;]<\/p>\n","protected":false},"author":1,"featured_media":57083,"comment_status":"open","ping_status":"closed","sticky":false,"template":"","format":"standard","meta":{"footnotes":""},"categories":[13,3],"tags":[],"class_list":["post-57082","post","type-post","status-publish","format-standard","has-post-thumbnail","hentry","category-featured","category-vaticano"],"_links":{"self":[{"href":"https:\/\/catolicanet.net\/wp-cnet\/wp-json\/wp\/v2\/posts\/57082","targetHints":{"allow":["GET"]}}],"collection":[{"href":"https:\/\/catolicanet.net\/wp-cnet\/wp-json\/wp\/v2\/posts"}],"about":[{"href":"https:\/\/catolicanet.net\/wp-cnet\/wp-json\/wp\/v2\/types\/post"}],"author":[{"embeddable":true,"href":"https:\/\/catolicanet.net\/wp-cnet\/wp-json\/wp\/v2\/users\/1"}],"replies":[{"embeddable":true,"href":"https:\/\/catolicanet.net\/wp-cnet\/wp-json\/wp\/v2\/comments?post=57082"}],"version-history":[{"count":1,"href":"https:\/\/catolicanet.net\/wp-cnet\/wp-json\/wp\/v2\/posts\/57082\/revisions"}],"predecessor-version":[{"id":57084,"href":"https:\/\/catolicanet.net\/wp-cnet\/wp-json\/wp\/v2\/posts\/57082\/revisions\/57084"}],"wp:featuredmedia":[{"embeddable":true,"href":"https:\/\/catolicanet.net\/wp-cnet\/wp-json\/wp\/v2\/media\/57083"}],"wp:attachment":[{"href":"https:\/\/catolicanet.net\/wp-cnet\/wp-json\/wp\/v2\/media?parent=57082"}],"wp:term":[{"taxonomy":"category","embeddable":true,"href":"https:\/\/catolicanet.net\/wp-cnet\/wp-json\/wp\/v2\/categories?post=57082"},{"taxonomy":"post_tag","embeddable":true,"href":"https:\/\/catolicanet.net\/wp-cnet\/wp-json\/wp\/v2\/tags?post=57082"}],"curies":[{"name":"wp","href":"https:\/\/api.w.org\/{rel}","templated":true}]}}